{"id":30867825,"date":"2021-07-23T15:03:17","date_gmt":"2021-07-23T13:03:17","guid":{"rendered":"https:\/\/www.upo.es\/diario\/?p=30867825"},"modified":"2021-07-23T15:03:17","modified_gmt":"2021-07-23T13:03:17","slug":"estudiantes-de-los-cursos-de-verano-se-adentraran-en-las-minas-romanas-de-agua-de-carmona","status":"publish","type":"post","link":"https:\/\/www.upo.es\/diario\/cursos-verano\/2021\/07\/estudiantes-de-los-cursos-de-verano-se-adentraran-en-las-minas-romanas-de-agua-de-carmona\/","title":{"rendered":"Estudiantes de los cursos de verano se adentrar\u00e1n en las minas romanas de agua de Carmona"},"content":{"rendered":"<p><strong><a href=\"https:\/\/www.upo.es\/diario\/wp-content\/uploads\/2021\/07\/Espeleoarqueologia-1-scaled.jpg\"><img loading=\"lazy\" decoding=\"async\" class=\"alignright size-medium wp-image-30867827\" src=\"https:\/\/www.upo.es\/diario\/wp-content\/uploads\/2021\/07\/Espeleoarqueologia-1-270x360.jpg\" alt=\"practicantes de espeleoarqueolog\u00eda\" width=\"270\" height=\"360\" srcset=\"https:\/\/www.upo.es\/diario\/wp-content\/uploads\/2021\/07\/Espeleoarqueologia-1-270x360.jpg 270w, https:\/\/www.upo.es\/diario\/wp-content\/uploads\/2021\/07\/Espeleoarqueologia-1-563x750.jpg 563w, https:\/\/www.upo.es\/diario\/wp-content\/uploads\/2021\/07\/Espeleoarqueologia-1-768x1024.jpg 768w, https:\/\/www.upo.es\/diario\/wp-content\/uploads\/2021\/07\/Espeleoarqueologia-1-600x800.jpg 600w, https:\/\/www.upo.es\/diario\/wp-content\/uploads\/2021\/07\/Espeleoarqueologia-1-1152x1536.jpg 1152w, https:\/\/www.upo.es\/diario\/wp-content\/uploads\/2021\/07\/Espeleoarqueologia-1-1536x2048.jpg 1536w, https:\/\/www.upo.es\/diario\/wp-content\/uploads\/2021\/07\/Espeleoarqueologia-1-1320x1760.jpg 1320w, https:\/\/www.upo.es\/diario\/wp-content\/uploads\/2021\/07\/Espeleoarqueologia-1-scaled.jpg 1920w\" sizes=\"auto, (max-width: 270px) 100vw, 270px\" \/><\/a>La sede de la Universidad Pablo de Olavide en Carmona acoge el lunes la celebraci\u00f3n de cuatro nuevos cursos de verano:<\/strong> \u2018Introducci\u00f3n a la Espeleoarqueolog\u00eda aplicada: el estudio de las minas de agua. 2\u00aa edici\u00f3n\u2019 (modalidad presencial); \u2018Neuroeducaci\u00f3n, mindfulness y conflicto en el aula. Una aproximaci\u00f3n desde el enfoque sist\u00e9mico. 4\u00aa edici\u00f3n\u2019 (presencial y <em>online<\/em>); \u2018Taller de herramientas para poner en marcha tu proyecto cultural\u2019 (presencial y <em>online<\/em>) y \u2018Sexualidad (es) e intervenci\u00f3n socio-educativa. M\u00e1s all\u00e1 de la prevenci\u00f3n. 2\u00aa edici\u00f3n\u2019 (presencial y <em>online<\/em>).<\/p>\n<p>El curso <strong>\u2018Introducci\u00f3n a la Espeleoarqueolog\u00eda aplicada: el estudio de las minas de agua. 2\u00aa edici\u00f3n\u2019<\/strong> tiene prevista su inauguraci\u00f3n el lunes a las 10,30 horas en la casa palacio de los Briones y, en el transcurso de la jornada, se abordar\u00e1n temas como la Espeleoarqueolog\u00eda y las experiencias en Carmona, el patrimonio natural y antr\u00f3pico en el subsuelo de los Alcores, la metodolog\u00eda y registro en espacios subterr\u00e1neos y las t\u00e9cnicas y equipos espeleol\u00f3gicos.<\/p>\n<p>Dicho seminario est\u00e1 dirigido por Juan Manuel Rom\u00e1n Rodr\u00edguez, arque\u00f3logo del Museo de la Ciudad de Carmona y Jos\u00e9 Mill\u00e1n Naranjo, espele\u00f3logo y presidente de la Asociaci\u00f3n Andaluza de Exploraciones Subterr\u00e1neas. Las exploraciones realizadas durante los \u00faltimos a\u00f1os han sacado a la luz una importante red de minas romanas existentes bajo el subsuelo de Carmona, que tuvieron como fin la captaci\u00f3n de las aguas subterr\u00e1neas. Los alumnos aprender\u00e1n la metodolog\u00eda dise\u00f1ada espec\u00edficamente para estos estudios y realizar\u00e1n pr\u00e1cticas, tanto de progresi\u00f3n vertical en cuerda, como de exploraci\u00f3n en el interior de estas minas.<\/p>\n<p>Por su parte, el curso<strong> \u2018Neuroeducaci\u00f3n, mindfulness y conflicto en el aula. Una aproximaci\u00f3n desde el enfoque sist\u00e9mico. 4\u00aa edici\u00f3n\u2019<\/strong>, abordar\u00e1 el fen\u00f3meno del acoso y conflicto en el aula desde el aporte de la Neurociencia para dar herramientas pr\u00e1cticas a trav\u00e9s del uso de la metodolog\u00eda de equipos reflexivos, el enfoque sist\u00e9mico y el Mindfulness como enfoque de cambio de la base cognitiva y relacional del alumnado. Dicho seminario est\u00e1 dirigido por Rafael Nieto Rivera, psic\u00f3logo y especialista en Neuroeducaci\u00f3n.<\/p>\n<p>El lunes empezar\u00e1 a las 11 horas con la conferencia: \u201cEducaci\u00f3n emocional de vanguardia. Hacia una nueva teor\u00eda de la Neuroeducaci\u00f3n y el Mindfulness\u201d, a cargo de Rafael Nieto, mientras que a las 16 horas tendr\u00e1 lugar el taller \u201cApego y autorregulaci\u00f3n emocional\u201d, que ser\u00e1 impartido por la psic\u00f3loga Mercedes Laboisse Rodr\u00edguez. Para finalizar el d\u00eda, a las 18 horas se realizar\u00e1 el taller \u201cApego y triangulaci\u00f3n. Escuela, familia y alumnado\u201d, que desarrollar\u00e1 Rafael Nieto.<\/p>\n<p>Otro de los seminarios que comienza el lunes,<strong> \u2018Taller de herramientas para poner en marcha tu proyecto cultural\u2019<\/strong>, est\u00e1 dirigido por Salvador Garc\u00eda Garc\u00eda, director de la Unidad de Formaci\u00f3n e Industrias Culturales y Creativas de la Agencia Andaluza de Instituciones Culturales. En el mismo se trabajar\u00e1 de manera pr\u00e1ctica c\u00f3mo hacer uso de nuevas herramientas y metodolog\u00edas centradas en la innovaci\u00f3n a la hora de proponer un nuevo proyecto cultural y hacer que sean viables y est\u00e9n sustentadas en un modelo de negocio centrado en usuarios\/clientes de productos y servicios culturales.<\/p>\n<p>A trav\u00e9s de conferencias y talleres se articular\u00e1 esta formaci\u00f3n que comenzar\u00e1 a las 10,30 horas con la conferencia \u201cLa cultura hecha profesi\u00f3n: radiograf\u00eda del entorno de los profesionales y los proyectos culturales\u201d, que impartir\u00e1 Rafael Morales Astola, presidente de la Asociaci\u00f3n Andaluza de Gestores Culturales y Salvador Garc\u00eda.<\/p>\n<p>A las 11,30 horas, Adri\u00e1n Y\u00e1\u00f1ez Romero, gerente de la Asociaci\u00f3n de Gestores Culturales de Andaluc\u00eda, abordar\u00e1 en una ponencia el \u201cEcosistema de la gesti\u00f3n cultural\u201d, a la que proseguir\u00e1 otra charla denominada \u201c\u00bfPor d\u00f3nde empezar?. Innovaci\u00f3n en la gesti\u00f3n cultural\u201d, que estar\u00e1 a cargo de Francisco Miguel L\u00f3pez Hidalgo, coordinador de la Unidad de Formaci\u00f3n e Industrias Culturales y Creativas de la Agencia Andaluza de Instituciones Culturales.<\/p>\n<p>Para finalizar la primera jornada del curso, a las 16,00 horas se celebrar\u00e1 el taller \u201cHerramientas para tu proyecto cultural: Design Thinking y modelo Canvas\u201d, en el que participar\u00e1n Adri\u00e1n Y\u00e1\u00f1ez y Francisco Miguel L\u00f3pez.<\/p>\n<p>Por \u00faltimo, el curso<strong> \u2018Sexualidad (es) e intervenci\u00f3n socio-educativa. M\u00e1s all\u00e1 de la prevenci\u00f3n. 2\u00aa edici\u00f3n\u2019<\/strong>, dirigido por el profesor del Departamento de Trabajo Social y Servicios Sociales de la UPO Juan Blanco L\u00f3pez, tiene como principal objetivo proporcionar un nuevo marco de comprensi\u00f3n a trav\u00e9s del que los participantes puedan dise\u00f1ar y desarrollar l\u00edneas de actuaci\u00f3n que faciliten el conocimiento, la aceptaci\u00f3n y la expresi\u00f3n de los peculiares modos de ser sexuados de las personas destinatarias de sus acciones.<\/p>\n<p>En la inauguraci\u00f3n de este seminario, a las 10,00 horas, participar\u00e1n el director del mismo y la asesora de programas del Instituto Andaluz de la Mujer en Sevilla, Marta G\u00f3mez S\u00e1nchez.<\/p>\n<p>A las 10\u201930 comenzar\u00e1 la primera de las ponencias: \u201cSexualidad(es) y ciudadan\u00eda: pivotando entre pr\u00e1cticas e identidades\u201d, que desarrollar\u00e1 Juan Blanco, mientras que a las 11\u201930 se celebrar\u00e1 la \u201cPonencia marco\u201d, que impartir\u00e1 Marcos Sanz Ag\u00fcero, profesor de Sociolog\u00eda de la Sexualidad en los estudios de postgrado del Instituto de Sexolog\u00eda Incisex (Madrid). Para acabar la jornada, a las 16\u201900 horas, se llevar\u00e1 a cabo el taller: \u201cLa construcci\u00f3n biogr\u00e1fica de la identidad sexuada y sus implicaciones en la intervenci\u00f3n social y educativa\u201d, que pondr\u00e1 en marcha Ignacio L\u00f3pez Mart\u00edn, socio fundador de Insex (Iniciativa Sexol\u00f3gica y Acci\u00f3n Social, Sociedad Cooperativa Andaluza de Inter\u00e9s Social).<\/p>\n<p><strong>Programas de los cursos de verano:<\/strong><\/p>\n<ul>\n<li><a href=\"https:\/\/www.upo.es\/cms1\/export\/sites\/upo\/olavideencarmona\/documentos\/2021\/2021cc37.pdf\">\u2018Introducci\u00f3n a la Espeleoarqueolog\u00eda aplicada: el estudio de las minas de agua. 2\u00aa edici\u00f3n\u2019<\/a><\/li>\n<li><a href=\"https:\/\/www.upo.es\/cms1\/export\/sites\/upo\/olavideencarmona\/documentos\/2021\/2021cc38.pdf\">\u2018Neuroeducaci\u00f3n, mindfulness y conflicto en el aula. Una aproximaci\u00f3n desde el enfoque sist\u00e9mico. 4\u00aa edici\u00f3n\u2019<\/a><\/li>\n<li><a href=\"https:\/\/www.upo.es\/cms1\/export\/sites\/upo\/olavideencarmona\/documentos\/2021\/2021cc39.pdf\">\u2018Taller de herramientas para poner en marcha tu proyecto cultural\u2019<\/a><\/li>\n<li><a href=\"https:\/\/www.upo.es\/cms1\/export\/sites\/upo\/olavideencarmona\/documentos\/2021\/2021cc40.pdf\">\u2018Sexualidad (es) e intervenci\u00f3n socio-educativa. M\u00e1s all\u00e1 de la prevenci\u00f3n. 2\u00aa edici\u00f3n\u2019<\/a><\/li>\n<\/ul>\n","protected":false},"excerpt":{"rendered":"<p>La sede de la Universidad Pablo de Olavide en Carmona acoge el lunes la celebraci\u00f3n de cuatro nuevos cursos de verano: \u2018Introducci\u00f3n a la Espeleoarqueolog\u00eda aplicada: el estudio de las minas de agua. 2\u00aa edici\u00f3n\u2019 (modalidad presencial); \u2018Neuroeducaci\u00f3n, mindfulness y conflicto en el aula. Una aproximaci\u00f3n desde el enfoque sist\u00e9mico. 4\u00aa edici\u00f3n\u2019 (presencial y online); \u2018Taller de herramientas para poner en marcha tu proyecto cultural\u2019 (presencial y online) y \u2018Sexualidad (es) e intervenci\u00f3n socio-educativa. M\u00e1s all\u00e1 de la prevenci\u00f3n. 2\u00aa edici\u00f3n\u2019 (presencial y online).<\/p>\n","protected":false},"author":6,"featured_media":30867827,"comment_status":"closed","ping_status":"open","sticky":false,"template":"","format":"standard","meta":{"_monsterinsights_skip_tracking":false,"_monsterinsights_sitenote_active":false,"_monsterinsights_sitenote_note":"","_monsterinsights_sitenote_category":0,"footnotes":""},"categories":[729],"tags":[128,23,22,4360,4205,4204,519,208],"class_list":["post-30867825","post","type-post","status-publish","format-standard","has-post-thumbnail","hentry","category-cursos-verano","tag-arqueologia","tag-carmona","tag-cursos-de-verano","tag-gestion-cultural","tag-mindfulness","tag-neuroeducacion","tag-olavide-en-carmona","tag-sexualidad"],"_links":{"self":[{"href":"https:\/\/www.upo.es\/diario\/wp-json\/wp\/v2\/posts\/30867825","targetHints":{"allow":["GET"]}}],"collection":[{"href":"https:\/\/www.upo.es\/diario\/wp-json\/wp\/v2\/posts"}],"about":[{"href":"https:\/\/www.upo.es\/diario\/wp-json\/wp\/v2\/types\/post"}],"author":[{"embeddable":true,"href":"https:\/\/www.upo.es\/diario\/wp-json\/wp\/v2\/users\/6"}],"replies":[{"embeddable":true,"href":"https:\/\/www.upo.es\/diario\/wp-json\/wp\/v2\/comments?post=30867825"}],"version-history":[{"count":2,"href":"https:\/\/www.upo.es\/diario\/wp-json\/wp\/v2\/posts\/30867825\/revisions"}],"predecessor-version":[{"id":30867828,"href":"https:\/\/www.upo.es\/diario\/wp-json\/wp\/v2\/posts\/30867825\/revisions\/30867828"}],"wp:featuredmedia":[{"embeddable":true,"href":"https:\/\/www.upo.es\/diario\/wp-json\/wp\/v2\/media\/30867827"}],"wp:attachment":[{"href":"https:\/\/www.upo.es\/diario\/wp-json\/wp\/v2\/media?parent=30867825"}],"wp:term":[{"taxonomy":"category","embeddable":true,"href":"https:\/\/www.upo.es\/diario\/wp-json\/wp\/v2\/categories?post=30867825"},{"taxonomy":"post_tag","embeddable":true,"href":"https:\/\/www.upo.es\/diario\/wp-json\/wp\/v2\/tags?post=30867825"}],"curies":[{"name":"wp","href":"https:\/\/api.w.org\/{rel}","templated":true}]}}