{"id":30867898,"date":"2021-07-26T12:39:04","date_gmt":"2021-07-26T10:39:04","guid":{"rendered":"https:\/\/www.upo.es\/diario\/?p=30867898"},"modified":"2021-07-26T12:39:04","modified_gmt":"2021-07-26T10:39:04","slug":"la-fundacion-de-municipios-pablo-de-olavide-convoca-el-premio-extraordinario-de-bachillerato-pablo-de-olavide","status":"publish","type":"post","link":"https:\/\/www.upo.es\/diario\/institucional\/2021\/07\/la-fundacion-de-municipios-pablo-de-olavide-convoca-el-premio-extraordinario-de-bachillerato-pablo-de-olavide\/","title":{"rendered":"La Fundaci\u00f3n de Municipios Pablo de Olavide convoca el Premio Extraordinario de Bachillerato \u2018Pablo de Olavide\u2019"},"content":{"rendered":"<p><a href=\"https:\/\/www.upo.es\/diario\/wp-content\/uploads\/2021\/07\/pablodeolavide.jpg\"><img loading=\"lazy\" decoding=\"async\" class=\"size-medium wp-image-30867900 alignright\" src=\"https:\/\/www.upo.es\/diario\/wp-content\/uploads\/2021\/07\/pablodeolavide-360x252.jpg\" alt=\"Imagen de Pablo de Olavide en el campus de la UPO\" width=\"360\" height=\"252\" srcset=\"https:\/\/www.upo.es\/diario\/wp-content\/uploads\/2021\/07\/pablodeolavide-360x252.jpg 360w, https:\/\/www.upo.es\/diario\/wp-content\/uploads\/2021\/07\/pablodeolavide-750x525.jpg 750w, https:\/\/www.upo.es\/diario\/wp-content\/uploads\/2021\/07\/pablodeolavide-768x538.jpg 768w, https:\/\/www.upo.es\/diario\/wp-content\/uploads\/2021\/07\/pablodeolavide-600x420.jpg 600w, https:\/\/www.upo.es\/diario\/wp-content\/uploads\/2021\/07\/pablodeolavide-1536x1076.jpg 1536w, https:\/\/www.upo.es\/diario\/wp-content\/uploads\/2021\/07\/pablodeolavide-1320x924.jpg 1320w, https:\/\/www.upo.es\/diario\/wp-content\/uploads\/2021\/07\/pablodeolavide.jpg 1595w\" sizes=\"auto, (max-width: 360px) 100vw, 360px\" \/><\/a>La <strong>Fundaci\u00f3n de Municipios Pablo de Olavide<\/strong> convoca una nueva edici\u00f3n del <strong>Premio Extraordinario de Bachillerato Pablo de Olavide 2020\/2021<\/strong>. Este premio busca reconocer los m\u00e9ritos de los alumnos que cursan Bachillerato con excelente rendimiento acad\u00e9mico en cada uno de los municipios pertenecientes a su patronato y tiene car\u00e1cter anual.<\/p>\n<p>Se conceder\u00e1n un m\u00e1ximo de<strong> 19 premios que consisten en un diploma acreditativo, una ayuda de 600 euros y el pago de la matr\u00edcula del primer curso de cualquier titulaci\u00f3n de la Universidad Pablo de Olavide<\/strong>, as\u00ed como el derecho a disfrutar de una beca de alojamiento durante el primer curso acad\u00e9mico en la Residencia Universitaria Flora Trist\u00e1n.<\/p>\n<p>Podr\u00e1n optar a este premio los alumnos que hayan finalizado sus estudios de Bachillerato <strong>en los municipios de Aldeaquemada, Arquillos, Baeza, Ca\u00f1ada Rosal, Carboneros, Dos Hermanas, Fuente Carreteros, Fuente Palmera, Guarrom\u00e1n, La Carlota, La Carolina, La Luisiana, Montiz\u00f3n, Prado del Rey, Santa Elena, San Sebasti\u00e1n de los Ballesteros y Sevilla<\/strong>.<\/p>\n<p>Los alumnos interesados en participar tendr\u00e1n que remitir su solicitud de participaci\u00f3n a su ayuntamiento (Anexo I) <strong>antes del 30 de septiembre<\/strong>. Posteriormente cada uno de los ayuntamientos deber\u00e1 enviar a la Fundaci\u00f3n de Municipios el candidato con mejor expediente (Anexo II), baremado seg\u00fan la nota obtenida en los dos cursos de Bachillerato y presentando el certificado de calificaciones y nota media expedida por el centro y fotocopia compulsada del DNI.<\/p>\n<p>La entrega de premios se realizar\u00e1 a finales de 2021 en un acto que contar\u00e1 con la presencia de los premiados as\u00ed representantes y autoridades de todos los municipios que forman la Fundaci\u00f3n y de la Universidad Pablo de Olavide.<\/p>\n<p>Para m\u00e1s informaci\u00f3n puede consultarse <a href=\"https:\/\/www.upo.es\/fundaciones\/fundacion-de-municipios\/premios-extraordinarios-de-bachillerato\/\">www.upo.es\/fundaciones\/fundacion-de-municipios\/premios-extraordinarios-de-bachillerato<\/a><\/p>\n","protected":false},"excerpt":{"rendered":"<p>La Fundaci\u00f3n de Municipios Pablo de Olavide convoca una nueva edici\u00f3n del Premio Extraordinario de Bachillerato Pablo de Olavide 2020\/2021. Este premio busca reconocer los m\u00e9ritos de los alumnos que cursan Bachillerato con excelente rendimiento acad\u00e9mico en cada uno de los municipios pertenecientes a su patronato y tiene car\u00e1cter anual.<\/p>\n","protected":false},"author":6,"featured_media":30867900,"comment_status":"closed","ping_status":"open","sticky":false,"template":"","format":"standard","meta":{"_monsterinsights_skip_tracking":false,"_monsterinsights_sitenote_active":false,"_monsterinsights_sitenote_note":"","_monsterinsights_sitenote_category":0,"footnotes":""},"categories":[6],"tags":[644,3621,1655,58,5092],"class_list":["post-30867898","post","type-post","status-publish","format-standard","has-post-thumbnail","hentry","category-institucional","tag-bachillerato","tag-fundacion-de-municipios-pablo-de-olavide","tag-pablo-de-olavide","tag-premio","tag-premio-extraordinario-de-bachillerato"],"_links":{"self":[{"href":"https:\/\/www.upo.es\/diario\/wp-json\/wp\/v2\/posts\/30867898","targetHints":{"allow":["GET"]}}],"collection":[{"href":"https:\/\/www.upo.es\/diario\/wp-json\/wp\/v2\/posts"}],"about":[{"href":"https:\/\/www.upo.es\/diario\/wp-json\/wp\/v2\/types\/post"}],"author":[{"embeddable":true,"href":"https:\/\/www.upo.es\/diario\/wp-json\/wp\/v2\/users\/6"}],"replies":[{"embeddable":true,"href":"https:\/\/www.upo.es\/diario\/wp-json\/wp\/v2\/comments?post=30867898"}],"version-history":[{"count":2,"href":"https:\/\/www.upo.es\/diario\/wp-json\/wp\/v2\/posts\/30867898\/revisions"}],"predecessor-version":[{"id":30867901,"href":"https:\/\/www.upo.es\/diario\/wp-json\/wp\/v2\/posts\/30867898\/revisions\/30867901"}],"wp:featuredmedia":[{"embeddable":true,"href":"https:\/\/www.upo.es\/diario\/wp-json\/wp\/v2\/media\/30867900"}],"wp:attachment":[{"href":"https:\/\/www.upo.es\/diario\/wp-json\/wp\/v2\/media?parent=30867898"}],"wp:term":[{"taxonomy":"category","embeddable":true,"href":"https:\/\/www.upo.es\/diario\/wp-json\/wp\/v2\/categories?post=30867898"},{"taxonomy":"post_tag","embeddable":true,"href":"https:\/\/www.upo.es\/diario\/wp-json\/wp\/v2\/tags?post=30867898"}],"curies":[{"name":"wp","href":"https:\/\/api.w.org\/{rel}","templated":true}]}}