{"id":30868323,"date":"2021-09-03T14:22:37","date_gmt":"2021-09-03T12:22:37","guid":{"rendered":"https:\/\/www.upo.es\/diario\/?p=30868323"},"modified":"2021-09-03T14:22:37","modified_gmt":"2021-09-03T12:22:37","slug":"mejoras-realizadas-instalaciones-deportivas-campus","status":"publish","type":"post","link":"https:\/\/www.upo.es\/diario\/institucional\/2021\/09\/mejoras-realizadas-instalaciones-deportivas-campus\/","title":{"rendered":"El rector de la UPO visita las mejoras realizadas en las instalaciones deportivas del campus"},"content":{"rendered":"<figure id=\"attachment_30868324\" aria-describedby=\"caption-attachment-30868324\" style=\"width: 750px\" class=\"wp-caption aligncenter\"><a href=\"https:\/\/www.upo.es\/diario\/wp-content\/uploads\/2021\/09\/Visita-Instalaciones-Deportivas-2-scaled.jpg\"><img loading=\"lazy\" decoding=\"async\" class=\"size-large wp-image-30868324\" src=\"https:\/\/www.upo.es\/diario\/wp-content\/uploads\/2021\/09\/Visita-Instalaciones-Deportivas-2-750x422.jpg\" alt=\"Acceso al Gimnasio\" width=\"750\" height=\"422\" srcset=\"https:\/\/www.upo.es\/diario\/wp-content\/uploads\/2021\/09\/Visita-Instalaciones-Deportivas-2-750x422.jpg 750w, https:\/\/www.upo.es\/diario\/wp-content\/uploads\/2021\/09\/Visita-Instalaciones-Deportivas-2-360x203.jpg 360w, https:\/\/www.upo.es\/diario\/wp-content\/uploads\/2021\/09\/Visita-Instalaciones-Deportivas-2-768x432.jpg 768w, https:\/\/www.upo.es\/diario\/wp-content\/uploads\/2021\/09\/Visita-Instalaciones-Deportivas-2-600x338.jpg 600w, https:\/\/www.upo.es\/diario\/wp-content\/uploads\/2021\/09\/Visita-Instalaciones-Deportivas-2-1536x864.jpg 1536w, https:\/\/www.upo.es\/diario\/wp-content\/uploads\/2021\/09\/Visita-Instalaciones-Deportivas-2-2048x1152.jpg 2048w\" sizes=\"auto, (max-width: 750px) 100vw, 750px\" \/><\/a><figcaption id=\"caption-attachment-30868324\" class=\"wp-caption-text\">Entrada accesible al Gimnasio, una de las mejoras realizadas<\/figcaption><\/figure>\n<p>La Universidad Pablo de Olavide ha trabajado durante los \u00faltimos meses en la mejora de varias instalaciones deportivas de su campus. El rector de la UPO, <strong>Francisco Oliva, <\/strong>acompa\u00f1ado de<strong> Antonio Fern\u00e1ndez<\/strong>, vicerrector de Campus Saludable y Deporte, y de <strong>\u00c1frica Calvo<\/strong>, directora general de Deportes,<strong> ha visitado esta semana las reformas realizadas, centradas sobre todo en la impermeabilizaci\u00f3n y la mejora de la eficiencia energ\u00e9tica de los pabellones deportivos 37, 38 y 39 y en las obras llevadas a cabo para adecuar la entrada del Gimnasio a los criterios de accesibilidad<\/strong>.<\/p>\n<figure id=\"attachment_30868327\" aria-describedby=\"caption-attachment-30868327\" style=\"width: 360px\" class=\"wp-caption alignright\"><a href=\"https:\/\/www.upo.es\/diario\/wp-content\/uploads\/2021\/09\/Visita-Instalaciones-Deportivas-1-scaled.jpg\"><img loading=\"lazy\" decoding=\"async\" class=\"size-medium wp-image-30868327\" src=\"https:\/\/www.upo.es\/diario\/wp-content\/uploads\/2021\/09\/Visita-Instalaciones-Deportivas-1-360x240.jpg\" alt=\"Francisco Oliva, Antonio Fern\u00e1ndez y \u00c1frica Calvo en el pabell\u00f3n 38\" width=\"360\" height=\"240\" srcset=\"https:\/\/www.upo.es\/diario\/wp-content\/uploads\/2021\/09\/Visita-Instalaciones-Deportivas-1-360x240.jpg 360w, https:\/\/www.upo.es\/diario\/wp-content\/uploads\/2021\/09\/Visita-Instalaciones-Deportivas-1-750x500.jpg 750w, https:\/\/www.upo.es\/diario\/wp-content\/uploads\/2021\/09\/Visita-Instalaciones-Deportivas-1-768x512.jpg 768w, https:\/\/www.upo.es\/diario\/wp-content\/uploads\/2021\/09\/Visita-Instalaciones-Deportivas-1-600x400.jpg 600w, https:\/\/www.upo.es\/diario\/wp-content\/uploads\/2021\/09\/Visita-Instalaciones-Deportivas-1-1536x1024.jpg 1536w, https:\/\/www.upo.es\/diario\/wp-content\/uploads\/2021\/09\/Visita-Instalaciones-Deportivas-1-2048x1365.jpg 2048w, https:\/\/www.upo.es\/diario\/wp-content\/uploads\/2021\/09\/Visita-Instalaciones-Deportivas-1-165x109.jpg 165w, https:\/\/www.upo.es\/diario\/wp-content\/uploads\/2021\/09\/Visita-Instalaciones-Deportivas-1-1320x880.jpg 1320w\" sizes=\"auto, (max-width: 360px) 100vw, 360px\" \/><\/a><figcaption id=\"caption-attachment-30868327\" class=\"wp-caption-text\">Francisco Oliva, Antonio Fern\u00e1ndez y \u00c1frica Calvo en el pabell\u00f3n 38<\/figcaption><\/figure>\n<p>Las actuaciones llevadas a cabo en los pabellones deportivos 37, 38 y 39, situados al este del campus \u2013zona deportiva A\u2013, han consistido en la impermeabilizaci\u00f3n de las cubiertas, la renovaci\u00f3n del acristalamiento, con vidrios de seguridad y eficiencia energ\u00e9tica, y trabajos de pintura en techos, puertas y herrajes. Al mismo tiempo se han instalado aparcamientos para bicicletas en el exterior de los pabellones 37 y 38.<\/p>\n<p>En la zona deportiva B se ha reformado la entrada al Gimnasio, adecu\u00e1ndola a los est\u00e1ndares de accesibilidad, y se ha vallado el acceso al roc\u00f3dromo con el fin de mejorar su conservaci\u00f3n y controlar el acceso al mismo.<\/p>\n<p>Por otra parte, se ha mejorado el acceso para los veh\u00edculos a ambas zonas deportivas, con el fin de permitir el acceso sin dificultad de los servicios de emergencias a las instalaciones y a los campos de f\u00fatbol del campus. El Vicerrectorado de Campus Saludable y Deporte trabaja en pro de la mejora del equipamiento deportivo con vistas al nuevo curso que comienza con objeto de facilitar la pr\u00e1ctica del deporte a toda la comunidad universitaria.<\/p>\n","protected":false},"excerpt":{"rendered":"<p>La Universidad Pablo de Olavide ha trabajado durante los \u00faltimos meses en la mejora de varias instalaciones deportivas de su campus. El rector de la UPO, Francisco Oliva, acompa\u00f1ado de Antonio Fern\u00e1ndez, vicerrector de Campus Saludable y Deporte, y de \u00c1frica Calvo, directora general de Deportes, ha visitado esta semana las reformas realizadas, centradas sobre todo en la impermeabilizaci\u00f3n y la mejora de la eficiencia energ\u00e9tica de los pabellones deportivos 37, 38 y 39 y en las obras llevadas a cabo para adecuar la entrada del Gimnasio a los criterios de accesibilidad.<\/p>\n","protected":false},"author":6,"featured_media":30868324,"comment_status":"closed","ping_status":"open","sticky":false,"template":"","format":"standard","meta":{"_monsterinsights_skip_tracking":false,"_monsterinsights_sitenote_active":false,"_monsterinsights_sitenote_note":"","_monsterinsights_sitenote_category":0,"footnotes":""},"categories":[6],"tags":[5081,7428,231,4021,618,2939,38,232],"class_list":["post-30868323","post","type-post","status-publish","format-standard","has-post-thumbnail","hentry","category-institucional","tag-africa-calvo-lluch","tag-antonio-fernandez-martinez","tag-deportes-2","tag-francisco-oliva-blazquez","tag-infraestructuras","tag-instalaciones-deportivas","tag-rector","tag-sdupo"],"_links":{"self":[{"href":"https:\/\/www.upo.es\/diario\/wp-json\/wp\/v2\/posts\/30868323","targetHints":{"allow":["GET"]}}],"collection":[{"href":"https:\/\/www.upo.es\/diario\/wp-json\/wp\/v2\/posts"}],"about":[{"href":"https:\/\/www.upo.es\/diario\/wp-json\/wp\/v2\/types\/post"}],"author":[{"embeddable":true,"href":"https:\/\/www.upo.es\/diario\/wp-json\/wp\/v2\/users\/6"}],"replies":[{"embeddable":true,"href":"https:\/\/www.upo.es\/diario\/wp-json\/wp\/v2\/comments?post=30868323"}],"version-history":[{"count":3,"href":"https:\/\/www.upo.es\/diario\/wp-json\/wp\/v2\/posts\/30868323\/revisions"}],"predecessor-version":[{"id":30868328,"href":"https:\/\/www.upo.es\/diario\/wp-json\/wp\/v2\/posts\/30868323\/revisions\/30868328"}],"wp:featuredmedia":[{"embeddable":true,"href":"https:\/\/www.upo.es\/diario\/wp-json\/wp\/v2\/media\/30868324"}],"wp:attachment":[{"href":"https:\/\/www.upo.es\/diario\/wp-json\/wp\/v2\/media?parent=30868323"}],"wp:term":[{"taxonomy":"category","embeddable":true,"href":"https:\/\/www.upo.es\/diario\/wp-json\/wp\/v2\/categories?post=30868323"},{"taxonomy":"post_tag","embeddable":true,"href":"https:\/\/www.upo.es\/diario\/wp-json\/wp\/v2\/tags?post=30868323"}],"curies":[{"name":"wp","href":"https:\/\/api.w.org\/{rel}","templated":true}]}}