{"id":30868340,"date":"2021-09-07T10:36:23","date_gmt":"2021-09-07T08:36:23","guid":{"rendered":"https:\/\/www.upo.es\/diario\/?p=30868340"},"modified":"2021-09-10T13:40:07","modified_gmt":"2021-09-10T11:40:07","slug":"la-sociologia-europea-analiza-desde-hoy-en-andalucia-la-situacion-del-deporte-tras-la-crisis-epidemiologica","status":"publish","type":"post","link":"https:\/\/www.upo.es\/diario\/docencia-formacion\/2021\/09\/la-sociologia-europea-analiza-desde-hoy-en-andalucia-la-situacion-del-deporte-tras-la-crisis-epidemiologica\/","title":{"rendered":"La Sociolog\u00eda Europea analiza desde hoy en Andaluc\u00eda la situaci\u00f3n del deporte tras la crisis epidemiol\u00f3gica"},"content":{"rendered":"<figure id=\"attachment_30866832\" aria-describedby=\"caption-attachment-30866832\" style=\"width: 750px\" class=\"wp-caption aligncenter\"><a href=\"https:\/\/www.upo.es\/diario\/wp-content\/uploads\/2021\/06\/EASS-Congress-2.jpg\"><img loading=\"lazy\" decoding=\"async\" class=\"size-large wp-image-30866832\" src=\"https:\/\/www.upo.es\/diario\/wp-content\/uploads\/2021\/06\/EASS-Congress-2-750x373.jpg\" alt=\"Asistentes al 10th EASS Congress de 2013\" width=\"750\" height=\"373\" srcset=\"https:\/\/www.upo.es\/diario\/wp-content\/uploads\/2021\/06\/EASS-Congress-2-750x373.jpg 750w, https:\/\/www.upo.es\/diario\/wp-content\/uploads\/2021\/06\/EASS-Congress-2-360x179.jpg 360w, https:\/\/www.upo.es\/diario\/wp-content\/uploads\/2021\/06\/EASS-Congress-2-768x382.jpg 768w, https:\/\/www.upo.es\/diario\/wp-content\/uploads\/2021\/06\/EASS-Congress-2-600x299.jpg 600w, https:\/\/www.upo.es\/diario\/wp-content\/uploads\/2021\/06\/EASS-Congress-2-1536x764.jpg 1536w, https:\/\/www.upo.es\/diario\/wp-content\/uploads\/2021\/06\/EASS-Congress-2-1320x657.jpg 1320w, https:\/\/www.upo.es\/diario\/wp-content\/uploads\/2021\/06\/EASS-Congress-2.jpg 1600w\" sizes=\"auto, (max-width: 750px) 100vw, 750px\" \/><\/a><figcaption id=\"caption-attachment-30866832\" class=\"wp-caption-text\">Asistentes al 10th EASS Congress de 2013<\/figcaption><\/figure>\n<p>Coincidiendo con la sede del A\u00f1o Europeo del Deporte en Andaluc\u00eda, esta comunidad aut\u00f3noma acoge desde hoy martes 7 de septiembre y durante toda la semana el <strong><em><a href=\"https:\/\/www.eass2021.com\/\">17th EASS Congress \u2018Sports in the face of the global health crisis of COVID-19. Great social challenges<\/a>\u2019<\/em><\/strong>, el congreso oficial de la <em>European Association for Sociology of Sport<\/em> (EASS). Un evento que finalmente se ha organizado de forma telem\u00e1tica, debido a la crisis epidemiol\u00f3gica.<\/p>\n<p>En la organizaci\u00f3n del Congreso participan distintas universidades, centraliz\u00e1ndose su gesti\u00f3n en la Universidad Pablo de Olavide, la Universidad de C\u00f3rdoba y la Universidad de Sevilla, y cuenta con el apoyo y colaboraci\u00f3n de la Consejer\u00eda de Educaci\u00f3n y Deportes, el Instituto Andaluz del Deporte, y la Fundaci\u00f3n P\u00fablica Centro de Estudios Andaluces de la Junta de Andaluc\u00eda.<\/p>\n<p>A la cita asisten 180 soci\u00f3logos y doctores en ciencias del deporte de cerca de 30 pa\u00edses europeos, asi\u00e1ticos y de Am\u00e9rica del Sur, pertenecientes a 70 universidades y centros de investigaci\u00f3n cient\u00edfica. Durante el evento se desarrollar\u00e1n 17 paneles de conferencias y 7 ponencias marco sobre pol\u00edticas deportivas, gesti\u00f3n, medios de comunicaci\u00f3n, juventud, salud y bienestar, discriminaci\u00f3n y violencia, g\u00e9nero y sexualidad, entre otros muchos temas.<\/p>\n<p>La <strong><u>inauguraci\u00f3n tendr\u00e1 lugar a las 13:00 horas<\/u><\/strong> (puede accederse a trav\u00e9s del siguiente link: <a href=\"https:\/\/zoom.us\/webinar\/register\/WN_sfch9NHUT0mUGoVQE7z3Qw\">https:\/\/zoom.us\/webinar\/register\/WN_sfch9NHUT0mUGoVQE7z3Qw<\/a>), y cuenta con la participaci\u00f3n de los vicerrectores de Investigaci\u00f3n de las Universidades de C\u00f3rdoba y Sevilla,<strong> Enrique Quesada Moraga y Juli\u00e1n Mart\u00ednez Fern\u00e1ndez, <\/strong>respectivamente;<strong> Remco Hoekman, <\/strong>presidente de la <em>European Association for Sociology of Sport<\/em><strong>; Trist\u00e1n Pert\u00ed\u00f1ez Blasco, <\/strong>director Gerente de la Fundaci\u00f3n P\u00fablica Centro de Estudios Andaluces<strong>,<\/strong> y<strong> Mar\u00eda de Nova Pozuelo, <\/strong>directora general de Promoci\u00f3n del Deporte, H\u00e1bitos Saludables y Tejido Deportivo de la Junta de Andaluc\u00eda. El acto de inauguraci\u00f3n de la asamblea de esta sociedad cient\u00edfica europea estar\u00e1 presidida por <strong>Hugo de Jonge, <\/strong>primer viceministro y ministro de Deportes del gobierno de Holanda.<\/p>\n<p>La conferencia magistral con la que se inaugura hoy martes el congreso a las 13:30 horas ser\u00e1 impartida por <strong>Mark Doidge<\/strong>, profesor de la <strong>University of Brighton<\/strong>, experto de reconocido prestigio en la realidad del f\u00fatbol europeo. Con el siguiente t\u00edtulo, \u201c<strong>El futuro del f\u00fatbol. El f\u00fatbol europeo despu\u00e9s de la Superliga<\/strong>\u201d, la conferencia podr\u00e1 verse de forma telem\u00e1tica a trav\u00e9s del siguiente link (<a href=\"https:\/\/zoom.us\/webinar\/register\/WN_ghu4gZUAQ9OQ-hcni_4xSg\">https:\/\/zoom.us\/webinar\/register\/WN_ghu4gZUAQ9OQ-hcni_4xSg<\/a>).<\/p>\n<p><strong>David Moscoso<\/strong> y <strong>Jes\u00fas Fern\u00e1ndez<\/strong>, profesores titulares de la Universidad Pablo de Olavide y la Universidad de Sevilla, respectivamente, son los encargados de organizar este congreso. Seg\u00fan Moscoso \u201cel contexto actual del deporte requiere de un an\u00e1lisis profundo que permita tratar las distintas dificultades que se han presentado a ra\u00edz de esta crisis epidemiol\u00f3gica, as\u00ed como la elaboraci\u00f3n de propuestas para hacer frente a tales dificultades. Aspectos como la gesti\u00f3n de equipamientos deportivos, la organizaci\u00f3n de pruebas y competiciones deportivas, la salud de los deportistas, la financiaci\u00f3n de clubes y federaciones, entre otras muchas, exigen pensar en el deporte desde una situaci\u00f3n absolutamente in\u00e9dita\u201d. A este respecto, a\u00f1ade Jes\u00fas Fern\u00e1ndez, profesor titular de la Universidad de Sevilla, que \u201cel intercambio de conocimientos y experiencias de lo que est\u00e1 ocurriendo en toda Europa en materia deportiva, en este momento, puede ser clave y de utilidad p\u00fablica para administraciones municipales, auton\u00f3micas y estatal en nuestro pa\u00eds\u201d.<\/p>\n<p>M\u00e1s informaci\u00f3n en\u00a0<u><a href=\"http:\/\/www.eass2021.com\/\">www.eass2021.com<\/a><\/u>\u00a0o\u00a0<u><a href=\"mailto:eass2021@uco.es\">eass2021@uco.es<\/a><\/u><\/p>\n","protected":false},"excerpt":{"rendered":"<p>Coincidiendo con la sede del A\u00f1o Europeo del Deporte en Andaluc\u00eda, esta comunidad aut\u00f3noma acoge desde hoy martes 7 de septiembre y durante toda la semana el 17th EASS Congress \u2018Sports in the face of the global health crisis of COVID-19. Great social challenges\u2019, el congreso oficial de la European Association for Sociology of Sport (EASS). Un evento que finalmente se ha organizado de forma telem\u00e1tica, debido a la crisis epidemiol\u00f3gica.<\/p>\n","protected":false},"author":2,"featured_media":30866832,"comment_status":"closed","ping_status":"open","sticky":false,"template":"","format":"standard","meta":{"_monsterinsights_skip_tracking":false,"_monsterinsights_sitenote_active":false,"_monsterinsights_sitenote_note":"","_monsterinsights_sitenote_category":0,"footnotes":""},"categories":[2779],"tags":[354,6601,1523,541,7041,104],"class_list":["post-30868340","post","type-post","status-publish","format-standard","has-post-thumbnail","hentry","category-docencia-formacion","tag-congreso","tag-covid-19","tag-david-moscoso","tag-deporte","tag-pandemia","tag-sociologia"],"_links":{"self":[{"href":"https:\/\/www.upo.es\/diario\/wp-json\/wp\/v2\/posts\/30868340","targetHints":{"allow":["GET"]}}],"collection":[{"href":"https:\/\/www.upo.es\/diario\/wp-json\/wp\/v2\/posts"}],"about":[{"href":"https:\/\/www.upo.es\/diario\/wp-json\/wp\/v2\/types\/post"}],"author":[{"embeddable":true,"href":"https:\/\/www.upo.es\/diario\/wp-json\/wp\/v2\/users\/2"}],"replies":[{"embeddable":true,"href":"https:\/\/www.upo.es\/diario\/wp-json\/wp\/v2\/comments?post=30868340"}],"version-history":[{"count":1,"href":"https:\/\/www.upo.es\/diario\/wp-json\/wp\/v2\/posts\/30868340\/revisions"}],"predecessor-version":[{"id":30868341,"href":"https:\/\/www.upo.es\/diario\/wp-json\/wp\/v2\/posts\/30868340\/revisions\/30868341"}],"wp:featuredmedia":[{"embeddable":true,"href":"https:\/\/www.upo.es\/diario\/wp-json\/wp\/v2\/media\/30866832"}],"wp:attachment":[{"href":"https:\/\/www.upo.es\/diario\/wp-json\/wp\/v2\/media?parent=30868340"}],"wp:term":[{"taxonomy":"category","embeddable":true,"href":"https:\/\/www.upo.es\/diario\/wp-json\/wp\/v2\/categories?post=30868340"},{"taxonomy":"post_tag","embeddable":true,"href":"https:\/\/www.upo.es\/diario\/wp-json\/wp\/v2\/tags?post=30868340"}],"curies":[{"name":"wp","href":"https:\/\/api.w.org\/{rel}","templated":true}]}}