{"id":30868426,"date":"2021-09-13T14:03:05","date_gmt":"2021-09-13T12:03:05","guid":{"rendered":"https:\/\/www.upo.es\/diario\/?p=30868426"},"modified":"2021-09-17T13:18:00","modified_gmt":"2021-09-17T11:18:00","slug":"la-universidad-pablo-de-olavide-recibe-a-sus-estudiantes-en-las-jornadas-de-bienvenida-que-arrancan-hoy","status":"publish","type":"post","link":"https:\/\/www.upo.es\/diario\/institucional\/2021\/09\/la-universidad-pablo-de-olavide-recibe-a-sus-estudiantes-en-las-jornadas-de-bienvenida-que-arrancan-hoy\/","title":{"rendered":"La Universidad Pablo de Olavide recibe a sus estudiantes en las Jornadas de Bienvenida que arrancan hoy"},"content":{"rendered":"<figure id=\"attachment_30868427\" aria-describedby=\"caption-attachment-30868427\" style=\"width: 750px\" class=\"wp-caption aligncenter\"><a href=\"https:\/\/www.upo.es\/diario\/wp-content\/uploads\/2021\/09\/Bienvenida-UPO-Curso-21-22_2-1-scaled.jpg\"><img loading=\"lazy\" decoding=\"async\" class=\"size-large wp-image-30868427\" src=\"https:\/\/www.upo.es\/diario\/wp-content\/uploads\/2021\/09\/Bienvenida-UPO-Curso-21-22_2-1-750x500.jpg\" alt=\"\" width=\"750\" height=\"500\" srcset=\"https:\/\/www.upo.es\/diario\/wp-content\/uploads\/2021\/09\/Bienvenida-UPO-Curso-21-22_2-1-750x500.jpg 750w, https:\/\/www.upo.es\/diario\/wp-content\/uploads\/2021\/09\/Bienvenida-UPO-Curso-21-22_2-1-360x240.jpg 360w, https:\/\/www.upo.es\/diario\/wp-content\/uploads\/2021\/09\/Bienvenida-UPO-Curso-21-22_2-1-768x512.jpg 768w, https:\/\/www.upo.es\/diario\/wp-content\/uploads\/2021\/09\/Bienvenida-UPO-Curso-21-22_2-1-600x400.jpg 600w, https:\/\/www.upo.es\/diario\/wp-content\/uploads\/2021\/09\/Bienvenida-UPO-Curso-21-22_2-1-1536x1024.jpg 1536w, https:\/\/www.upo.es\/diario\/wp-content\/uploads\/2021\/09\/Bienvenida-UPO-Curso-21-22_2-1-2048x1365.jpg 2048w, https:\/\/www.upo.es\/diario\/wp-content\/uploads\/2021\/09\/Bienvenida-UPO-Curso-21-22_2-1-165x109.jpg 165w, https:\/\/www.upo.es\/diario\/wp-content\/uploads\/2021\/09\/Bienvenida-UPO-Curso-21-22_2-1-1320x880.jpg 1320w\" sizes=\"auto, (max-width: 750px) 100vw, 750px\" \/><\/a><figcaption id=\"caption-attachment-30868427\" class=\"wp-caption-text\">Numerosos estudiantes han participado en el primer d\u00eda de las Jornadas.<\/figcaption><\/figure>\n<p>Las <strong>Jornadas de Bienvenida<\/strong> de la Universidad Pablo de Olavide han arrancado hoy lunes con la asistencia de un gran n\u00famero de estudiantes, de todos los cursos y titulaciones, que han tenido su <strong>primera toma de contacto con el Campus<\/strong> antes de empezar las clases el pr\u00f3ximo 20 de septiembre.<\/p>\n<p>Tras dos cursos marcados por las restricciones sanitarias ocasionadas por la Covid-19, la UPO ha recibido a sus estudiantes con la celebraci\u00f3n de este evento bajo el lema <strong>\u2018Volvemos a vernos en la UPO\u2019, <\/strong>que tiene lugar <u>desde hoy lunes y hasta el 16 de septiembre<\/u>, y en el que tienen cabida actividades deportivas, culturales, informativas y acad\u00e9micas. Adem\u00e1s, el <a href=\"https:\/\/www.upo.es\/upo_opencms\/opencms\/Galerias\/Descargas\/InfoEstudiantes\/JornadasBienvenidaUPO_sept-2021.pdf\">amplio programa<\/a> cuenta con la participaci\u00f3n de las distintas facultades y la Escuela Polit\u00e9cnica Superior, numerosas asociaciones estudiantiles y con la representaci\u00f3n de los servicios clave para la vida universitaria.<\/p>\n<figure id=\"attachment_30868428\" aria-describedby=\"caption-attachment-30868428\" style=\"width: 360px\" class=\"wp-caption alignright\"><a href=\"https:\/\/www.upo.es\/diario\/wp-content\/uploads\/2021\/09\/Bienvenida-UPO-Curso-21-22-1-scaled.jpg\"><img loading=\"lazy\" decoding=\"async\" class=\"size-medium wp-image-30868428\" src=\"https:\/\/www.upo.es\/diario\/wp-content\/uploads\/2021\/09\/Bienvenida-UPO-Curso-21-22-1-360x203.jpg\" alt=\"\" width=\"360\" height=\"203\" srcset=\"https:\/\/www.upo.es\/diario\/wp-content\/uploads\/2021\/09\/Bienvenida-UPO-Curso-21-22-1-360x203.jpg 360w, https:\/\/www.upo.es\/diario\/wp-content\/uploads\/2021\/09\/Bienvenida-UPO-Curso-21-22-1-750x422.jpg 750w, https:\/\/www.upo.es\/diario\/wp-content\/uploads\/2021\/09\/Bienvenida-UPO-Curso-21-22-1-768x432.jpg 768w, https:\/\/www.upo.es\/diario\/wp-content\/uploads\/2021\/09\/Bienvenida-UPO-Curso-21-22-1-600x338.jpg 600w, https:\/\/www.upo.es\/diario\/wp-content\/uploads\/2021\/09\/Bienvenida-UPO-Curso-21-22-1-1536x864.jpg 1536w, https:\/\/www.upo.es\/diario\/wp-content\/uploads\/2021\/09\/Bienvenida-UPO-Curso-21-22-1-2048x1152.jpg 2048w\" sizes=\"auto, (max-width: 360px) 100vw, 360px\" \/><\/a><figcaption id=\"caption-attachment-30868428\" class=\"wp-caption-text\">El rector Francisco Oliva Bl\u00e1zquez ha recibido al estudiantado.<\/figcaption><\/figure>\n<p><strong>Cumpliendo en todo momento las medidas preventivas y de seguridad frente a la Covid-19, <\/strong>la programaci\u00f3n combina actividades virtuales con presenciales. De esta manera se garantiza la distancia de seguridad y se recomienda el uso de mascarillas, incluso en espacios abiertos. La mayor parte de las actividades se celebran al aire libre y para el resto se utilizan los espacios de mayor capacidad disponibles, con estricto cumplimiento de aforos y dem\u00e1s protocolos sanitarios, incluyendo el seguimiento de trazabilidad. Para garantizar el cumplimiento de aforos permitidos, en determinadas actividades se requiere inscripci\u00f3n.<\/p>\n<p>El rector de la UPO <strong>Francisco Oliva Bl\u00e1zquez <\/strong>ha sido el encargado de recibir al estudiantado, a quienes ha animado a disfrutar de la vida universitaria y de todo lo que ofrece el Campus de la Universidad Pablo de Olavide. El rector ha estado acompa\u00f1ado por la vicerrectora de Estudiantes, <strong>Mari\u00e1n Mor\u00f3n Mart\u00edn<\/strong>; el vicerrector de Campus Saludable y Deporte, <strong>Antonio Fern\u00e1ndez Mart\u00ednez<\/strong>; y el vicerrector de Cultura y Pol\u00edticas Sociales, <strong>David Cobos Sanchiz<\/strong>, responsables de los vicerrectorados organizadores del evento.<\/p>\n<p>\u201cLas Jornadas han comenzado con \u00e9xito de participaci\u00f3n, tanto en las actividades programadas por las asociaciones y los distintos servicios de la universidad, las visitas a los distintos stands, como en las bienvenidas celebradas hoy por parte de los distintos centros\u201d, declara la vicerrectora de Estudiantes, Mari\u00e1n Mor\u00f3n Mart\u00edn, quien a\u00f1ade que \u201cel ambiente est\u00e1 siendo de alegr\u00eda e ilusi\u00f3n por poder compartir este d\u00eda y deseamos que esto sea el signo de este nuevo curso acad\u00e9mico\u201d.<\/p>\n<p>&nbsp;<\/p>\n<p><strong>M\u00e1s informaci\u00f3n:<\/strong><\/p>\n<ul>\n<li><a href=\"https:\/\/www.upo.es\/upo_opencms\/opencms\/Galerias\/Descargas\/InfoEstudiantes\/JornadasBienvenidaUPO_sept-2021.pdf\">Programa e inscripciones a las actividades de las Jornadas de Bienvenida<\/a> (pdf)<\/li>\n<li><a href=\"https:\/\/eventos.upo.es\/\">https:\/\/eventos.upo.es\/<\/a><\/li>\n<\/ul>\n<p><a title=\"Jornadas de Bienvenida 2021\" href=\"https:\/\/www.flickr.com\/photos\/pablodeolavide\/albums\/72157719831511709\" data-flickr-embed=\"true\"><img loading=\"lazy\" decoding=\"async\" src=\"https:\/\/live.staticflickr.com\/65535\/51465053504_91f3232360_z.jpg\" alt=\"Jornadas de Bienvenida 2021\" width=\"640\" height=\"480\" \/><\/a><script async src=\"\/\/embedr.flickr.com\/assets\/client-code.js\" charset=\"utf-8\"><\/script><\/p>\n","protected":false},"excerpt":{"rendered":"<p>Las Jornadas de Bienvenida de la Universidad Pablo de Olavide han arrancado hoy lunes con la asistencia de un gran n\u00famero de estudiantes, de todos los cursos y titulaciones, que han tenido su primera toma de contacto con el Campus antes de empezar las clases el pr\u00f3ximo 20 de septiembre.<\/p>\n","protected":false},"author":2,"featured_media":30868427,"comment_status":"closed","ping_status":"open","sticky":false,"template":"","format":"standard","meta":{"_monsterinsights_skip_tracking":false,"_monsterinsights_sitenote_active":false,"_monsterinsights_sitenote_note":"","_monsterinsights_sitenote_category":0,"footnotes":""},"categories":[6],"tags":[853,107,7441,21,84],"class_list":["post-30868426","post","type-post","status-publish","format-standard","has-post-thumbnail","hentry","category-institucional","tag-bienvenida","tag-campus","tag-curso-2021-2022","tag-estudiantes","tag-jornadas"],"_links":{"self":[{"href":"https:\/\/www.upo.es\/diario\/wp-json\/wp\/v2\/posts\/30868426","targetHints":{"allow":["GET"]}}],"collection":[{"href":"https:\/\/www.upo.es\/diario\/wp-json\/wp\/v2\/posts"}],"about":[{"href":"https:\/\/www.upo.es\/diario\/wp-json\/wp\/v2\/types\/post"}],"author":[{"embeddable":true,"href":"https:\/\/www.upo.es\/diario\/wp-json\/wp\/v2\/users\/2"}],"replies":[{"embeddable":true,"href":"https:\/\/www.upo.es\/diario\/wp-json\/wp\/v2\/comments?post=30868426"}],"version-history":[{"count":3,"href":"https:\/\/www.upo.es\/diario\/wp-json\/wp\/v2\/posts\/30868426\/revisions"}],"predecessor-version":[{"id":30868435,"href":"https:\/\/www.upo.es\/diario\/wp-json\/wp\/v2\/posts\/30868426\/revisions\/30868435"}],"wp:featuredmedia":[{"embeddable":true,"href":"https:\/\/www.upo.es\/diario\/wp-json\/wp\/v2\/media\/30868427"}],"wp:attachment":[{"href":"https:\/\/www.upo.es\/diario\/wp-json\/wp\/v2\/media?parent=30868426"}],"wp:term":[{"taxonomy":"category","embeddable":true,"href":"https:\/\/www.upo.es\/diario\/wp-json\/wp\/v2\/categories?post=30868426"},{"taxonomy":"post_tag","embeddable":true,"href":"https:\/\/www.upo.es\/diario\/wp-json\/wp\/v2\/tags?post=30868426"}],"curies":[{"name":"wp","href":"https:\/\/api.w.org\/{rel}","templated":true}]}}