{"id":30868456,"date":"2021-09-16T11:32:03","date_gmt":"2021-09-16T09:32:03","guid":{"rendered":"https:\/\/www.upo.es\/diario\/?p=30868456"},"modified":"2021-09-22T15:28:58","modified_gmt":"2021-09-22T13:28:58","slug":"andalucia-celebra-el-24-de-septiembre-la-noche-europea-de-ls-investigadors-con-actividades-presenciales-y-virtuales","status":"publish","type":"post","link":"https:\/\/www.upo.es\/diario\/docencia-formacion\/2021\/09\/andalucia-celebra-el-24-de-septiembre-la-noche-europea-de-ls-investigadors-con-actividades-presenciales-y-virtuales\/","title":{"rendered":"Andaluc\u00eda celebra el 24 de septiembre La Noche Europea de l@s investigador@s con actividades presenciales y virtuales"},"content":{"rendered":"<figure id=\"attachment_30868457\" aria-describedby=\"caption-attachment-30868457\" style=\"width: 750px\" class=\"wp-caption aligncenter\"><a href=\"https:\/\/www.upo.es\/diario\/wp-content\/uploads\/2021\/09\/noche_investigadores2019.jpg\"><img loading=\"lazy\" decoding=\"async\" class=\"size-large wp-image-30868457\" src=\"https:\/\/www.upo.es\/diario\/wp-content\/uploads\/2021\/09\/noche_investigadores2019-750x500.jpg\" alt=\"\" width=\"750\" height=\"500\" srcset=\"https:\/\/www.upo.es\/diario\/wp-content\/uploads\/2021\/09\/noche_investigadores2019-750x500.jpg 750w, https:\/\/www.upo.es\/diario\/wp-content\/uploads\/2021\/09\/noche_investigadores2019-360x240.jpg 360w, https:\/\/www.upo.es\/diario\/wp-content\/uploads\/2021\/09\/noche_investigadores2019-768x512.jpg 768w, https:\/\/www.upo.es\/diario\/wp-content\/uploads\/2021\/09\/noche_investigadores2019-600x400.jpg 600w, https:\/\/www.upo.es\/diario\/wp-content\/uploads\/2021\/09\/noche_investigadores2019-165x109.jpg 165w, https:\/\/www.upo.es\/diario\/wp-content\/uploads\/2021\/09\/noche_investigadores2019.jpg 799w\" sizes=\"auto, (max-width: 750px) 100vw, 750px\" \/><\/a><figcaption id=\"caption-attachment-30868457\" class=\"wp-caption-text\">Imagen de una actividad de la Noche Europea de l@s Investigador@s del a\u00f1o 2019.<\/figcaption><\/figure>\n<p>El pr\u00f3ximo 24 de septiembre la ciencia volver\u00e1 a ser protagonista para acercarse a la ciudadan\u00eda. La Noche Europea de l@s investigador@es (European Researchers\u2019 Night) prepara m\u00e1s de 700 actividades promovidas por unos 2.500 investigadores e investigadoras combinando acciones presenciales y online que tendr\u00e1n en todo momento en cuenta las indicaciones y medidas de seguridad fijadas para hacer frente a la pandemia de la COVID-19.<\/p>\n<p>La Noche apostar\u00e1 en 2021 de nuevo por acercarse a la ciudadan\u00eda con un programa mayoritariamente presencial. As\u00ed, algunas de las calles y espacios m\u00e1s emblem\u00e1ticos de siete capitales andaluzas (Almer\u00eda, C\u00f3rdoba, Granada, Huelva, Ja\u00e9n, M\u00e1laga y Sevilla) y Jerez albergar\u00e1n actividades. Todas ellas tendr\u00e1n que llevarse a cabo cumpliendo con todas las medidas higi\u00e9nico-sanitarias pertinentes: uso de mascarillas y de geles hidroalcoh\u00f3licos, control de aforo\u2026 Adem\u00e1s, para participar en la mayor\u00eda de las actividades presenciales ser\u00e1 necesario hacerlo con inscripci\u00f3n previa. A ellas se sumar\u00e1 parte de la programaci\u00f3n en formato online, de modo que los visitantes podr\u00e1n disfrutar directamente de esas actividades en la propia web.<\/p>\n<p>El proyecto, que re\u00fane la participaci\u00f3n de trece instituciones cient\u00edficas andaluzas de las ocho provincias, est\u00e1 financiado por la Comisi\u00f3n Europea y la Consejer\u00eda de Transformaci\u00f3n Econ\u00f3mica, Industria, Conocimiento y Universidades, adem\u00e1s de los recursos propios de las instituciones organizadoras.<\/p>\n<blockquote><p>La Noche apostar\u00e1 en 2021 de nuevo por acercarse a la ciudadan\u00eda con un programa mayoritariamente presencial<\/p><\/blockquote>\n<p>El evento estar\u00e1 dedicado este a\u00f1o en Andaluc\u00eda al Pacto Verde Europeo (EU Green Deal), un plan que incluye acciones concretas para la lucha contra el cambio clim\u00e1tico, y que pretende convertir a Europa en el primer continente clim\u00e1ticamente neutro en el a\u00f1o 2050. Las actividades promovidas en las ocho provincias andaluzas tienen como hilo conductor este gran pacto.<\/p>\n<p>La Noche Europea de l@s Investigador@s es un proyecto europeo de divulgaci\u00f3n cient\u00edfica promovido por la Comisi\u00f3n Europea dentro de las acciones Marie Sklodowska-Curie del programa Horizonte 2020, que tiene lugar simult\u00e1neamente en m\u00e1s de 370 ciudades europeas desde 2005. Todo para acercar la ciencia y las personas que investigan al p\u00fablico en general, demostrar de una forma pr\u00e1ctica y l\u00fadica la relaci\u00f3n entre investigaci\u00f3n y vida cotidiana y divulgar los estudios cient\u00edficos entre los j\u00f3venes bajo el lema \u2018Mujeres y hombres que hacen ciencia para ti\u2019.<\/p>\n<p>Su objetivo es el acercamiento entre la ciudadan\u00eda y los profesionales de la investigaci\u00f3n, para dar a conocer su labor, los beneficios que aportan a la sociedad y su repercusi\u00f3n inmediata en la vida cotidiana. Al mismo tiempo, aspira a servir de herramienta para divulgar sus investigaciones, despertar vocaciones cient\u00edficas en los j\u00f3venes y potenciar la carrera investigadora como salida profesional. Todo ello sin olvidar el lado m\u00e1s humano de estos profesionales, cuyos avances repercuten en toda la sociedad.<\/p>\n<blockquote><p>El evento estar\u00e1 dedicado este a\u00f1o en Andaluc\u00eda al Pacto Verde Europeo<\/p><\/blockquote>\n<p>Los asistentes podr\u00e1n disfrutar un a\u00f1o m\u00e1s de actividades l\u00fadicas y did\u00e1cticas como experimentos y talleres virtuales y presenciales, rutas guiadas, espect\u00e1culos cient\u00edficos, representaciones teatrales o mon\u00f3logos en los que rigor, car\u00e1cter did\u00e1ctico y diversi\u00f3n estar\u00e1n presentes en partes iguales.<\/p>\n<h3><strong>Promotores de la actividad en Andaluc\u00eda<\/strong><\/h3>\n<p>La Noche Europea de los Investigadores es un proyecto de divulgaci\u00f3n cient\u00edfica promovido por la Comisi\u00f3n Europea dentro de las acciones Marie Sk\u0142odowska-Curie del programa Horizonte 2020, coordinado en Andaluc\u00eda por la Fundaci\u00f3n Descubre con financiaci\u00f3n de la Consejer\u00eda de Transformaci\u00f3n Econ\u00f3mica, Industria, Conocimiento y Universidades.<\/p>\n<p>El consorcio andaluz re\u00fane la participaci\u00f3n de 13 instituciones cient\u00edficas andaluzas de las ocho provincias: las nueve universidades p\u00fablicas andaluzas (Almer\u00eda, C\u00e1diz, C\u00f3rdoba, Granada, Huelva, Ja\u00e9n, M\u00e1laga, Pablo Olavide y Sevilla); la Fundaci\u00f3n P\u00fablica Progreso y Salud \u2013a trav\u00e9s del Biobanco y Genyo-; el IMGEMA-Real Jard\u00edn Bot\u00e1nico de C\u00f3rdoba y el Consejo Superior de Investigaciones Cient\u00edficas (CISC) a trav\u00e9s de la Casa de la Ciencia de Sevilla, el Instituto de Astrof\u00edsica de Andaluc\u00eda, la Estaci\u00f3n Experimental Zaid\u00edn, el Instituto de Estudios Sociales Avanzados, la Escuela de Estudios \u00c1rabes, el Instituto de Parasitolog\u00eda y Biomedicia \u2018L\u00f3pez-Neyra\u2019, la Estaci\u00f3n Experimental de Zonas \u00c1ridas y el Instituto de Agricultura Sostenible.<\/p>\n<p>Paralelamente, Radio Televisi\u00f3n de Andaluc\u00eda, la Agencia Andaluza del Conocimiento y el Instituto Andaluz de Investigaci\u00f3n y Formaci\u00f3n Agraria, Pesquera, Alimentaria y de la Producci\u00f3n Ecol\u00f3gica (IFAPA) son socios estrat\u00e9gicos del proyecto y colaboran estrechamente en su desarrollo.<\/p>\n<p>&nbsp;<\/p>\n<p>M\u00e1s informaci\u00f3n: <a href=\"http:\/\/lanochedelosinvestigadores.fundaciondecubre.es\">lanochedelosinvestigadores.fundaciondecubre.es<\/a><\/p>\n<p>Facebook: <a href=\"http:\/\/www.facebook.com\/FundacionDescubre\">www.facebook.com\/FundacionDescubre<\/a><\/p>\n<p>Twitter: <a href=\"http:\/\/www.twitter.com\/FDescubre\">www.twitter.com\/FDescubre<\/a> y el hashtag <a href=\"https:\/\/twitter.com\/search?q=%23NIGHTspain\">#NIGHTspain<\/a><\/p>\n<p>Youtube: <a href=\"http:\/\/www.youtube.com\/user\/fundaciondescubre\">www.youtube.com\/user\/fundaciondescubre<\/a><\/p>\n<p>Instagram: <a href=\"http:\/\/www.instagram.com\/fundaciondescubre\">www.instagram.com\/fundaciondescubre<\/a><\/p>\n<p>Flickr: <a href=\"http:\/\/www.flickr.com\/photos\/fundaciondescubre\">www.flickr.com\/photos\/fundaciondescubre<\/a><\/p>\n","protected":false},"excerpt":{"rendered":"<p>El pr\u00f3ximo 24 de septiembre la ciencia volver\u00e1 a ser protagonista para acercarse a la ciudadan\u00eda. La Noche Europea de l@s investigador@es (European Researchers\u2019 Night) prepara m\u00e1s de 700 actividades promovidas por unos 2.500 investigadores e investigadoras combinando acciones presenciales y online que tendr\u00e1n en todo momento en cuenta las indicaciones y medidas de seguridad fijadas para hacer frente a la pandemia de la COVID-19.<\/p>\n","protected":false},"author":2,"featured_media":30868457,"comment_status":"closed","ping_status":"open","sticky":false,"template":"","format":"standard","meta":{"_acf_changed":false,"_monsterinsights_skip_tracking":false,"footnotes":""},"categories":[2779],"tags":[190,2645,1411,5528,83],"class_list":["post-30868456","post","type-post","status-publish","format-standard","has-post-thumbnail","hentry","category-docencia-formacion","tag-andalucia","tag-divulgacion-cientifica","tag-fundacion-descubre","tag-la-noche-europea-de-ls-investigadors","tag-otri"],"acf":[],"_links":{"self":[{"href":"https:\/\/www.upo.es\/diario\/wp-json\/wp\/v2\/posts\/30868456","targetHints":{"allow":["GET"]}}],"collection":[{"href":"https:\/\/www.upo.es\/diario\/wp-json\/wp\/v2\/posts"}],"about":[{"href":"https:\/\/www.upo.es\/diario\/wp-json\/wp\/v2\/types\/post"}],"author":[{"embeddable":true,"href":"https:\/\/www.upo.es\/diario\/wp-json\/wp\/v2\/users\/2"}],"replies":[{"embeddable":true,"href":"https:\/\/www.upo.es\/diario\/wp-json\/wp\/v2\/comments?post=30868456"}],"version-history":[{"count":1,"href":"https:\/\/www.upo.es\/diario\/wp-json\/wp\/v2\/posts\/30868456\/revisions"}],"predecessor-version":[{"id":30868458,"href":"https:\/\/www.upo.es\/diario\/wp-json\/wp\/v2\/posts\/30868456\/revisions\/30868458"}],"wp:featuredmedia":[{"embeddable":true,"href":"https:\/\/www.upo.es\/diario\/wp-json\/wp\/v2\/media\/30868457"}],"wp:attachment":[{"href":"https:\/\/www.upo.es\/diario\/wp-json\/wp\/v2\/media?parent=30868456"}],"wp:term":[{"taxonomy":"category","embeddable":true,"href":"https:\/\/www.upo.es\/diario\/wp-json\/wp\/v2\/categories?post=30868456"},{"taxonomy":"post_tag","embeddable":true,"href":"https:\/\/www.upo.es\/diario\/wp-json\/wp\/v2\/tags?post=30868456"}],"curies":[{"name":"wp","href":"https:\/\/api.w.org\/{rel}","templated":true}]}}