{"id":30868519,"date":"2021-09-21T13:26:51","date_gmt":"2021-09-21T11:26:51","guid":{"rendered":"https:\/\/www.upo.es\/diario\/?p=30868519"},"modified":"2021-09-23T17:23:51","modified_gmt":"2021-09-23T15:23:51","slug":"estudiantes-de-la-universidad-pablo-de-olavide-podran-realizar-practicas-en-autismo-sevilla","status":"publish","type":"post","link":"https:\/\/www.upo.es\/diario\/institucional\/2021\/09\/estudiantes-de-la-universidad-pablo-de-olavide-podran-realizar-practicas-en-autismo-sevilla\/","title":{"rendered":"Estudiantes de la Universidad Pablo de Olavide podr\u00e1n realizar pr\u00e1cticas en Autismo Sevilla"},"content":{"rendered":"<figure id=\"attachment_30868520\" aria-describedby=\"caption-attachment-30868520\" style=\"width: 750px\" class=\"wp-caption aligncenter\"><a href=\"https:\/\/www.upo.es\/diario\/wp-content\/uploads\/2021\/09\/Autismo-Sevilla-UPO_20210921_grupo-scaled.jpg\"><img loading=\"lazy\" decoding=\"async\" class=\"size-large wp-image-30868520\" src=\"https:\/\/www.upo.es\/diario\/wp-content\/uploads\/2021\/09\/Autismo-Sevilla-UPO_20210921_grupo-750x500.jpg\" alt=\"\" width=\"750\" height=\"500\" srcset=\"https:\/\/www.upo.es\/diario\/wp-content\/uploads\/2021\/09\/Autismo-Sevilla-UPO_20210921_grupo-750x500.jpg 750w, https:\/\/www.upo.es\/diario\/wp-content\/uploads\/2021\/09\/Autismo-Sevilla-UPO_20210921_grupo-360x240.jpg 360w, https:\/\/www.upo.es\/diario\/wp-content\/uploads\/2021\/09\/Autismo-Sevilla-UPO_20210921_grupo-768x512.jpg 768w, https:\/\/www.upo.es\/diario\/wp-content\/uploads\/2021\/09\/Autismo-Sevilla-UPO_20210921_grupo-600x400.jpg 600w, https:\/\/www.upo.es\/diario\/wp-content\/uploads\/2021\/09\/Autismo-Sevilla-UPO_20210921_grupo-1536x1024.jpg 1536w, https:\/\/www.upo.es\/diario\/wp-content\/uploads\/2021\/09\/Autismo-Sevilla-UPO_20210921_grupo-2048x1365.jpg 2048w\" sizes=\"auto, (max-width: 750px) 100vw, 750px\" \/><\/a><figcaption id=\"caption-attachment-30868520\" class=\"wp-caption-text\">De izquierda a derecha, Jos\u00e9 Luis Sarasola S\u00e1nchez-Serrano, Mercedes Molina Montes, David Cobos Sanchiz, Marcos Zamora Herranz y Mar\u00eda Jos\u00e9 Parejo Guzm\u00e1n.<\/figcaption><\/figure>\n<p>Estudiantes de la Universidad Pablo de Olavide podr\u00e1n realizar pr\u00e1cticas en la Asociaci\u00f3n de Padres de Personas con Trastornos del Espectro Autista \u2013 Autismo Sevilla, seg\u00fan se desprende de un protocolo general de colaboraci\u00f3n firmado entre ambas entidades y que se ha dado a conocer en un acto celebrado hoy en la UPO.<\/p>\n<p>De esta manera, la Universidad Pablo de Olavide y Autismo Sevilla fomentar\u00e1n la colaboraci\u00f3n entre ambas a fin de que se desarrollen actividades conjuntas en el \u00e1rea formativa y de investigaci\u00f3n, as\u00ed como en actividades pr\u00e1cticas dirigidas a estudiantes universitarios.<\/p>\n<figure id=\"attachment_30868523\" aria-describedby=\"caption-attachment-30868523\" style=\"width: 360px\" class=\"wp-caption alignright\"><a href=\"https:\/\/www.upo.es\/diario\/wp-content\/uploads\/2021\/09\/Autismo-Sevilla-UPO_20210921-scaled.jpg\"><img loading=\"lazy\" decoding=\"async\" class=\"size-medium wp-image-30868523\" src=\"https:\/\/www.upo.es\/diario\/wp-content\/uploads\/2021\/09\/Autismo-Sevilla-UPO_20210921-360x203.jpg\" alt=\"\" width=\"360\" height=\"203\" srcset=\"https:\/\/www.upo.es\/diario\/wp-content\/uploads\/2021\/09\/Autismo-Sevilla-UPO_20210921-360x203.jpg 360w, https:\/\/www.upo.es\/diario\/wp-content\/uploads\/2021\/09\/Autismo-Sevilla-UPO_20210921-750x422.jpg 750w, https:\/\/www.upo.es\/diario\/wp-content\/uploads\/2021\/09\/Autismo-Sevilla-UPO_20210921-768x432.jpg 768w, https:\/\/www.upo.es\/diario\/wp-content\/uploads\/2021\/09\/Autismo-Sevilla-UPO_20210921-600x338.jpg 600w, https:\/\/www.upo.es\/diario\/wp-content\/uploads\/2021\/09\/Autismo-Sevilla-UPO_20210921-1536x864.jpg 1536w, https:\/\/www.upo.es\/diario\/wp-content\/uploads\/2021\/09\/Autismo-Sevilla-UPO_20210921-2048x1152.jpg 2048w, https:\/\/www.upo.es\/diario\/wp-content\/uploads\/2021\/09\/Autismo-Sevilla-UPO_20210921-1320x743.jpg 1320w\" sizes=\"auto, (max-width: 360px) 100vw, 360px\" \/><\/a><figcaption id=\"caption-attachment-30868523\" class=\"wp-caption-text\">De izquierda a derecha, Mercedes Molina Montes, David Cobos Sanchiz y Marcos Zamora Herranz.TEA<\/figcaption><\/figure>\n<p>El vicerrector de Cultura y Pol\u00edticas Sociales de la UPO <strong>David Cobos Sanchiz<\/strong> ha recibido en la ma\u00f1ana de hoy a la presidenta de esta asociaci\u00f3n, <strong>Mercedes Molina Montes<\/strong>, quien ha resaltado la importancia de esta alianza para favorecer que los estudiantes conozcan de primera mano la realidad de las personas con TEA y sus familias a trav\u00e9s de programas de pr\u00e1cticas. \u201cA lo largo de estos a\u00f1os, hemos favorecido programas de voluntariado entre los estudiantes para que puedan apoyar a las personas con TEA y seguir creciendo personal y profesionalmente\u201d, declara la presidenta de Autismo Sevilla, quien a\u00f1ade que \u201cesta uni\u00f3n, adem\u00e1s, se supone fundamental para que la investigaci\u00f3n pueda orientarse a conocer mejor los retos que se nos presentan a las familias de personas con autismo. Con este convenio, afianzamos una relaci\u00f3n de acciones y proyectos de varios a\u00f1os, pudiendo establecer un horizonte de nuevos proyectos\u201d.<\/p>\n<p>Por su parte, el vicerrector de Cultura y Pol\u00edticas Sociales de la Universidad Pablo de Olavide ha resaltado que \u201c\u00e9sta es una muestra m\u00e1s de nuestro compromiso con el desarrollo de pol\u00edticas conducentes a la inclusi\u00f3n social en el m\u00e1s amplio sentido del t\u00e9rmino\u201d, y felicit\u00f3 a la <strong>directora acad\u00e9mica de Integraci\u00f3n y Diversidad Funcional<\/strong>, <strong>Mar\u00eda Jos\u00e9 Parejo Guzm\u00e1n<\/strong>, por haber impulsado la firma de este acuerdo, \u201cque viene a abrir nuevos horizontes de colaboraci\u00f3n, si cabe m\u00e1s intensos, con esta asociaci\u00f3n con la cual ya ven\u00edamos trabajando estrechamente, con especial \u00e9nfasis en la inserci\u00f3n laboral de nuestros estudiantes\u201d.<\/p>\n<p>Autismo Sevilla es una asociaci\u00f3n de padres de personas con Trastornos del Espectro Autista sin \u00e1nimo de lucro y declarada de utilidad p\u00fablica que tiene por misi\u00f3n promover la calidad de vida, la inclusi\u00f3n social y los derechos de las personas con Trastornos del Espectro Autista (TEA) y de sus familias a lo largo de su ciclo vital.<\/p>\n<p>En este curso acad\u00e9mico, esta asociaci\u00f3n va a empezar a colaborar con el proyecto <em>Specialisterne<\/em>, una gran oportunidad para muchos estudiantes con TEA para obtener una formaci\u00f3n especializada, con pr\u00e1cticas, y que les posiciona para el mercado laboral. As\u00ed, en el marco de las futuras actuaciones y colaboraciones que Autismo Sevilla va a iniciar con la Universidad Pablo de Olavide, el estudiantado de la UPO que cumpla los requisitos podr\u00e1 participar en dicho proyecto.<\/p>\n<p>En el acto tambi\u00e9n estuvieron presentes <strong>Marcos Zamora Herranz<\/strong>, director general de Autismo Sevilla, <strong>Jos\u00e9 Luis Sarasola S\u00e1nchez-Serrano<\/strong>, director general de Innovaci\u00f3n Social de la UPO, y <strong>Mar\u00eda Jos\u00e9 Parejo Guzm\u00e1n<\/strong>, directora acad\u00e9mica de Integraci\u00f3n y Diversidad Funcional de esta universidad.<\/p>\n","protected":false},"excerpt":{"rendered":"<p>Estudiantes de la Universidad Pablo de Olavide podr\u00e1n realizar pr\u00e1cticas en la Asociaci\u00f3n de Padres de Personas con Trastornos del Espectro Autista \u2013 Autismo Sevilla, seg\u00fan se desprende de un protocolo general de colaboraci\u00f3n firmado entre ambas entidades y que se ha dado a conocer en un acto celebrado hoy en la UPO.<\/p>\n","protected":false},"author":2,"featured_media":30868520,"comment_status":"closed","ping_status":"open","sticky":false,"template":"","format":"standard","meta":{"_monsterinsights_skip_tracking":false,"_monsterinsights_sitenote_active":false,"_monsterinsights_sitenote_note":"","_monsterinsights_sitenote_category":0,"footnotes":""},"categories":[6],"tags":[4642,326,65,1987,5508,7194],"class_list":["post-30868519","post","type-post","status-publish","format-standard","has-post-thumbnail","hentry","category-institucional","tag-autismo-sevilla","tag-convenio","tag-practicas","tag-protocolo-de-colaboracion","tag-tea","tag-vicerrectorado-de-cultura-y-politicas-sociales"],"_links":{"self":[{"href":"https:\/\/www.upo.es\/diario\/wp-json\/wp\/v2\/posts\/30868519","targetHints":{"allow":["GET"]}}],"collection":[{"href":"https:\/\/www.upo.es\/diario\/wp-json\/wp\/v2\/posts"}],"about":[{"href":"https:\/\/www.upo.es\/diario\/wp-json\/wp\/v2\/types\/post"}],"author":[{"embeddable":true,"href":"https:\/\/www.upo.es\/diario\/wp-json\/wp\/v2\/users\/2"}],"replies":[{"embeddable":true,"href":"https:\/\/www.upo.es\/diario\/wp-json\/wp\/v2\/comments?post=30868519"}],"version-history":[{"count":3,"href":"https:\/\/www.upo.es\/diario\/wp-json\/wp\/v2\/posts\/30868519\/revisions"}],"predecessor-version":[{"id":30868524,"href":"https:\/\/www.upo.es\/diario\/wp-json\/wp\/v2\/posts\/30868519\/revisions\/30868524"}],"wp:featuredmedia":[{"embeddable":true,"href":"https:\/\/www.upo.es\/diario\/wp-json\/wp\/v2\/media\/30868520"}],"wp:attachment":[{"href":"https:\/\/www.upo.es\/diario\/wp-json\/wp\/v2\/media?parent=30868519"}],"wp:term":[{"taxonomy":"category","embeddable":true,"href":"https:\/\/www.upo.es\/diario\/wp-json\/wp\/v2\/categories?post=30868519"},{"taxonomy":"post_tag","embeddable":true,"href":"https:\/\/www.upo.es\/diario\/wp-json\/wp\/v2\/tags?post=30868519"}],"curies":[{"name":"wp","href":"https:\/\/api.w.org\/{rel}","templated":true}]}}