{"id":30868549,"date":"2021-09-23T16:31:23","date_gmt":"2021-09-23T14:31:23","guid":{"rendered":"https:\/\/www.upo.es\/diario\/?p=30868549"},"modified":"2021-10-04T15:07:12","modified_gmt":"2021-10-04T13:07:12","slug":"la-generacion-que-tuvo-que-enfrentarse-al-reto-de-estudiar-en-pleno-confinamiento-sera-recordada-siempre-como-la-mas-fuerte-y-resistente-de-todas","status":"publish","type":"post","link":"https:\/\/www.upo.es\/diario\/institucional\/2021\/09\/la-generacion-que-tuvo-que-enfrentarse-al-reto-de-estudiar-en-pleno-confinamiento-sera-recordada-siempre-como-la-mas-fuerte-y-resistente-de-todas\/","title":{"rendered":"\u201cLa generaci\u00f3n que tuvo que enfrentarse al reto de estudiar en pleno confinamiento ser\u00e1 recordada siempre como la m\u00e1s fuerte y resistente de todas\u201d"},"content":{"rendered":"<p><iframe loading=\"lazy\" title=\"YouTube video player\" src=\"https:\/\/www.youtube.com\/embed\/3FLTjb7qrAs\" width=\"560\" height=\"315\" frameborder=\"0\" allowfullscreen=\"allowfullscreen\"><\/iframe><\/p>\n<p>La Universidad Pablo de Olavide ha celebrado hoy en el Paraninfo el <strong>solemne acto de apertura del curso acad\u00e9mico 2021\/2022<\/strong>, que ha sido presidido por el rector <strong>Francisco Oliva Bl\u00e1zquez<\/strong> y que ha contado con la presencia del consejero de Transformaci\u00f3n Econ\u00f3mica, Industria, Conocimiento y Universidades de la Junta de Andaluc\u00eda, <strong>Rogelio Velasco P\u00e9rez<\/strong>, adem\u00e1s de diversas autoridades civiles y militares. Acompa\u00f1aban al rector y al consejero en la mesa presidencial <strong>Roc\u00edo Reinoso Cuevas<\/strong>, presidenta del Consejo Social de la UPO, el rector de la Universidad de Sevilla <strong>Miguel \u00c1ngel Castro Arroyo,<\/strong> y <strong>Mar\u00eda Holgado Gonz\u00e1lez<\/strong>, secretaria general de la Universidad Pablo de Olavide.<\/p>\n<figure id=\"attachment_30868564\" aria-describedby=\"caption-attachment-30868564\" style=\"width: 360px\" class=\"wp-caption alignleft\"><a href=\"https:\/\/www.upo.es\/diario\/wp-content\/uploads\/2021\/09\/Apertura-Curso-21-22-33-scaled.jpg\"><img loading=\"lazy\" decoding=\"async\" class=\"size-medium wp-image-30868564\" src=\"https:\/\/www.upo.es\/diario\/wp-content\/uploads\/2021\/09\/Apertura-Curso-21-22-33-360x240.jpg\" alt=\"\" width=\"360\" height=\"240\" srcset=\"https:\/\/www.upo.es\/diario\/wp-content\/uploads\/2021\/09\/Apertura-Curso-21-22-33-360x240.jpg 360w, https:\/\/www.upo.es\/diario\/wp-content\/uploads\/2021\/09\/Apertura-Curso-21-22-33-750x500.jpg 750w, https:\/\/www.upo.es\/diario\/wp-content\/uploads\/2021\/09\/Apertura-Curso-21-22-33-768x512.jpg 768w, https:\/\/www.upo.es\/diario\/wp-content\/uploads\/2021\/09\/Apertura-Curso-21-22-33-600x400.jpg 600w, https:\/\/www.upo.es\/diario\/wp-content\/uploads\/2021\/09\/Apertura-Curso-21-22-33-1536x1024.jpg 1536w, https:\/\/www.upo.es\/diario\/wp-content\/uploads\/2021\/09\/Apertura-Curso-21-22-33-2048x1365.jpg 2048w, https:\/\/www.upo.es\/diario\/wp-content\/uploads\/2021\/09\/Apertura-Curso-21-22-33-165x109.jpg 165w, https:\/\/www.upo.es\/diario\/wp-content\/uploads\/2021\/09\/Apertura-Curso-21-22-33-1320x880.jpg 1320w\" sizes=\"auto, (max-width: 360px) 100vw, 360px\" \/><\/a><figcaption id=\"caption-attachment-30868564\" class=\"wp-caption-text\">Alicia Troncoso durante su lecci\u00f3n inaugural<\/figcaption><\/figure>\n<p>Tras la presentaci\u00f3n de la <a href=\"https:\/\/www.upo.es\/memoria\/\"><strong>Memoria del Curso Acad\u00e9mico 2020\/2021<\/strong> por parte de la secretaria general<\/a>, la catedr\u00e1tica de Lenguajes y Sistemas Inform\u00e1ticos de la Universidad Pablo de Olavide <strong>Alicia Troncoso Lora<\/strong> ha pronunciado la <strong>lecci\u00f3n inaugural \u2018Inteligencia artificial: pasado, presente y futuro\u2019<\/strong>, en la que ha explicado que, a pesar de que el tema acapara actualmente una gran atenci\u00f3n por parte de los medios de comunicaci\u00f3n, no se trata de una disciplina reciente. \u00a0En su ponencia, ha destacado la \u00e9poca de esplendor en la que vive la inteligencia artificial hoy d\u00eda y ha analizado el impacto que tendr\u00e1 en nuestras vidas en el futuro. Asimismo, ha lanzado el mensaje de que es imprescindible la investigaci\u00f3n conjunta desde los \u00e1mbitos tanto tecnol\u00f3gicos como cient\u00edficos, sociales, jur\u00eddicos y humanistas para conseguir una inteligencia artificial centrada en las personas que sea inclusiva, \u00e9tica, fiable, segura y sostenible.<\/p>\n<p>A continuaci\u00f3n, el <strong>consejero de Transformaci\u00f3n Econ\u00f3mica, Industria, Conocimiento y Universidades de la Junta de Andaluc\u00eda, Rogelio Velasco P\u00e9rez<\/strong>, ha puesto en valor el papel de la ciencia y de las universidades para el avance social, resaltando la capacidad de innovaci\u00f3n de la Universidad Pablo de Olavide: \u201cNuestra querida UPO es, sin ninguna duda, y pese a su juventud, un referente innovador\u201d.<\/p>\n<figure id=\"attachment_30868566\" aria-describedby=\"caption-attachment-30868566\" style=\"width: 360px\" class=\"wp-caption alignleft\"><a href=\"https:\/\/www.upo.es\/diario\/wp-content\/uploads\/2021\/09\/Apertura-Curso-21-22-41-scaled.jpg\"><img loading=\"lazy\" decoding=\"async\" class=\"size-medium wp-image-30868566\" src=\"https:\/\/www.upo.es\/diario\/wp-content\/uploads\/2021\/09\/Apertura-Curso-21-22-41-360x240.jpg\" alt=\"Rogelio Velasco en su discurso durante la Apertura\" width=\"360\" height=\"240\" srcset=\"https:\/\/www.upo.es\/diario\/wp-content\/uploads\/2021\/09\/Apertura-Curso-21-22-41-360x240.jpg 360w, https:\/\/www.upo.es\/diario\/wp-content\/uploads\/2021\/09\/Apertura-Curso-21-22-41-750x500.jpg 750w, https:\/\/www.upo.es\/diario\/wp-content\/uploads\/2021\/09\/Apertura-Curso-21-22-41-768x512.jpg 768w, https:\/\/www.upo.es\/diario\/wp-content\/uploads\/2021\/09\/Apertura-Curso-21-22-41-600x400.jpg 600w, https:\/\/www.upo.es\/diario\/wp-content\/uploads\/2021\/09\/Apertura-Curso-21-22-41-1536x1024.jpg 1536w, https:\/\/www.upo.es\/diario\/wp-content\/uploads\/2021\/09\/Apertura-Curso-21-22-41-2048x1365.jpg 2048w, https:\/\/www.upo.es\/diario\/wp-content\/uploads\/2021\/09\/Apertura-Curso-21-22-41-165x109.jpg 165w, https:\/\/www.upo.es\/diario\/wp-content\/uploads\/2021\/09\/Apertura-Curso-21-22-41-1320x880.jpg 1320w\" sizes=\"auto, (max-width: 360px) 100vw, 360px\" \/><\/a><figcaption id=\"caption-attachment-30868566\" class=\"wp-caption-text\">Rogelio Velasco<\/figcaption><\/figure>\n<p>En su discurso, el consejero Rogelio Velasco ha agradecido la labor de Francisco Oliva al frente de la Universidad durante un momento \u201ccomplejo y delicado\u201d, y le ha felicitado por las iniciativas puestas en marcha en los primeros meses de gobierno: \u201cS\u00e9 de tu compromiso con el medio ambiente y la sostenibilidad. Ahora los hechos refrendan tus palabras, poniendo a disposici\u00f3n del alumnado y personal de tu universidad alternativas para un consumo saludable y trabajando para lograr una mayor concienciaci\u00f3n medioambiental\u201d.<\/p>\n<p>Velasco ha recordado la consolidaci\u00f3n de la Universidad Pablo de Olavide en los rankings que eval\u00faan la excelencia y calidad de las instituciones de educaci\u00f3n superiores y ha resaltado de manera especial el hecho de que la UPO se haya convertido este a\u00f1o en la primera y \u00fanica universidad espa\u00f1ola con todos sus centros de estudios de grado acreditados institucionalmente.<\/p>\n<p>Sobre el modelo de financiaci\u00f3n, el consejero ha tenido unas palabras de agradecimiento a Francisco Oliva por su disposici\u00f3n para \u201cacercar posturas\u201d. Velasco ha explicado que a trav\u00e9s de la propuesta de su Consejer\u00eda se \u201cgarantizar\u00e1 la sostenibilidad del sistema, se cubrir\u00e1 la Financiaci\u00f3n B\u00e1sica Operativa y se fomentar\u00e1 la formaci\u00f3n de calidad, la investigaci\u00f3n y la transferencia de conocimiento\u201d.<\/p>\n<p>Por \u00faltimo, Rogelio Velasco ha apuntado la necesidad de un trabajo profundo para adaptar las universidades a la nueva realidad social. \u201cEstos cambios no deben quedarse solo en la superficialidad de los t\u00edtulos, sino que requieren de un trabajo m\u00e1s profundo para conseguir reformas estructurales en las instituciones\u201d, ha subrayado.<\/p>\n<h3><strong>DISCURSO DE APERTURA DEL RECTOR<\/strong><\/h3>\n<p><a href=\"https:\/\/www.upo.es\/diario\/wp-content\/uploads\/2021\/09\/Apertura-UPO-20210923-6-scaled.jpg\"><img loading=\"lazy\" decoding=\"async\" class=\"alignright size-medium wp-image-30868560\" src=\"https:\/\/www.upo.es\/diario\/wp-content\/uploads\/2021\/09\/Apertura-UPO-20210923-6-360x240.jpg\" alt=\"Francisco Oliva durante su discurso\" width=\"360\" height=\"240\" srcset=\"https:\/\/www.upo.es\/diario\/wp-content\/uploads\/2021\/09\/Apertura-UPO-20210923-6-360x240.jpg 360w, https:\/\/www.upo.es\/diario\/wp-content\/uploads\/2021\/09\/Apertura-UPO-20210923-6-750x500.jpg 750w, https:\/\/www.upo.es\/diario\/wp-content\/uploads\/2021\/09\/Apertura-UPO-20210923-6-768x512.jpg 768w, https:\/\/www.upo.es\/diario\/wp-content\/uploads\/2021\/09\/Apertura-UPO-20210923-6-600x400.jpg 600w, https:\/\/www.upo.es\/diario\/wp-content\/uploads\/2021\/09\/Apertura-UPO-20210923-6-1536x1024.jpg 1536w, https:\/\/www.upo.es\/diario\/wp-content\/uploads\/2021\/09\/Apertura-UPO-20210923-6-2048x1366.jpg 2048w, https:\/\/www.upo.es\/diario\/wp-content\/uploads\/2021\/09\/Apertura-UPO-20210923-6-165x109.jpg 165w, https:\/\/www.upo.es\/diario\/wp-content\/uploads\/2021\/09\/Apertura-UPO-20210923-6-1320x880.jpg 1320w\" sizes=\"auto, (max-width: 360px) 100vw, 360px\" \/><\/a>En su alocuci\u00f3n, \u00a0el rector de la Universidad Pablo de Olavide, Francisco Oliva Bl\u00e1zquez<strong>,<\/strong> <strong>ha comenzado elogiando la reacci\u00f3n de la comunidad universitaria, alumnado, profesorado y PAS, durante la pandemia \u201cpor el extraordinario esfuerzo realizado\u201d y ha puesto especial \u00e9nfasis en el aprendizaje que han recibido\u00a0 los estudiantes durante este periodo<\/strong>, al desarrollar nuevas competencias \u201cextremadamente \u00fatiles\u201d para su vida profesional y la sociedad postpand\u00e9mica: \u201cLa generaci\u00f3n que tuvo que enfrentarse al reto de estudiar en pleno confinamiento ser\u00e1 recordada siempre como la m\u00e1s fuerte y resistente de todas\u201d. No obstante, tambi\u00e9n ha destacado la importancia de haber recuperado la presencialidad para la formaci\u00f3n de ciudadanos cr\u00edticos y libres, \u201cuna tarea que precisa el contacto humano, el debate, la contradicci\u00f3n, la contraposici\u00f3n de ideas y la libertad de pensamiento\u201d.<\/p>\n<p>Sobre la vuelta a las aulas, el rector ha pedido no bajar la guardia y actuar de manera responsable, \u201cobservando los principios de precauci\u00f3n, prudencia y solidaridad con el resto de la sociedad\u201d. <strong>El rector ha tenido unas palabras de recuerdo para los miembros de la comunidad universitaria fallecidos por la Covid-19 y ha anunciado que durante la pr\u00f3xima semana el campus contar\u00e1 con puntos de vacunaci\u00f3n para aquellas personas que no hayan recibido una dosis o la pauta completa<\/strong>.<\/p>\n<blockquote><p>\u00abTenemos que ser capaces de coger lo mejor del mundo anal\u00f3gico, de la docencia presencial, y tambi\u00e9n del mundo digital\u00bb<\/p><\/blockquote>\n<p>Asimismo, tambi\u00e9n sobre la experiencia de la pandemia, el rector ha subrayado el ambicioso proceso de tecnificaci\u00f3n de aulas y laboratorios de la UPO, \u201cque tendr\u00e1 una importancia esencial en el futuro de nuestra Universidad, no solo para estar preparados ante diversas circunstancias, sino tambi\u00e9n por el impulso a la internacionalizaci\u00f3n de la instituci\u00f3n, ya que \u201cabre aulas y t\u00edtulos a estudiantes que est\u00e1n fuera de nuestro campus\u201d. \u201cTenemos que ser capaces de coger lo mejor del mundo anal\u00f3gico, de la docencia presencial, y tambi\u00e9n del mundo digital\u201d, ha recalcado.<\/p>\n<p>Por otra parte, Oliva ha abordado tambi\u00e9n los retos a los que se enfrenta la Universidad Pablo de Olavide en los pr\u00f3ximos tiempos como son, entre otros, garantizar la consolidaci\u00f3n y promoci\u00f3n del profesorado, reducir el n\u00famero de profesores contratados temporales o mejorar las infraestructuras del campus.<\/p>\n<p>En este sentido, ha hecho especial menci\u00f3n a la apuesta por la sostenibilidad, poniendo de relieve algunos pasos dados al respecto durante este a\u00f1o: \u201cEstoy convencido de que la Universidad tiene la obligaci\u00f3n moral de ser vanguardia en la lucha contra el cambio clim\u00e1tico, de ser l\u00edderes en la transici\u00f3n ecol\u00f3gica, poniendo en marcha nuevas estrategias que nos permitan dar un salto cualitativo en nuestra relaci\u00f3n con el medio ambiente\u201d.<\/p>\n<p><a title=\"Acto de apertura del curso acad\u00e9mico 2021\/2022\" href=\"https:\/\/www.flickr.com\/photos\/pablodeolavide\/albums\/72157719949076885\" data-flickr-embed=\"true\" data-header=\"true\"><img loading=\"lazy\" decoding=\"async\" src=\"https:\/\/live.staticflickr.com\/65535\/51510348153_d5bc8fd93a_z.jpg\" alt=\"Acto de apertura del curso acad\u00e9mico 2021\/2022\" width=\"640\" height=\"480\" \/><\/a><script async src=\"\/\/embedr.flickr.com\/assets\/client-code.js\" charset=\"utf-8\"><\/script><\/p>\n","protected":false},"excerpt":{"rendered":"<p>En su alocuci\u00f3n, \u00a0el rector de la Universidad Pablo de Olavide, Francisco Oliva Bl\u00e1zquez, ha comenzado elogiando la reacci\u00f3n de la comunidad universitaria, alumnado, profesorado y PAS, durante la pandemia \u201cpor el extraordinario esfuerzo realizado\u201d y ha puesto especial \u00e9nfasis en el aprendizaje que han recibido\u00a0 los estudiantes durante este periodo, al desarrollar nuevas competencias \u201cextremadamente \u00fatiles\u201d para su vida profesional y la sociedad postpand\u00e9mica: \u201cLa generaci\u00f3n que tuvo que enfrentarse al reto de estudiar en pleno confinamiento ser\u00e1 recordada siempre como la m\u00e1s fuerte y resistente de todas\u201d. No obstante, tambi\u00e9n ha destacado la importancia de haber recuperado la presencialidad para la formaci\u00f3n de ciudadanos cr\u00edticos y libres, \u201cuna tarea que precisa el contacto humano, el debate, la contradicci\u00f3n, la contraposici\u00f3n de ideas y la libertad de pensamiento\u201d.<\/p>\n","protected":false},"author":15,"featured_media":30868552,"comment_status":"closed","ping_status":"open","sticky":false,"template":"","format":"standard","meta":{"_monsterinsights_skip_tracking":false,"_monsterinsights_sitenote_active":false,"_monsterinsights_sitenote_note":"","_monsterinsights_sitenote_category":0,"footnotes":""},"categories":[6],"tags":[6655,4436,6601,7441,7381,7566,151,2720,7041,7197],"class_list":["post-30868549","post","type-post","status-publish","format-standard","has-post-thumbnail","hentry","category-institucional","tag-alicia-troncoso","tag-apertura","tag-covid-19","tag-curso-2021-2022","tag-francisco-oliva","tag-generacion","tag-inteligencia-artificial","tag-leccion-inaugural","tag-pandemia","tag-rogelio-velasco"],"_links":{"self":[{"href":"https:\/\/www.upo.es\/diario\/wp-json\/wp\/v2\/posts\/30868549","targetHints":{"allow":["GET"]}}],"collection":[{"href":"https:\/\/www.upo.es\/diario\/wp-json\/wp\/v2\/posts"}],"about":[{"href":"https:\/\/www.upo.es\/diario\/wp-json\/wp\/v2\/types\/post"}],"author":[{"embeddable":true,"href":"https:\/\/www.upo.es\/diario\/wp-json\/wp\/v2\/users\/15"}],"replies":[{"embeddable":true,"href":"https:\/\/www.upo.es\/diario\/wp-json\/wp\/v2\/comments?post=30868549"}],"version-history":[{"count":15,"href":"https:\/\/www.upo.es\/diario\/wp-json\/wp\/v2\/posts\/30868549\/revisions"}],"predecessor-version":[{"id":30868629,"href":"https:\/\/www.upo.es\/diario\/wp-json\/wp\/v2\/posts\/30868549\/revisions\/30868629"}],"wp:featuredmedia":[{"embeddable":true,"href":"https:\/\/www.upo.es\/diario\/wp-json\/wp\/v2\/media\/30868552"}],"wp:attachment":[{"href":"https:\/\/www.upo.es\/diario\/wp-json\/wp\/v2\/media?parent=30868549"}],"wp:term":[{"taxonomy":"category","embeddable":true,"href":"https:\/\/www.upo.es\/diario\/wp-json\/wp\/v2\/categories?post=30868549"},{"taxonomy":"post_tag","embeddable":true,"href":"https:\/\/www.upo.es\/diario\/wp-json\/wp\/v2\/tags?post=30868549"}],"curies":[{"name":"wp","href":"https:\/\/api.w.org\/{rel}","templated":true}]}}