{"id":30868569,"date":"2021-09-24T09:33:26","date_gmt":"2021-09-24T07:33:26","guid":{"rendered":"https:\/\/www.upo.es\/diario\/?p=30868569"},"modified":"2021-09-24T09:33:26","modified_gmt":"2021-09-24T07:33:26","slug":"debemos-irradiar-cultura-del-esfuerzo-de-la-superacion-y-de-la-meritocracia-entre-nuestra-comunidad-universitaria","status":"publish","type":"post","link":"https:\/\/www.upo.es\/diario\/entrevista\/2021\/09\/debemos-irradiar-cultura-del-esfuerzo-de-la-superacion-y-de-la-meritocracia-entre-nuestra-comunidad-universitaria\/","title":{"rendered":"\u201cDebemos irradiar cultura del esfuerzo, de la superaci\u00f3n y de la meritocracia entre nuestra comunidad universitaria\u201d"},"content":{"rendered":"<figure id=\"attachment_30868570\" aria-describedby=\"caption-attachment-30868570\" style=\"width: 750px\" class=\"wp-caption aligncenter\"><a href=\"https:\/\/www.upo.es\/diario\/wp-content\/uploads\/2021\/09\/Feria_JoseManuel01b.jpg\"><img loading=\"lazy\" decoding=\"async\" class=\"size-large wp-image-30868570\" src=\"https:\/\/www.upo.es\/diario\/wp-content\/uploads\/2021\/09\/Feria_JoseManuel01b-750x497.jpg\" alt=\"\" width=\"750\" height=\"497\" srcset=\"https:\/\/www.upo.es\/diario\/wp-content\/uploads\/2021\/09\/Feria_JoseManuel01b-750x497.jpg 750w, https:\/\/www.upo.es\/diario\/wp-content\/uploads\/2021\/09\/Feria_JoseManuel01b-360x239.jpg 360w, https:\/\/www.upo.es\/diario\/wp-content\/uploads\/2021\/09\/Feria_JoseManuel01b-768x509.jpg 768w, https:\/\/www.upo.es\/diario\/wp-content\/uploads\/2021\/09\/Feria_JoseManuel01b-600x398.jpg 600w, https:\/\/www.upo.es\/diario\/wp-content\/uploads\/2021\/09\/Feria_JoseManuel01b-1536x1019.jpg 1536w, https:\/\/www.upo.es\/diario\/wp-content\/uploads\/2021\/09\/Feria_JoseManuel01b-2048x1358.jpg 2048w, https:\/\/www.upo.es\/diario\/wp-content\/uploads\/2021\/09\/Feria_JoseManuel01b-165x109.jpg 165w, https:\/\/www.upo.es\/diario\/wp-content\/uploads\/2021\/09\/Feria_JoseManuel01b-1320x875.jpg 1320w\" sizes=\"auto, (max-width: 750px) 100vw, 750px\" \/><\/a><figcaption id=\"caption-attachment-30868570\" class=\"wp-caption-text\">Jos\u00e9 Manuel Feria Dom\u00ednguez.<\/figcaption><\/figure>\n<p>La <strong>C\u00e1tedra Sevilla F\u00fatbol Club: Universidad, Empresa y Deporte<\/strong> en la Universidad Pablo de Olavide se crea a mediados del 2020 con la vocaci\u00f3n de fomentar el conocimiento, la investigaci\u00f3n, la formaci\u00f3n, el emprendimiento y el compromiso social transformador, sirviendo como punto de encuentro tanto de la comunidad universitaria como de la sociedad en general.<\/p>\n<p>Dirigida por el profesor del Departamento de Econom\u00eda Financiera y Contabilidad de la UPO Jos\u00e9 Manuel Feria Dom\u00ednguez, es resultado de las sinergias creadas entre la Universidad Pablo de Olavide y el club de f\u00fatbol sevillano en \u00e1mbitos como el deporte, la empresa y la transformaci\u00f3n social.<\/p>\n<p><strong>\u00a0\u00bfCon qu\u00e9 objetivo nace la C\u00e1tedra Sevilla F\u00fatbol Club: Universidad, Empresa y Deporte?<\/strong><\/p>\n<p>Para m\u00ed, una c\u00e1tedra universitaria, en general, es un veh\u00edculo \u00f3ptimo para que las empresas e instituciones fortalezcan los v\u00ednculos con nuestra universidad y puedan desplegar, desde ella, su estrategia de responsabilidad social corporativa. En particular, la C\u00e1tedra del SFC: Universidad, Empresa y Deporte nace con la vocaci\u00f3n de convertirse en un c\u00f3rner estrat\u00e9gico, un palco, un \u00e1gora de la empresa dentro de la universidad para facilitar la \u00f3smosis de conocimiento, de talento y de compromiso social con nuestra comunidad universitaria. Por \u00faltimo, no debemos olvidar que se trata de un mecanismo de financiaci\u00f3n para la universidad, con el que poder dise\u00f1ar y desplegar estrategias conjuntas, sin\u00e9rgicas para ambas partes e integradoras con la sociedad.<\/p>\n<p><strong>\u00bfQu\u00e9 balance puede hacer de su primer a\u00f1o de vida?<\/strong><\/p>\n<p>La C\u00e1tedra SFC nace en el mes de julio de 2020 y, a pesar de la pandemia, creo que la valoraci\u00f3n de su primer a\u00f1o de vida ha sido francamente positiva. De hecho, el SFC ha renovado el convenio suscrito de la c\u00e1tedra el pasado mes de julio, lo cual es un indicador objetivo de su compromiso, confianza e ilusi\u00f3n con el proyecto. Desde sus inicios, la c\u00e1tedra nace con una vocaci\u00f3n maximalista y universal. Hemos pensado siempre EN GRANDE y nuestro objetivo medio plazo es convertirnos en un referente de c\u00e1tedra universitaria, en un paradigma, en un <em>benchmark<\/em> de colaboraci\u00f3n p\u00fablico-privada que inspire a otras muchas empresas e instituciones para que repliquen nuestro modelo.<\/p>\n<p><strong>\u00bfCu\u00e1les son las acciones punteras de la c\u00e1tedra?<\/strong><\/p>\n<p>Durante este primer a\u00f1o de vida, las acciones de c\u00e1tedra SFC se han dirigido fundamentalmente a promover la divulgaci\u00f3n cient\u00edfica, la transferencia del conocimiento en el \u00e1mbito deportivo y empresarial y a la organizaci\u00f3n de actividades formativas, de sensibilizaci\u00f3n y programas espec\u00edficos para el fomento de la empleabilidad y la cultura emprendedora. En este sentido, cabe destacar la creaci\u00f3n premio \u2018Manuel Blasco Garz\u00f3n\u2019, quien fuera presidente del club sevillista entre 1924 y 1925, para reconocer la excelencia de los mejores Trabajos Fin de Grado (TFG) y Fin de M\u00e1ster (TFM) realizados en la UPO. Adem\u00e1s, se han impartido numerosos <em>Webminars <\/em>gratuitos dirigidos a la comunidad universitaria, se han dotado becas de formaci\u00f3n para estudiantes, se ha colaborado con el concurso UPOemprende y se ha patrocinado el curso de verano en Carmona \u2018Gesti\u00f3n deportiva 360\u00ba aplicado al futbol\u2019, entre otras actividades rese\u00f1ables.<\/p>\n<p><strong>\u00bfQu\u00e9 planes futuros se contemplan desde la c\u00e1tedra?<\/strong><\/p>\n<p>A muy corto plazo, desde la c\u00e1tedra SFC vamos a becar a tres estudiantes de la UPO y a tres trabajadores del SFC para participar en la nueva edici\u00f3n del proyecto SPUTNIK (2021), un programa disruptivo de promoci\u00f3n del talento, liderazgo y fomento del emprendimiento tecnol\u00f3gico entre los j\u00f3venes de la ciudad de Sevilla.<\/p>\n<p>Por otra parte, este segundo a\u00f1o nos gustar\u00eda especialmente abordar el reto de promover el compromiso y la inclusi\u00f3n social en el pol\u00edgono Sur. Estamos ya en ello.<\/p>\n<p><strong>\u00bfPodr\u00eda resaltar un valor de la c\u00e1tedra?<\/strong><\/p>\n<p>Compartimos el mismo valor, adem\u00e1s de <em>hagstag<\/em>, que el Sevilla FC\u00a0 \u201cNuncaTeRindas\u201d (<em>NeverSurrender<\/em>). Debemos irradiar esa cultura del esfuerzo, de la superaci\u00f3n y de la meritocracia entre nuestra comunidad universitaria; creo que es una clave para el \u00e9xito personal y profesional.<\/p>\n<p><strong>\u00bfPor qu\u00e9 es importante para la UPO contar con la C\u00e1tedra Sevilla F\u00fatbol Club: Universidad, Empresa y Deporte?<\/strong><\/p>\n<p>Contar con el Sevilla FC como aliado estrat\u00e9gico es un aut\u00e9ntico privilegio. Se trata de una gran empresa sevillana con un potencial de crecimiento espectacular, con una clara apuesta por la innovaci\u00f3n, la internacionalizaci\u00f3n y muy comprometida con el territorio, al igual que la UPO. No podemos tener mejor vecino.<\/p>\n","protected":false},"excerpt":{"rendered":"<p>La C\u00e1tedra Sevilla F\u00fatbol Club: Universidad, Empresa y Deporte en la Universidad Pablo de Olavide se crea a mediados del 2020 con la vocaci\u00f3n de fomentar el conocimiento, la investigaci\u00f3n, la formaci\u00f3n, el emprendimiento y el compromiso social transformador, sirviendo como punto de encuentro tanto de la comunidad universitaria como de la sociedad en general.<\/p>\n<p>Dirigida por el profesor del Departamento de Econom\u00eda Financiera y Contabilidad de la UPO Jos\u00e9 Manuel Feria Dom\u00ednguez, es resultado de las sinergias creadas entre la Universidad Pablo de Olavide y el club de f\u00fatbol sevillano en \u00e1mbitos como el deporte, la empresa y la transformaci\u00f3n social.<\/p>\n","protected":false},"author":2,"featured_media":30868570,"comment_status":"closed","ping_status":"open","sticky":false,"template":"","format":"standard","meta":{"_monsterinsights_skip_tracking":false,"_monsterinsights_sitenote_active":false,"_monsterinsights_sitenote_note":"","_monsterinsights_sitenote_category":0,"footnotes":""},"categories":[24],"tags":[358,2759,541,3989,689,509,56,6123],"class_list":["post-30868569","post","type-post","status-publish","format-standard","has-post-thumbnail","hentry","category-entrevista","tag-catedra","tag-compromiso-social","tag-deporte","tag-empleabilidad","tag-emprendimiento","tag-formacion","tag-investigacion","tag-sevilla-fc"],"_links":{"self":[{"href":"https:\/\/www.upo.es\/diario\/wp-json\/wp\/v2\/posts\/30868569","targetHints":{"allow":["GET"]}}],"collection":[{"href":"https:\/\/www.upo.es\/diario\/wp-json\/wp\/v2\/posts"}],"about":[{"href":"https:\/\/www.upo.es\/diario\/wp-json\/wp\/v2\/types\/post"}],"author":[{"embeddable":true,"href":"https:\/\/www.upo.es\/diario\/wp-json\/wp\/v2\/users\/2"}],"replies":[{"embeddable":true,"href":"https:\/\/www.upo.es\/diario\/wp-json\/wp\/v2\/comments?post=30868569"}],"version-history":[{"count":1,"href":"https:\/\/www.upo.es\/diario\/wp-json\/wp\/v2\/posts\/30868569\/revisions"}],"predecessor-version":[{"id":30868571,"href":"https:\/\/www.upo.es\/diario\/wp-json\/wp\/v2\/posts\/30868569\/revisions\/30868571"}],"wp:featuredmedia":[{"embeddable":true,"href":"https:\/\/www.upo.es\/diario\/wp-json\/wp\/v2\/media\/30868570"}],"wp:attachment":[{"href":"https:\/\/www.upo.es\/diario\/wp-json\/wp\/v2\/media?parent=30868569"}],"wp:term":[{"taxonomy":"category","embeddable":true,"href":"https:\/\/www.upo.es\/diario\/wp-json\/wp\/v2\/categories?post=30868569"},{"taxonomy":"post_tag","embeddable":true,"href":"https:\/\/www.upo.es\/diario\/wp-json\/wp\/v2\/tags?post=30868569"}],"curies":[{"name":"wp","href":"https:\/\/api.w.org\/{rel}","templated":true}]}}