{"id":30868607,"date":"2021-09-28T06:27:47","date_gmt":"2021-09-28T04:27:47","guid":{"rendered":"https:\/\/www.upo.es\/diario\/?p=30868607"},"modified":"2021-09-30T17:11:54","modified_gmt":"2021-09-30T15:11:54","slug":"abierta-la-inscripcion-en-el-programa-artes-y-formacion-de-la-universidad-pablo-de-olavide","status":"publish","type":"post","link":"https:\/\/www.upo.es\/diario\/cultura\/2021\/09\/abierta-la-inscripcion-en-el-programa-artes-y-formacion-de-la-universidad-pablo-de-olavide\/","title":{"rendered":"Abierta la inscripci\u00f3n en el programa \u2018Artes y Formaci\u00f3n\u2019 de la Universidad Pablo de Olavide"},"content":{"rendered":"<p><strong>El programa \u2018Artes y Formaci\u00f3n\u2019 de la Universidad Pablo de Olavide oferta clases de teatro, m\u00fasica coral y cante, baile y guitarra flamenca que se desarrollan en el espacio cultural \u2018El Entramado\u2019.<\/strong> Este programa de formaci\u00f3n art\u00edstica est\u00e1 coordinado por el Servicio de Extensi\u00f3n Cultural de la UPO. La participaci\u00f3n en el programa posibilita convalidar 1,5 cr\u00e9ditos ECTS durante el curso acad\u00e9mico y las inscripciones se admiten por orden de llegada hasta el 1 de octubre.<\/p>\n<p>La formaci\u00f3n teatral es impartida por el aula de artes esc\u00e9nicas \u2018La Escalera Teatro\u2019; el Coro de la Universidad Pablo de Olavide oferta clases de interpretaci\u00f3n del repertorio coral, centr\u00e1ndose en el aprendizaje de la t\u00e9cnica vocal; y la Pe\u00f1a Universitaria \u2018Sentir Flamenco\u2019 oferta clases de baile, cante y guitarra. Se ofertan 25 plazas en cada actividad, de las que cinco est\u00e1n disponibles para personas ajenas a la comunidad universitaria, excepto en flamenco.<\/p>\n<h3><strong>Aula de Artes Esc\u00e9nicas &#8216;La Escalera Teatro&#8217;<\/strong><\/h3>\n<p><img loading=\"lazy\" decoding=\"async\" class=\"alignright size-full wp-image-30868609\" src=\"https:\/\/www.upo.es\/diario\/wp-content\/uploads\/2021\/09\/laescalera-alargado-negro.jpg\" alt=\"La Escalera Teatro\" width=\"300\" height=\"117\" \/><strong>Piermario Salerno<\/strong> es su director art\u00edstico y el profesor del aula. \u2018La Escalera Teatro\u2019 forma parte de los circuitos nacionales y regionales de teatro universitario y combina la formaci\u00f3n te\u00f3rica con la t\u00e9cnica y la creaci\u00f3n art\u00edstica. Cada curso se crea una pieza final que este a\u00f1o tratar\u00e1 sobre la gentrificaci\u00f3n de las ciudades. Para participar no se requieren conocimientos ni experiencia previa.<\/p>\n<p><strong>Horario:<\/strong> lunes, martes y mi\u00e9rcoles, de 14:00 a 16:00 horas.<br \/>\nEspacio Cultural \u2018El Entramado\u2019. Sala Anthemis.<br \/>\n<strong>Inscripciones:<\/strong> <a href=\"http:\/\/www.upo.es\/upsc\/extension_cultural\/artes-y-formacion\/formulario-inscripcion-la-escalera-teatro\/\">www.upo.es\/upsc\/extension_cultural\/artes-y-formacion\/formulario-inscripcion-la-escalera-teatro\/<\/a><\/p>\n<h3><strong>Asociaci\u00f3n Cultural Coro de la Universidad Pablo de Olavide<\/strong><\/h3>\n<p><img loading=\"lazy\" decoding=\"async\" class=\"alignright size-full wp-image-30868610\" src=\"https:\/\/www.upo.es\/diario\/wp-content\/uploads\/2021\/09\/CORO-UPO6.jpg\" alt=\"Coro de la UPO\" width=\"185\" height=\"123\" srcset=\"https:\/\/www.upo.es\/diario\/wp-content\/uploads\/2021\/09\/CORO-UPO6.jpg 185w, https:\/\/www.upo.es\/diario\/wp-content\/uploads\/2021\/09\/CORO-UPO6-165x109.jpg 165w\" sizes=\"auto, (max-width: 185px) 100vw, 185px\" \/>Con la finalidad de formar y divulgar el patrimonio musical espa\u00f1ol y andaluz desde el siglo XVI hasta la actualidad, el Coro de la UPO oferta formaci\u00f3n para la interpretaci\u00f3n de este repertorio coral y el aprendizaje de la t\u00e9cnica vocal. Jorge Rodr\u00edguez Morata es su director musical y Miguel Rodr\u00edguez Rodr\u00edguez el director art\u00edstico.<\/p>\n<p><strong>Las audiciones para el curso 2021\/22 son el 30 de septiembre a las 17 horas.<\/strong><br \/>\n<strong>Horario:<\/strong> jueves alternos, de 17:00 a 19:00 horas.<br \/>\nEspacio Cultural \u2018El Entramado\u2019. Sala Carlina.<br \/>\n<strong>Inscripciones:<\/strong> <a href=\"http:\/\/www.upo.es\/upsc\/extension_cultural\/artes-y-formacion\/formulario-inscripcion-coro-upo\/\">www.upo.es\/upsc\/extension_cultural\/artes-y-formacion\/formulario-inscripcion-coro-upo\/<\/a><\/p>\n<h3><strong>Pe\u00f1a Universitaria \u2018Sentir Flamenco\u2019<\/strong><\/h3>\n<p><img loading=\"lazy\" decoding=\"async\" class=\"alignright wp-image-30868611 size-full\" src=\"https:\/\/www.upo.es\/diario\/wp-content\/uploads\/2021\/09\/galeria-flamenco-e1632824414106.png\" alt=\"Pe\u00f1a Sentir Flamenco\" width=\"196\" height=\"140\" \/>Creada para la divulgaci\u00f3n y fomento del flamenco, oferta clases de baile impartidas por <strong>Carmen Blanco \u2018La Manme\u2019<\/strong>; de cante por <strong>Maite Olivares<\/strong>; y de guitarra por <strong>Kaveh Nassehi<\/strong>. Plazas solo para la comunidad universitaria.<\/p>\n<p>Horario: lunes.<br \/>\n<strong>Baile:<\/strong> De 17 a 18.30 horas. 15 plazas.<br \/>\n<strong>Cante:<\/strong> De 18 a 19.30 horas. 10 plazas.<br \/>\n<strong>Guitarra:<\/strong> De 18 a 19.30 horas. 10 plazas.<br \/>\n<strong>Inscripciones:<\/strong> <a href=\"http:\/\/www.upo.es\/upsc\/extension_cultural\/artes-y-formacion\/formulario-inscripcion-sentir-flamenco\/\">www.upo.es\/upsc\/extension_cultural\/artes-y-formacion\/formulario-inscripcion-sentir-flamenco\/<\/a><\/p>\n<p><strong>M\u00e1s informaci\u00f3n: <\/strong><a href=\"http:\/\/www.upo.es\/upsc\/extension_cultural\/artes-y-formacion\">www.upo.es\/upsc\/extension_cultural\/artes-y-formacion<\/a><\/p>\n<p>&nbsp;<\/p>\n","protected":false},"excerpt":{"rendered":"<p>El programa \u2018Artes y Formaci\u00f3n\u2019 de la Universidad Pablo de Olavide oferta clases de teatro, m\u00fasica coral y cante, baile y guitarra flamenca que se desarrollan en el espacio cultural \u2018El Entramado\u2019. Este programa de formaci\u00f3n art\u00edstica est\u00e1 coordinado por el Servicio de Extensi\u00f3n Cultural de la UPO. La participaci\u00f3n en el programa posibilita convalidar 1,5 cr\u00e9ditos ECTS durante el curso acad\u00e9mico.<\/p>\n","protected":false},"author":6,"featured_media":30868608,"comment_status":"closed","ping_status":"open","sticky":false,"template":"","format":"standard","meta":{"_monsterinsights_skip_tracking":false,"_monsterinsights_sitenote_active":false,"_monsterinsights_sitenote_note":"","_monsterinsights_sitenote_category":0,"footnotes":""},"categories":[5843,7],"tags":[6943,4118,71,93,73,402,3746],"class_list":["post-30868607","post","type-post","status-publish","format-standard","has-post-thumbnail","hentry","category-cultura-social","category-cultura","tag-artes-y-formacion","tag-aula-de-artes-escenicas","tag-coro","tag-flamenco","tag-la-escalera-teatro","tag-musica","tag-servicio-de-extension-cultural"],"_links":{"self":[{"href":"https:\/\/www.upo.es\/diario\/wp-json\/wp\/v2\/posts\/30868607","targetHints":{"allow":["GET"]}}],"collection":[{"href":"https:\/\/www.upo.es\/diario\/wp-json\/wp\/v2\/posts"}],"about":[{"href":"https:\/\/www.upo.es\/diario\/wp-json\/wp\/v2\/types\/post"}],"author":[{"embeddable":true,"href":"https:\/\/www.upo.es\/diario\/wp-json\/wp\/v2\/users\/6"}],"replies":[{"embeddable":true,"href":"https:\/\/www.upo.es\/diario\/wp-json\/wp\/v2\/comments?post=30868607"}],"version-history":[{"count":4,"href":"https:\/\/www.upo.es\/diario\/wp-json\/wp\/v2\/posts\/30868607\/revisions"}],"predecessor-version":[{"id":30868648,"href":"https:\/\/www.upo.es\/diario\/wp-json\/wp\/v2\/posts\/30868607\/revisions\/30868648"}],"wp:featuredmedia":[{"embeddable":true,"href":"https:\/\/www.upo.es\/diario\/wp-json\/wp\/v2\/media\/30868608"}],"wp:attachment":[{"href":"https:\/\/www.upo.es\/diario\/wp-json\/wp\/v2\/media?parent=30868607"}],"wp:term":[{"taxonomy":"category","embeddable":true,"href":"https:\/\/www.upo.es\/diario\/wp-json\/wp\/v2\/categories?post=30868607"},{"taxonomy":"post_tag","embeddable":true,"href":"https:\/\/www.upo.es\/diario\/wp-json\/wp\/v2\/tags?post=30868607"}],"curies":[{"name":"wp","href":"https:\/\/api.w.org\/{rel}","templated":true}]}}