{"id":30868630,"date":"2021-09-28T05:59:33","date_gmt":"2021-09-28T03:59:33","guid":{"rendered":"https:\/\/www.upo.es\/diario\/?p=30868630"},"modified":"2021-09-28T16:02:55","modified_gmt":"2021-09-28T14:02:55","slug":"aprendizaje-y-servicio-como-formar-a-ciudadanos-comprometidos-y-justos","status":"publish","type":"post","link":"https:\/\/www.upo.es\/diario\/theconversation\/2021\/09\/aprendizaje-y-servicio-como-formar-a-ciudadanos-comprometidos-y-justos\/","title":{"rendered":"Aprendizaje y servicio: c\u00f3mo formar a ciudadanos comprometidos y\u00a0justos"},"content":{"rendered":"<p><a href=\"https:\/\/www.upo.es\/diario\/wp-content\/uploads\/2021\/09\/the-conversation_20210928.jpg\"><img loading=\"lazy\" decoding=\"async\" class=\"aligncenter size-large wp-image-30868631\" src=\"https:\/\/www.upo.es\/diario\/wp-content\/uploads\/2021\/09\/the-conversation_20210928-750x557.jpg\" alt=\"\" width=\"750\" height=\"557\" srcset=\"https:\/\/www.upo.es\/diario\/wp-content\/uploads\/2021\/09\/the-conversation_20210928-750x557.jpg 750w, https:\/\/www.upo.es\/diario\/wp-content\/uploads\/2021\/09\/the-conversation_20210928-360x267.jpg 360w, https:\/\/www.upo.es\/diario\/wp-content\/uploads\/2021\/09\/the-conversation_20210928-600x446.jpg 600w, https:\/\/www.upo.es\/diario\/wp-content\/uploads\/2021\/09\/the-conversation_20210928.jpg 754w\" sizes=\"auto, (max-width: 750px) 100vw, 750px\" \/><\/a><a href=\"https:\/\/theconversation.com\/profiles\/rosa-m-rodriguez-izquierdo-1173090\">Rosa M. Rodr\u00edguez-Izquierdo<\/a>, <em><a href=\"https:\/\/theconversation.com\/institutions\/universidad-pablo-de-olavide-1362\">Universidad Pablo de Olavide<\/a><\/em><\/p>\n<p>Nuestros estudiantes de Educaci\u00f3n Social llegan al primer curso y enseguida salen a colaborar en el Pol\u00edgono Sur, una zona de transformaci\u00f3n social de Sevilla. Parte de su formaci\u00f3n pr\u00e1ctica la realizan en el Colegio de Infantil y Primaria Andaluc\u00eda dando apoyo a <a href=\"https:\/\/revistes.ub.edu\/index.php\/RIDAS\/article\/view\/RIDAS2017.3.8\/21575\">los ni\u00f1os y ni\u00f1as en grupos interactivos<\/a>.<\/p>\n<p>Se trata de una experiencia de aprendizaje-servicio (ApS) que implica, ni m\u00e1s ni menos, devolver a la sociedad parte de lo que de ella recibe, que se separa de la imagen tradicional de la universidad como aislada del mundo y <a href=\"https:\/\/my.queens.edu\/cafe\/Civic%20and%20Community%20Engagement\/Boyer%20Scholarship%20of%20Engagement.pdf\">se compromete<\/a> con una docencia <a href=\"https:\/\/www.redalyc.org\/pdf\/274\/27418203.pdf\">entregada y liberadora <\/a>.<\/p>\n<p>El ApS es una metodolog\u00eda activa basada en la experiencia a trav\u00e9s de la cual el estudiantado aprende y desarrolla competencias curriculares a la vez que se vincula con necesidades reales de su entorno, con la finalidad de transformarlo. Pero es m\u00e1s que eso, es una filosof\u00eda de la educaci\u00f3n que conecta con lo que se ha venido en denominar tercera misi\u00f3n de la universidad o Responsabilidad Social Universitaria (RSU) para la promoci\u00f3n de la sostenibilidad en la universidad que la <a href=\"https:\/\/www.crue.org\/wp-content\/uploads\/2020\/02\/2.-APROBADA-INSTITUCIONALIZACION-ApS.pdf\">CRUE apoy\u00f3<\/a> en 2015.<\/p>\n<p>Este modo de entender la misi\u00f3n de la universidad se ha desarrollado ostensiblemente en los \u00faltimos a\u00f1os en Espa\u00f1a como instrumento de cambio desde las instituciones de educaci\u00f3n superior. En el ApS el alumnado detecta en su contexto pr\u00f3ximo una situaci\u00f3n con cuya transformaci\u00f3n se compromete, desarrollando un proyecto de servicio solidario que sirve para dar sentido y desarrollar los conocimientos, habilidades, actitudes y valores a la luz de las distintas asignaturas que cursa en la universidad. El alumnado <a href=\"https:\/\/www.researchgate.net\/publication\/341457928_Percepciones_del_alumnado_universitario_sobre_el_aprendizaje-servicio_como_herramienta_para_su_desarrollo_personal_y_profesional\">espera esta formaci\u00f3n<\/a> pr\u00e1ctica, situada y en relaci\u00f3n con los problemas y demandas sociales.<\/p>\n<h3>Aprendizaje y compromiso<\/h3>\n<p>El ApS no es algo nuevo, sino una mezcla original de varios factores sobradamente acreditados por las pedagog\u00edas activas o la educaci\u00f3n popular: el aprendizaje experiencial y el compromiso con la comunidad. El ApS los pone en valor al culminar el servicio con el v\u00ednculo curricular. Multitud de investigaciones han demostrado que el ApS es una metodolog\u00eda que <a href=\"https:\/\/ojs.ehu.eus\/index.php\/psicodidactica\/article\/view\/22485\/20065\">potencia el compromiso social<\/a>, la educaci\u00f3n para la ciudadan\u00eda intercultural, a la vez que mantiene la excelencia y el compromiso acad\u00e9micos del alumnado.<\/p>\n<p>Para ahondar en esta certeza se realiz\u00f3 <a href=\"https:\/\/rio.upo.es\/xmlui\/handle\/10433\/9696\">un estudio comparado<\/a> de los resultados obtenidos por los estudiantes a trav\u00e9s de una metodolog\u00eda tradicional que se desarrolla \u00edntegramente entre los muros de las aulas y otro grupo de estudiantes que participa en una experiencia de ApS.<\/p>\n<p>En este trabajo se plasman los resultados a favor del grupo que integra aprendizaje curricular con la realizaci\u00f3n de actividades de servicio comunitario donde el estudiantado asume un papel protagonista, poniendo especial \u00e9nfasis en el an\u00e1lisis cr\u00edtico e intercultural y la comprensi\u00f3n de problemas y necesidades sociales reales del entorno, implic\u00e1ndose en la construcci\u00f3n de una sociedad m\u00e1s justa y equitativa.<\/p>\n<h3>Universidad c\u00edvica e inclusiva<\/h3>\n<p>Desde esta perspectiva, el ApS es una metodolog\u00eda did\u00e1ctica valiosa para la inclusi\u00f3n de la sostenibilidad en los curr\u00edculos universitarios en sinton\u00eda con una \u201c<a href=\"https:\/\/recyt.fecyt.es\/index.php\/profesorado\/article\/view\/41020\/23310\">universidad c\u00edvica comprometida<\/a>\u201d con los temas contempor\u00e1neos en l\u00ednea con los Objetivos de Desarrollo Sostenible para la formaci\u00f3n del alumnado universitario, pudi\u00e9ndose centrar en \u00e1mbitos tales como apoyo a la educaci\u00f3n, medioambiente, cooperaci\u00f3n internacional, promoci\u00f3n de la salud, apoyo a colectivos con necesidades, diversidad funcional, ciudadan\u00eda intercultural, etc.<\/p>\n<p>Por tanto, hablar de ApS es hablar de una pr\u00e1ctica docente comprometida con el desarrollo de valores imprescindibles para la construcci\u00f3n de sociedades democr\u00e1ticas, pero tambi\u00e9n en el nivel institucional (la Universidad) con la misi\u00f3n de formar una <a href=\"https:\/\/www.redalyc.org\/pdf\/2170\/217015570006.pdf\">ciudadan\u00eda cr\u00edtica y comprometida<\/a>.<\/p>\n<p>Para ello, se requiere el trabajo en red y el trabajo colaborativo y cooperativo, que rompe las barreras de los espacios y los tiempos de las asignaturas, que vinculan contextos educativos formales y no formales, que van del \u00e1mbito acad\u00e9mico al mundo asociativo.<\/p>\n<p>En definitiva, se trata de un enfoque que puede utilizarse en todas las titulaciones de grado y posgrado y que juega un papel esencial como estrategia de proyecci\u00f3n de la sostenibilidad curricular fuera del aula universitaria a trav\u00e9s de actividades reales y complejas, con un significativo componente \u00e9tico y de reflexi\u00f3n cr\u00edtica.<\/p>\n<p>Esta forma de entender la educaci\u00f3n promueve la ciudadan\u00eda intercultural del alumnado desde el compromiso c\u00edvico con las necesidades asociadas a la sostenibilidad.<\/p>\n<p>La era poscovid, en la que los problemas sociales se han magnificado a nivel mundial, es el momento oportuno para implementar experiencias de aprendizaje y servicio como estrategia fundamental para una educaci\u00f3n de calidad alineada con los principios de una <a href=\"https:\/\/dialnet.unirioja.es\/servlet\/libro?codigo=353937\">Universidad comprometida con la realidad social<\/a> y el desarrollo sostenible.<\/p>\n<p><a href=\"https:\/\/theconversation.com\/profiles\/rosa-m-rodriguez-izquierdo-1173090\">Rosa M. Rodr\u00edguez-Izquierdo<\/a>, Profesora Titular Dpto. Educaci\u00f3n y Psicolog\u00eda Social, Universidad Pablo de Olavide (2004 hasta la actualidad), <em><a href=\"https:\/\/theconversation.com\/institutions\/universidad-pablo-de-olavide-1362\">Universidad Pablo de Olavide<\/a><\/em><\/p>\n<p>Este art\u00edculo fue publicado originalmente en <a href=\"https:\/\/theconversation.com\">The Conversation<\/a>. Lea el <a href=\"https:\/\/theconversation.com\/aprendizaje-y-servicio-como-formar-a-ciudadanos-comprometidos-y-justos-164979\">original<\/a>.<\/p>\n<p><img loading=\"lazy\" decoding=\"async\" style=\"border: none !important; box-shadow: none !important; margin: 0 !important; max-height: 1px !important; max-width: 1px !important; min-height: 1px !important; min-width: 1px !important; opacity: 0 !important; outline: none !important; padding: 0 !important; text-shadow: none !important;\" src=\"https:\/\/counter.theconversation.com\/content\/164979\/count.gif?distributor=republish-lightbox-advanced\" alt=\"The Conversation\" width=\"1\" height=\"1\" \/><\/p>\n","protected":false},"excerpt":{"rendered":"<p>Rosa M. Rodr\u00edguez-Izquierdo, Universidad Pablo de Olavide Nuestros estudiantes de Educaci\u00f3n Social llegan al primer curso y enseguida salen a colaborar en el Pol\u00edgono Sur, una zona de transformaci\u00f3n social de Sevilla. Parte de su formaci\u00f3n pr\u00e1ctica la realizan en el Colegio de Infantil y Primaria Andaluc\u00eda dando apoyo a los ni\u00f1os y ni\u00f1as en grupos interactivos. Se trata de<a class=\"read-more\" href=\"https:\/\/www.upo.es\/diario\/theconversation\/2021\/09\/aprendizaje-y-servicio-como-formar-a-ciudadanos-comprometidos-y-justos\/\">[Read More&#8230;]<\/a><\/p>\n","protected":false},"author":6,"featured_media":30868631,"comment_status":"closed","ping_status":"open","sticky":false,"template":"","format":"standard","meta":{"_monsterinsights_skip_tracking":false,"_monsterinsights_sitenote_active":false,"_monsterinsights_sitenote_note":"","_monsterinsights_sitenote_category":0,"footnotes":""},"categories":[5390],"tags":[115,465,628,2428],"class_list":["post-30868630","post","type-post","status-publish","format-standard","has-post-thumbnail","hentry","category-theconversation","tag-aprendizaje","tag-educacion","tag-educacion-social","tag-metodologia-aprendizaje-servicio"],"_links":{"self":[{"href":"https:\/\/www.upo.es\/diario\/wp-json\/wp\/v2\/posts\/30868630","targetHints":{"allow":["GET"]}}],"collection":[{"href":"https:\/\/www.upo.es\/diario\/wp-json\/wp\/v2\/posts"}],"about":[{"href":"https:\/\/www.upo.es\/diario\/wp-json\/wp\/v2\/types\/post"}],"author":[{"embeddable":true,"href":"https:\/\/www.upo.es\/diario\/wp-json\/wp\/v2\/users\/6"}],"replies":[{"embeddable":true,"href":"https:\/\/www.upo.es\/diario\/wp-json\/wp\/v2\/comments?post=30868630"}],"version-history":[{"count":1,"href":"https:\/\/www.upo.es\/diario\/wp-json\/wp\/v2\/posts\/30868630\/revisions"}],"predecessor-version":[{"id":30868632,"href":"https:\/\/www.upo.es\/diario\/wp-json\/wp\/v2\/posts\/30868630\/revisions\/30868632"}],"wp:featuredmedia":[{"embeddable":true,"href":"https:\/\/www.upo.es\/diario\/wp-json\/wp\/v2\/media\/30868631"}],"wp:attachment":[{"href":"https:\/\/www.upo.es\/diario\/wp-json\/wp\/v2\/media?parent=30868630"}],"wp:term":[{"taxonomy":"category","embeddable":true,"href":"https:\/\/www.upo.es\/diario\/wp-json\/wp\/v2\/categories?post=30868630"},{"taxonomy":"post_tag","embeddable":true,"href":"https:\/\/www.upo.es\/diario\/wp-json\/wp\/v2\/tags?post=30868630"}],"curies":[{"name":"wp","href":"https:\/\/api.w.org\/{rel}","templated":true}]}}