{"id":30868637,"date":"2021-09-30T14:27:36","date_gmt":"2021-09-30T12:27:36","guid":{"rendered":"https:\/\/www.upo.es\/diario\/?p=30868637"},"modified":"2021-10-01T14:48:44","modified_gmt":"2021-10-01T12:48:44","slug":"jornadas-trata-mujeres-explotacion-sexual","status":"publish","type":"post","link":"https:\/\/www.upo.es\/diario\/docencia-formacion\/2021\/09\/jornadas-trata-mujeres-explotacion-sexual\/","title":{"rendered":"La Asociaci\u00f3n Amiga y la UPO organizan unas jornadas sobre la trata de mujeres con fines de explotaci\u00f3n sexual"},"content":{"rendered":"<figure id=\"attachment_30868639\" aria-describedby=\"caption-attachment-30868639\" style=\"width: 750px\" class=\"wp-caption aligncenter\"><a href=\"https:\/\/www.upo.es\/diario\/wp-content\/uploads\/2021\/09\/Congreso-Trata_Monica-Dominguez.jpg\"><img loading=\"lazy\" decoding=\"async\" class=\"size-large wp-image-30868639\" src=\"https:\/\/www.upo.es\/diario\/wp-content\/uploads\/2021\/09\/Congreso-Trata_Monica-Dominguez-750x335.jpg\" alt=\"M\u00f3nica Dom\u00ednguez en la inauguraci\u00f3n de las jornadas\" width=\"750\" height=\"335\" srcset=\"https:\/\/www.upo.es\/diario\/wp-content\/uploads\/2021\/09\/Congreso-Trata_Monica-Dominguez-750x335.jpg 750w, https:\/\/www.upo.es\/diario\/wp-content\/uploads\/2021\/09\/Congreso-Trata_Monica-Dominguez-360x161.jpg 360w, https:\/\/www.upo.es\/diario\/wp-content\/uploads\/2021\/09\/Congreso-Trata_Monica-Dominguez-768x343.jpg 768w, https:\/\/www.upo.es\/diario\/wp-content\/uploads\/2021\/09\/Congreso-Trata_Monica-Dominguez-600x268.jpg 600w, https:\/\/www.upo.es\/diario\/wp-content\/uploads\/2021\/09\/Congreso-Trata_Monica-Dominguez-1536x687.jpg 1536w, https:\/\/www.upo.es\/diario\/wp-content\/uploads\/2021\/09\/Congreso-Trata_Monica-Dominguez-1320x590.jpg 1320w, https:\/\/www.upo.es\/diario\/wp-content\/uploads\/2021\/09\/Congreso-Trata_Monica-Dominguez.jpg 1988w\" sizes=\"auto, (max-width: 750px) 100vw, 750px\" \/><\/a><figcaption id=\"caption-attachment-30868639\" class=\"wp-caption-text\">M\u00f3nica Dom\u00ednguez en la inauguraci\u00f3n de las jornadas celebradas en formato online<\/figcaption><\/figure>\n<p><strong>M\u00f3nica Dom\u00ednguez<\/strong>, delegada del rector para la Igualdad de G\u00e9nero de la Universidad Pablo de Olavide, y <strong>Vanessa Casado<\/strong>, fundadora de la Asociaci\u00f3n AMIGA, han inaugurado en la ma\u00f1ana de hoy las jornadas <strong>\u2018Trafficking on women for sexual purposes. <\/strong><strong>Shared perspectives and new challenges for socio economic reintegration of victims\/survivors\u2019<\/strong>. En formato <em>online<\/em>, la conferencia de apertura ha sido impartida por <strong>Elisa Nieto<\/strong>, vocal asesora de la Delegaci\u00f3n del Gobierno contra la Violencia de G\u00e9nero, del Ministerio de Igualdad, quien ha expuesto los trabajos para contar con un plan nacional contra la trata en Espa\u00f1a.<\/p>\n<p><a href=\"https:\/\/www.upo.es\/diario\/wp-content\/uploads\/2021\/09\/Cartel-Congreso_trata_30sep.png\"><img loading=\"lazy\" decoding=\"async\" class=\"alignright size-medium wp-image-30868640\" src=\"https:\/\/www.upo.es\/diario\/wp-content\/uploads\/2021\/09\/Cartel-Congreso_trata_30sep-254x360.png\" alt=\"Trafficking on women for sexual purposes. Shared perspectives and new challenges for socio economic reintegration of victims\/survivors\" width=\"254\" height=\"360\" srcset=\"https:\/\/www.upo.es\/diario\/wp-content\/uploads\/2021\/09\/Cartel-Congreso_trata_30sep-254x360.png 254w, https:\/\/www.upo.es\/diario\/wp-content\/uploads\/2021\/09\/Cartel-Congreso_trata_30sep-530x750.png 530w, https:\/\/www.upo.es\/diario\/wp-content\/uploads\/2021\/09\/Cartel-Congreso_trata_30sep-768x1086.png 768w, https:\/\/www.upo.es\/diario\/wp-content\/uploads\/2021\/09\/Cartel-Congreso_trata_30sep-600x849.png 600w, https:\/\/www.upo.es\/diario\/wp-content\/uploads\/2021\/09\/Cartel-Congreso_trata_30sep-1086x1536.png 1086w, https:\/\/www.upo.es\/diario\/wp-content\/uploads\/2021\/09\/Cartel-Congreso_trata_30sep-1448x2048.png 1448w, https:\/\/www.upo.es\/diario\/wp-content\/uploads\/2021\/09\/Cartel-Congreso_trata_30sep-1320x1867.png 1320w, https:\/\/www.upo.es\/diario\/wp-content\/uploads\/2021\/09\/Cartel-Congreso_trata_30sep.png 1587w\" sizes=\"auto, (max-width: 254px) 100vw, 254px\" \/><\/a>Estas jornadas sobre la trata de mujeres con fines de explotaci\u00f3n sexual han sido financiadas por el <strong>fondo para el asilo, las migraciones y la integraci\u00f3n de la Uni\u00f3n Europea<\/strong>. A trav\u00e9s del <strong><a href=\"https:\/\/amiga.org.es\/win-trafficked-women-integration\/\">proyecto WIN<\/a><\/strong> (Trafficked Women Integration), cinco organizaciones de Italia, Espa\u00f1a y Bulgaria apoyan a mujeres migrantes v\u00edctimas de trata mejorando sus posibilidades de integraci\u00f3n socio econ\u00f3mica, ya que este es un colectivo especialmente vulnerable a la econom\u00eda sumergida y la explotaci\u00f3n laboral.<\/p>\n<p>La <strong><a href=\"https:\/\/amiga.org.es\/\">Asociaci\u00f3n AMIGA<\/a><\/strong> por los derechos humanos de las mujeres, con sede en Sevilla, es la entidad espa\u00f1ola socia del proyecto WIN. AMIGA trabaja por los derechos de las mujeres desde una perspectiva multicultural y de derechos humanos, sus principales \u00e1mbitos de actuaci\u00f3n son la trata con fines de explotaci\u00f3n sexual, la violencia de g\u00e9nero y la vulneraci\u00f3n de los derechos sexuales y reproductivos de las mujeres. AMIGA ofrece asesor\u00eda jur\u00eddica, ayuda psicol\u00f3gica e informaci\u00f3n y tramitaci\u00f3n sobre servicios sociales a las v\u00edctimas de trata.<\/p>\n<p>Las jornadas, organizadas por la Asociaci\u00f3n AMIGA por los Derechos Humanos de las Mujeres y la <a href=\"https:\/\/www.upo.es\/upsc\/igualdad\/\">Oficina para la Igualdad de la Delegaci\u00f3n del Rector para la igualdad de g\u00e9nero<\/a>, se celebran en abierto, ser\u00e1n clausuradas por <strong>Alethia Jim\u00e9nez<\/strong>, asesora sobre Pol\u00edticas y Programas de <a href=\"https:\/\/www.unwomen.org\/es\">ONU Mujeres<\/a>, con la conferencia \u2018El impacto del COVID-19 sobre las mujeres y las ni\u00f1as. Vulnerabilidades ante la trata de personas\u2019.<\/p>\n<p>La <strong><a href=\"https:\/\/www.upo.es\/rectorado\/delegados\/igualdad-genero\/\">Delegaci\u00f3n del rector para la Igualdad de G\u00e9nero<\/a><\/strong> dirige y coordina las pol\u00edticas de igualdad de g\u00e9nero de la Universidad Pablo de Olavide. Entre sus principales fines est\u00e1 la promoci\u00f3n de acuerdos en materia de igualdad con otras entidades e instituciones, tanto p\u00fablicas como privadas, as\u00ed como la difusi\u00f3n de actividades de formaci\u00f3n y sensibilizaci\u00f3n en este \u00e1mbito.<\/p>\n<p>&nbsp;<\/p>\n","protected":false},"excerpt":{"rendered":"<p>M\u00f3nica Dom\u00ednguez, delegada del rector para la Igualdad de G\u00e9nero de la Universidad Pablo de Olavide, y Vanessa Casado, fundadora de la Asociaci\u00f3n AMIGA, han inaugurado en la ma\u00f1ana de hoy las jornadas \u2018Trafficking on women for sexual purposes. Shared perspectives and new challenges for socio economic reintegration of victims\/survivors\u2019. <\/p>\n","protected":false},"author":6,"featured_media":30868639,"comment_status":"closed","ping_status":"open","sticky":false,"template":"","format":"standard","meta":{"_monsterinsights_skip_tracking":false,"_monsterinsights_sitenote_active":false,"_monsterinsights_sitenote_note":"","_monsterinsights_sitenote_category":0,"footnotes":""},"categories":[2779],"tags":[92,5883,84,613,6022,1053,5864],"class_list":["post-30868637","post","type-post","status-publish","format-standard","has-post-thumbnail","hentry","category-docencia-formacion","tag-derechos-humanos","tag-igualdad-de-genero","tag-jornadas","tag-justicia","tag-migrantes","tag-mujeres","tag-trata-de-personas"],"_links":{"self":[{"href":"https:\/\/www.upo.es\/diario\/wp-json\/wp\/v2\/posts\/30868637","targetHints":{"allow":["GET"]}}],"collection":[{"href":"https:\/\/www.upo.es\/diario\/wp-json\/wp\/v2\/posts"}],"about":[{"href":"https:\/\/www.upo.es\/diario\/wp-json\/wp\/v2\/types\/post"}],"author":[{"embeddable":true,"href":"https:\/\/www.upo.es\/diario\/wp-json\/wp\/v2\/users\/6"}],"replies":[{"embeddable":true,"href":"https:\/\/www.upo.es\/diario\/wp-json\/wp\/v2\/comments?post=30868637"}],"version-history":[{"count":3,"href":"https:\/\/www.upo.es\/diario\/wp-json\/wp\/v2\/posts\/30868637\/revisions"}],"predecessor-version":[{"id":30868642,"href":"https:\/\/www.upo.es\/diario\/wp-json\/wp\/v2\/posts\/30868637\/revisions\/30868642"}],"wp:featuredmedia":[{"embeddable":true,"href":"https:\/\/www.upo.es\/diario\/wp-json\/wp\/v2\/media\/30868639"}],"wp:attachment":[{"href":"https:\/\/www.upo.es\/diario\/wp-json\/wp\/v2\/media?parent=30868637"}],"wp:term":[{"taxonomy":"category","embeddable":true,"href":"https:\/\/www.upo.es\/diario\/wp-json\/wp\/v2\/categories?post=30868637"},{"taxonomy":"post_tag","embeddable":true,"href":"https:\/\/www.upo.es\/diario\/wp-json\/wp\/v2\/tags?post=30868637"}],"curies":[{"name":"wp","href":"https:\/\/api.w.org\/{rel}","templated":true}]}}