{"id":30868649,"date":"2021-10-01T11:54:51","date_gmt":"2021-10-01T09:54:51","guid":{"rendered":"https:\/\/www.upo.es\/diario\/?p=30868649"},"modified":"2021-10-01T11:54:51","modified_gmt":"2021-10-01T09:54:51","slug":"estudiantes-francesas-del-centro-de-estudios-champcevinel-visitan-la-upo-para-conocer-el-trabajo-social-en-espana","status":"publish","type":"post","link":"https:\/\/www.upo.es\/diario\/docencia-formacion\/2021\/10\/estudiantes-francesas-del-centro-de-estudios-champcevinel-visitan-la-upo-para-conocer-el-trabajo-social-en-espana\/","title":{"rendered":"Estudiantes francesas del centro de estudios Champcevinel visitan la UPO para conocer el Trabajo Social en Espa\u00f1a"},"content":{"rendered":"<figure id=\"attachment_30868650\" aria-describedby=\"caption-attachment-30868650\" style=\"width: 750px\" class=\"wp-caption aligncenter\"><a href=\"https:\/\/www.upo.es\/diario\/wp-content\/uploads\/2021\/10\/Colectivo-ESF-24_2021_10_01_19-scaled.jpg\"><img loading=\"lazy\" decoding=\"async\" class=\"wp-image-30868650 size-large\" src=\"https:\/\/www.upo.es\/diario\/wp-content\/uploads\/2021\/10\/Colectivo-ESF-24_2021_10_01_19-750x422.jpg\" alt=\"Jos\u00e9 David Guti\u00e9rrez S\u00e1nchez\" width=\"750\" height=\"422\" srcset=\"https:\/\/www.upo.es\/diario\/wp-content\/uploads\/2021\/10\/Colectivo-ESF-24_2021_10_01_19-750x422.jpg 750w, https:\/\/www.upo.es\/diario\/wp-content\/uploads\/2021\/10\/Colectivo-ESF-24_2021_10_01_19-360x203.jpg 360w, https:\/\/www.upo.es\/diario\/wp-content\/uploads\/2021\/10\/Colectivo-ESF-24_2021_10_01_19-768x432.jpg 768w, https:\/\/www.upo.es\/diario\/wp-content\/uploads\/2021\/10\/Colectivo-ESF-24_2021_10_01_19-600x338.jpg 600w, https:\/\/www.upo.es\/diario\/wp-content\/uploads\/2021\/10\/Colectivo-ESF-24_2021_10_01_19-1536x864.jpg 1536w, https:\/\/www.upo.es\/diario\/wp-content\/uploads\/2021\/10\/Colectivo-ESF-24_2021_10_01_19-2048x1152.jpg 2048w\" sizes=\"auto, (max-width: 750px) 100vw, 750px\" \/><\/a><figcaption id=\"caption-attachment-30868650\" class=\"wp-caption-text\">Jos\u00e9 David Guti\u00e9rrez S\u00e1nchez<\/figcaption><\/figure>\n<p>Un grupo de 25 estudiantes del <a href=\"https:\/\/cfpchampcevinel.fr\/\">Centro de Formaci\u00f3n Champcevinel<\/a> (Nueva Aquitania, Francia) ha visitado hoy la Universidad Pablo de Olavide, invitado por el Departamento de Trabajo Social y Servicios Sociales.<\/p>\n<p>El profesor de la UPO <strong>Jos\u00e9 David Guti\u00e9rrez S\u00e1nchez<\/strong> ha recibido a las estudiantes y ha sido el encargado de impartir un seminario sobre la historia del Trabajo Social en Espa\u00f1a y los servicios sociales en nuestro pa\u00eds, con especial \u00e9nfasis en las iniciativas puestas en marcha con migrantes y a ra\u00edz de la Covid-19. Jos\u00e9 David Guti\u00e9rrez ha llevado a cabo acciones de cooperaci\u00f3n con universidades francesas, as\u00ed como el laboratorio de investigaci\u00f3n MIGRINTER, especializado en migraciones internacionales, y el CNRS (Centre National de la Recherche Scientifique).<\/p>\n","protected":false},"excerpt":{"rendered":"<p>Un grupo de 25 estudiantes del Centro de Formaci\u00f3n Champcevinel (Nueva Aquitania, Francia) ha visitado hoy la Universidad Pablo de Olavide, invitado por el Departamento de Trabajo Social y Servicios Sociales.<\/p>\n","protected":false},"author":6,"featured_media":30868650,"comment_status":"closed","ping_status":"open","sticky":false,"template":"","format":"standard","meta":{"_monsterinsights_skip_tracking":false,"_monsterinsights_sitenote_active":false,"_monsterinsights_sitenote_note":"","_monsterinsights_sitenote_category":0,"footnotes":""},"categories":[2779],"tags":[4242,21,2499,103],"class_list":["post-30868649","post","type-post","status-publish","format-standard","has-post-thumbnail","hentry","category-docencia-formacion","tag-area-de-trabajo-social-y-servicios-sociales","tag-estudiantes","tag-francia","tag-trabajo-social"],"_links":{"self":[{"href":"https:\/\/www.upo.es\/diario\/wp-json\/wp\/v2\/posts\/30868649","targetHints":{"allow":["GET"]}}],"collection":[{"href":"https:\/\/www.upo.es\/diario\/wp-json\/wp\/v2\/posts"}],"about":[{"href":"https:\/\/www.upo.es\/diario\/wp-json\/wp\/v2\/types\/post"}],"author":[{"embeddable":true,"href":"https:\/\/www.upo.es\/diario\/wp-json\/wp\/v2\/users\/6"}],"replies":[{"embeddable":true,"href":"https:\/\/www.upo.es\/diario\/wp-json\/wp\/v2\/comments?post=30868649"}],"version-history":[{"count":2,"href":"https:\/\/www.upo.es\/diario\/wp-json\/wp\/v2\/posts\/30868649\/revisions"}],"predecessor-version":[{"id":30868652,"href":"https:\/\/www.upo.es\/diario\/wp-json\/wp\/v2\/posts\/30868649\/revisions\/30868652"}],"wp:featuredmedia":[{"embeddable":true,"href":"https:\/\/www.upo.es\/diario\/wp-json\/wp\/v2\/media\/30868650"}],"wp:attachment":[{"href":"https:\/\/www.upo.es\/diario\/wp-json\/wp\/v2\/media?parent=30868649"}],"wp:term":[{"taxonomy":"category","embeddable":true,"href":"https:\/\/www.upo.es\/diario\/wp-json\/wp\/v2\/categories?post=30868649"},{"taxonomy":"post_tag","embeddable":true,"href":"https:\/\/www.upo.es\/diario\/wp-json\/wp\/v2\/tags?post=30868649"}],"curies":[{"name":"wp","href":"https:\/\/api.w.org\/{rel}","templated":true}]}}