{"id":30868653,"date":"2021-10-01T06:27:59","date_gmt":"2021-10-01T04:27:59","guid":{"rendered":"https:\/\/www.upo.es\/diario\/?p=30868653"},"modified":"2021-10-01T15:19:55","modified_gmt":"2021-10-01T13:19:55","slug":"catedra-eurpol-jean-monnet-clemente-navarro","status":"publish","type":"post","link":"https:\/\/www.upo.es\/diario\/entrevista\/2021\/10\/catedra-eurpol-jean-monnet-clemente-navarro\/","title":{"rendered":"\u00abEUrPol es la primera C\u00e1tedra Jean Monnet de la UPO, un proyecto que tiene como objeto cambiar la l\u00f3gica de \u2018hacer para\u2019 a \u2018hacer con\u2019\u00bb"},"content":{"rendered":"<figure id=\"attachment_30868655\" aria-describedby=\"caption-attachment-30868655\" style=\"width: 750px\" class=\"wp-caption aligncenter\"><a href=\"https:\/\/www.upo.es\/diario\/wp-content\/uploads\/2021\/10\/ClementeJNavarro-1-1-scaled.jpg\"><img loading=\"lazy\" decoding=\"async\" class=\"wp-image-30868655 size-large\" src=\"https:\/\/www.upo.es\/diario\/wp-content\/uploads\/2021\/10\/ClementeJNavarro-1-1-750x500.jpg\" alt=\"Clemente J. Navarro\" width=\"750\" height=\"500\" srcset=\"https:\/\/www.upo.es\/diario\/wp-content\/uploads\/2021\/10\/ClementeJNavarro-1-1-750x500.jpg 750w, https:\/\/www.upo.es\/diario\/wp-content\/uploads\/2021\/10\/ClementeJNavarro-1-1-360x240.jpg 360w, https:\/\/www.upo.es\/diario\/wp-content\/uploads\/2021\/10\/ClementeJNavarro-1-1-768x512.jpg 768w, https:\/\/www.upo.es\/diario\/wp-content\/uploads\/2021\/10\/ClementeJNavarro-1-1-600x400.jpg 600w, https:\/\/www.upo.es\/diario\/wp-content\/uploads\/2021\/10\/ClementeJNavarro-1-1-1536x1024.jpg 1536w, https:\/\/www.upo.es\/diario\/wp-content\/uploads\/2021\/10\/ClementeJNavarro-1-1-2048x1365.jpg 2048w\" sizes=\"auto, (max-width: 750px) 100vw, 750px\" \/><\/a><figcaption id=\"caption-attachment-30868655\" class=\"wp-caption-text\">Clemente J. Navarro<\/figcaption><\/figure>\n<p>La C\u00e1tedra Jean Monnet (EUrPol) es un proyecto financiado por la Comisi\u00f3n Europea con el objetivo de desarrollar un \u00e1rea de estudio sobre Pol\u00edticas Urbanas en la Uni\u00f3n Europea orientadas al desarrollo urbano integral y sostenible. El Centro de Sociolog\u00eda y Pol\u00edticas Locales \u2013 The Urban Governace Lab de la Universidad Pablo de Olavide, dirigido por el catedr\u00e1tico de Sociolog\u00eda Clemente J. Navarro, fue el impulsor de presentarse a la convocatoria de las C\u00e1tedras Jean Monnet.<\/p>\n<p>El objetivo principal de esta c\u00e1tedra es estudiar el valor agregado de las iniciativas desarrolladas por la Uni\u00f3n Europea para promover el desarrollo y la cohesi\u00f3n social en las ciudades. Sus actividades de formaci\u00f3n, transferencia e investigaci\u00f3n pretenden aportar conocimientos sobre las sociedades y pol\u00edticas urbanas en la UE y, en especial, sobre herramientas para analizarlas y evaluarlas.<\/p>\n<p><strong>\u00bfQu\u00e9 valores destacar\u00eda de la C\u00e1tedra Jean Monnet (EUrPol) que dirige?<\/strong><\/p>\n<p>El trabajo en equipo. En la c\u00e1tedra participa personal investigador de la UPO y del Joint Research Centre de la Uni\u00f3n Europea, adem\u00e1s de contar con la colaboraci\u00f3n de instituciones e investigadores de otros centros europeos para el desarrollo de las actividades.<\/p>\n<p>Otro valor de la EurPol es el intento de combinar expl\u00edcitamente la docencia, la investigaci\u00f3n y transferencia, las tres actividades principales del servicio p\u00fablico de educaci\u00f3n superior que ofrece la Universidad, en este caso, respecto al estudio y la pr\u00e1ctica de las pol\u00edticas urbanas.<\/p>\n<p>Por \u00faltimo, podr\u00eda a\u00f1adirse que EUrPol es un proyecto financiado por la Comisi\u00f3n Europea que redunda en la internacionalizaci\u00f3n de nuestra universidad, as\u00ed como el hecho de ser la primera C\u00e1tedra Jean Monnet de la Universidad Pablo de Olavide.<\/p>\n<blockquote><p>Nuestro objetivo es cambiar la l\u00f3gica de \u2018hacer para\u2019, mediante asistencias t\u00e9cnicas, a \u2018hacer con\u2019, mediante din\u00e1micas de conocimiento compartido, en la l\u00ednea de idea de Ciencia Abierta y de Ciencia Ciudadana de la Uni\u00f3n Europea<\/p><\/blockquote>\n<p><strong>\u00bfQu\u00e9 le impuls\u00f3 a presentarse a la convocatoria de la C\u00e1tedra Jean Monnet de la Comisi\u00f3n Europea?<\/strong><\/p>\n<p>Desde el Centro de Sociolog\u00eda y Pol\u00edticas Locales (CSPL) de la UPO venimos investigando las pol\u00edticas p\u00fablicas y procesos de gobernanza relacionados con el desarrollo urbano sostenible y sus efectos sobre la calidad de vida, desde una perspectiva comparada.<\/p>\n<p>En ese marco, nos pareci\u00f3 que la convocatoria de la C\u00e1tedra Jean Monnet ofrec\u00eda la posibilidad de aplicar las ideas que hab\u00edamos venido desarrollando al caso concreto de la Uni\u00f3n Europea, ya no s\u00f3lo mediante iniciativas y proyectos de investigaci\u00f3n, sino, sobre todo, tratando de articular y combinar la actividad docente con la actividad investigadora y de transferencia. Esta idea original de nuestro proyecto fue uno de los aspectos mejor valorados en la evaluaci\u00f3n que la UE hizo de la propuesta.<\/p>\n<p><strong>\u00bfCu\u00e1l es el principal objetivo de la c\u00e1tedra?<\/strong><\/p>\n<p>EurPol tiene como finalidad fomentar la combinaci\u00f3n de la actividad docente, investigadora y de transferencia en el estudio y la pr\u00e1ctica de las pol\u00edticas urbanas en el caso de la Uni\u00f3n Europea y, principalmente, desde la perspectiva de la sociolog\u00eda pol\u00edtica urbana que venimos desarrollando desde el CSPL-The Urban Governance Lab de la Universidad Pablo de Olavide.<\/p>\n<p>Nuestro objetivo es cambiar la l\u00f3gica de \u2018hacer para\u2019, mediante asistencias t\u00e9cnicas, a \u2018hacer con\u2019, mediante din\u00e1micas de conocimiento compartido, en la l\u00ednea de idea de Ciencia Abierta y de Ciencia Ciudadana de la Uni\u00f3n Europea, es decir, tratar de fomentar un cambio en la l\u00f3gica de producci\u00f3n de conocimiento combinando el trabajo acad\u00e9mico con el conocimiento pr\u00e1ctico de quienes dise\u00f1an y gestionan pol\u00edticas urbanas.<\/p>\n<p><strong>\u00bfQu\u00e9 tipo de actividades se han llevado a cabo desde la implantaci\u00f3n de la C\u00e1tedra Jean Monnet (EUrPol)?<\/strong><\/p>\n<p>Este a\u00f1o iniciamos el tercer curso de implantaci\u00f3n de EurPol y, hasta el momento, se han realizado las actividades de docencia, transferencia e investigaci\u00f3n inicialmente planteadas: se le ha dado una nueva orientaci\u00f3n a cuatro asignaturas de grado que se imparten desde la Facultad de Ciencias Sociales, una de ellas impartida en ingl\u00e9s; se han realizado dos ediciones de una actividad formativa espec\u00edfica de postgrado sobre fundamentos y metodolog\u00edas para el an\u00e1lisis de pol\u00edticas urbanas en la UE con profesorado de Espa\u00f1a, Italia, Polonia, el Reino Unido o el Joint Research Centre; se han realizado seminarios en abierto mediante la colaboraci\u00f3n con otras instituciones; talleres sobre metodolog\u00edas para el an\u00e1lisis del desarrollo integral y sostenible con t\u00e9cnicos municipales; o la tutorizaci\u00f3n de estudiantes en pr\u00e1cticas externas curriculares.<\/p>\n<p><strong>\u00bfC\u00f3mo ha afectado la pandemia del COVID-19 para el desarrollo de las actividades de la c\u00e1tedra?<\/strong><\/p>\n<p>Como todos, hemos debido adaptar las actividades que estaban programas al contexto que ha supuesto la pandemia. Tambi\u00e9n es verdad que esto nos ha permitido aprender nuevas formas de trabajar y realizar actividades que incorporaremos a nuestra pr\u00e1ctica cotidiana.<\/p>\n<p>As\u00ed, por ejemplo, ha sido muy interesante el desarrollo de <em>webinars<\/em> conjuntamente con el Observatorio del Gobierno Local de la Fundaci\u00f3n Centro de Estudios Andaluces sobre participaci\u00f3n o los efectos del COVID-19 sobre la ciudad y las pol\u00edticas urbanas. Por otro lado, hemos desarrollado una metodolog\u00eda de \u2018aprendizaje dual\u2019 para la adquisici\u00f3n de conocimientos y competencias profesionales sobre an\u00e1lisis y evaluaci\u00f3n de pol\u00edticas urbanas en la UE a trav\u00e9s de la tutorizaci\u00f3n de estudiantes en pr\u00e1cticas externas curriculares gracias a aplicaciones <em>online<\/em> previamente desarrolladas y que hemos ido mejorando en el marco de ERrPol.<\/p>\n<p>Asimismo, hemos puesto en marcha un Urban-Lab conjuntamente con la Federaci\u00f3n Andaluza de Municipios y Provincias (FAMP) que pretende generar conocimiento y herramientas de an\u00e1lisis mediante el trabajo conjunto de investigadoras y t\u00e9cnicos. En este sentido, hemos estado trabajando mediante talleres on-line con los ayuntamientos de Conil, C\u00f3rdoba, Martos, Montilla y, recientemente, se ha incorporado la Diputaci\u00f3n de Huelva.<\/p>\n<p><strong>\u00bfCu\u00e1les son los pr\u00f3ximos proyectos en el marco de la c\u00e1tedra?<\/strong><\/p>\n<p>Durante este curso acad\u00e9mico seguiremos desarrollando las actividades planificadas como la docencia en grado, curso de postgrado, pr\u00e1cticas mediante el m\u00e9todo dual de aprendizaje, talleres y seminarios de transferencia con profesionales, mejorando aquellos aspectos que nos han indicado estudiantes, entidades y colaboradores. En esta l\u00ednea, continuaremos tratando de fomentar relaciones y acuerdos con otras instituciones y, en la medida de lo posible si las condiciones lo permiten, retomaremos las actividades de movilidad de intercambio de investigadores y estudiantes.<\/p>\n<p><strong>\u00bfQu\u00e9 supone la C\u00e1tedra EUrPol para la Universidad?<\/strong><\/p>\n<p>La C\u00e1tedra EUrPol supone una oportunidad para la creaci\u00f3n de un espacio abierto para la investigaci\u00f3n, formaci\u00f3n y transferencia que fomenta el intercambio de conocimientos y redes de colaboraci\u00f3n, contando con la involucraci\u00f3n directa de los estudiantes y responsables de pol\u00edticas urbanas en esas actividades, as\u00ed como el impulso de procesos de internacionalizaci\u00f3n en nuestra universidad, para con ello mejorar el estudio sobre el nuevo <em>meta policy frame<\/em> de las pol\u00edticas urbanas que venimos analizando, centrado en las estrategias de integraci\u00f3n de pol\u00edticas p\u00fablicas orientadas al desarrollo territorial sostenible.<\/p>\n<p>&nbsp;<\/p>\n","protected":false},"excerpt":{"rendered":"<p>Entrevistamos a Clemente J. Navarro Y\u00e1\u00f1ez, director de la C\u00e1tedra Jean Monnet en Pol\u00edticas Urbanas en la Uni\u00f3n Europea (EUrPol), para destacar este instrumento que permite articular y combinar la docencia con la actividad investigadora y de transferencia para fomentar el estudio y la pr\u00e1ctica de la Pol\u00edticas Urbanas en la UE.<\/p>\n","protected":false},"author":6,"featured_media":30868655,"comment_status":"closed","ping_status":"open","sticky":false,"template":"","format":"standard","meta":{"_monsterinsights_skip_tracking":false,"_monsterinsights_sitenote_active":false,"_monsterinsights_sitenote_note":"","_monsterinsights_sitenote_category":0,"footnotes":""},"categories":[24],"tags":[358,7333,454,68],"class_list":["post-30868653","post","type-post","status-publish","format-standard","has-post-thumbnail","hentry","category-entrevista","tag-catedra","tag-clemente-j-navarro","tag-europa","tag-union-europea"],"_links":{"self":[{"href":"https:\/\/www.upo.es\/diario\/wp-json\/wp\/v2\/posts\/30868653","targetHints":{"allow":["GET"]}}],"collection":[{"href":"https:\/\/www.upo.es\/diario\/wp-json\/wp\/v2\/posts"}],"about":[{"href":"https:\/\/www.upo.es\/diario\/wp-json\/wp\/v2\/types\/post"}],"author":[{"embeddable":true,"href":"https:\/\/www.upo.es\/diario\/wp-json\/wp\/v2\/users\/6"}],"replies":[{"embeddable":true,"href":"https:\/\/www.upo.es\/diario\/wp-json\/wp\/v2\/comments?post=30868653"}],"version-history":[{"count":8,"href":"https:\/\/www.upo.es\/diario\/wp-json\/wp\/v2\/posts\/30868653\/revisions"}],"predecessor-version":[{"id":30868740,"href":"https:\/\/www.upo.es\/diario\/wp-json\/wp\/v2\/posts\/30868653\/revisions\/30868740"}],"wp:featuredmedia":[{"embeddable":true,"href":"https:\/\/www.upo.es\/diario\/wp-json\/wp\/v2\/media\/30868655"}],"wp:attachment":[{"href":"https:\/\/www.upo.es\/diario\/wp-json\/wp\/v2\/media?parent=30868653"}],"wp:term":[{"taxonomy":"category","embeddable":true,"href":"https:\/\/www.upo.es\/diario\/wp-json\/wp\/v2\/categories?post=30868653"},{"taxonomy":"post_tag","embeddable":true,"href":"https:\/\/www.upo.es\/diario\/wp-json\/wp\/v2\/tags?post=30868653"}],"curies":[{"name":"wp","href":"https:\/\/api.w.org\/{rel}","templated":true}]}}