{"id":30868663,"date":"2021-10-01T13:58:59","date_gmt":"2021-10-01T11:58:59","guid":{"rendered":"https:\/\/www.upo.es\/diario\/?p=30868663"},"modified":"2021-10-20T13:38:25","modified_gmt":"2021-10-20T11:38:25","slug":"titulos-propios-curso-2021-2022","status":"publish","type":"post","link":"https:\/\/www.upo.es\/diario\/institucional\/2021\/10\/titulos-propios-curso-2021-2022\/","title":{"rendered":"La Universidad Pablo de Olavide oferta m\u00e1s de cien T\u00edtulos Propios en el curso 2021\/2022"},"content":{"rendered":"<p><img loading=\"lazy\" decoding=\"async\" class=\"alignright size-medium wp-image-30868664\" src=\"https:\/\/www.upo.es\/diario\/wp-content\/uploads\/2021\/10\/Oferta-TP-2021-2022-360x288.jpg\" alt=\"\" width=\"360\" height=\"288\" srcset=\"https:\/\/www.upo.es\/diario\/wp-content\/uploads\/2021\/10\/Oferta-TP-2021-2022-360x288.jpg 360w, https:\/\/www.upo.es\/diario\/wp-content\/uploads\/2021\/10\/Oferta-TP-2021-2022-750x600.jpg 750w, https:\/\/www.upo.es\/diario\/wp-content\/uploads\/2021\/10\/Oferta-TP-2021-2022-768x614.jpg 768w, https:\/\/www.upo.es\/diario\/wp-content\/uploads\/2021\/10\/Oferta-TP-2021-2022-600x480.jpg 600w, https:\/\/www.upo.es\/diario\/wp-content\/uploads\/2021\/10\/Oferta-TP-2021-2022-1320x1056.jpg 1320w, https:\/\/www.upo.es\/diario\/wp-content\/uploads\/2021\/10\/Oferta-TP-2021-2022.jpg 1500w\" sizes=\"auto, (max-width: 360px) 100vw, 360px\" \/>La Universidad Pablo de Olavide ha comenzado este nuevo curso con una oferta formativa de m\u00e1s de cien T\u00edtulos Propios, en la que estudiantes y profesionales podr\u00e1n encontrar tanto programas consolidados como otros t\u00edtulos novedosos que responden a las nuevas demandas formativas.<\/p>\n<p>Los T\u00edtulos Propios son programas de postgrado orientados a crear profesionales adaptados a la demanda del mercado laboral y que, adem\u00e1s son una herramienta fundamental para actualizar los conocimientos. Por ello, la UPO ha dise\u00f1ado todos estos t\u00edtulos en colaboraci\u00f3n con expertos en los diferentes campos buscando la excelencia formativa y la calidad docente.<\/p>\n<p>La oferta formativa de la UPO ofrece, por un lado, t\u00edtulos propios con m\u00e1s de diez ediciones que se han ido convirtiendo en programas de referencia en el total de la oferta acad\u00e9mica como son los T\u00edtulos de M\u00e1ster en Direcci\u00f3n y Administraci\u00f3n de Empresas Hosteleras; Sistemas integrados de Gesti\u00f3n: Calidad y Medio Ambiente; o Gesti\u00f3n Cl\u00ednica y Sanitaria en Salud Mental.<\/p>\n<p>Por otro lado, la oferta incluye tambi\u00e9n nuevos t\u00edtulos que responden a demandas espec\u00edficas para dar cobertura a las nuevas necesidades. Es el caso del M\u00e1ster en Neurolog\u00eda Pedi\u00e1trica para Profesionales Sanitarios, el M\u00e1ster en Arquitectura y Desarrollo de Sistemas Cloud, o el M\u00e1ster en Docencia en Lengua de Signos Espa\u00f1ola; el Diploma de Especializaci\u00f3n en Funneler Digital o los T\u00edtulos de Experto Universitario en Cibercriminalidad o en Planes de Igualdad y medidas antiacoso por raz\u00f3n de g\u00e9nero.<\/p>\n<p>Estos t\u00edtulos se diferencian entre s\u00ed por el n\u00famero de cr\u00e9ditos y por los requisitos de acceso, ya que no todos exigen haber finalizado los estudios de grado para poder cursarlos. Si se atiende a las \u00e1reas de conocimiento, los t\u00edtulos se clasifican en: Artes y Humanidades, Ciencias, Ciencias de la Salud y Ciencias Sociales y Jur\u00eddicas.<\/p>\n<p>La nueva propuesta de T\u00edtulos Propios incluye en la rama de Artes y Humanidades t\u00edtulos de experto en Arqueolog\u00eda de la Arquitectura Cl\u00e1sica y Gesti\u00f3n de Proyectos Culturales, y el certificado en Audiodescripci\u00f3n en eventos deportivos, novedades para el curso 2021\/2022.<\/p>\n<p>Por su parte, la rama de Ciencias incluye t\u00edtulos como el Diploma de Especializaci\u00f3n en An\u00e1lisis Bioinform\u00e1tico que afronta su s\u00e9ptima edici\u00f3n o el T\u00edtulo de Experto Universitario en Huertos Urbanos: Buenas Pr\u00e1cticas Sociales, Ambientales y Territoriales que estrenar\u00e1 su d\u00e9cimo primera edici\u00f3n.<\/p>\n<p>Tambi\u00e9n la rama de Ciencias de la Salud incluye t\u00edtulos novedosos como el M\u00e1ster en Neurorrehabilitaci\u00f3n Cognitiva, Neuropsicolog\u00eda Cl\u00ednica y Neuropsicolog\u00eda Pedi\u00e1trica y TEU Nutrici\u00f3n Cl\u00ednica Pedi\u00e1trica; y programas ya consolidados como los T\u00edtulos de Experto Universitario en Trastornos de la Conducta Alimentaria y Obesidad o Nutrici\u00f3n Cl\u00ednica.<\/p>\n<p>Por \u00faltimo, la rama de Ciencia Sociales y Jur\u00eddicas abarca programas variados en los que el estudiante puede optar a t\u00edtulos propios consolidados como el M\u00e1ster Arteterapia y Aplicaciones del Arte para el Di\u00e1logo y la Integraci\u00f3n Social, o los Diplomas de Especializaci\u00f3n en An\u00e1lisis del Terrorismo Yihadista, Insurgencia y Movimientos radicales o Derecho de Familias y Sucesiones. A estos t\u00edtulos se unen nuevos programas como el M\u00e1ster en Marketing online para el comercio local, los Diplomas de Especializaci\u00f3n en Tratamiento Jur\u00eddico Integral de la Violencia de G\u00e9nero y Dom\u00e9stica e Intervenci\u00f3n Psicosocial y Educativa en Centros de Protecci\u00f3n de Menores, o el T\u00edtulo de Experto Universitario en la Gesti\u00f3n de la Diversidad en las Organizaciones Productivas.<\/p>\n<p>La inscripci\u00f3n a estos t\u00edtulos, que son gestionados a trav\u00e9s del \u00c1rea de Formaci\u00f3n Permanente de la Fundaci\u00f3n Universidad Pablo de Olavide, se podr\u00e1 realizar a lo largo de todo el curso y el plazo finalizar\u00e1 en funci\u00f3n del inicio de cada uno de los diferentes cursos.<\/p>\n<p>M\u00e1s informaci\u00f3n: <a href=\"https:\/\/www.upo.es\/fundaciones\/fundacion-universidad-pablo-de-olavide\/formacion-permanente\/presentacion\/titulos-propios-2021-2022\/\">T\u00edtulos Propios 2021\/2022<\/a><\/p>\n","protected":false},"excerpt":{"rendered":"<p>La Universidad Pablo de Olavide ha comenzado este nuevo curso con una oferta formativa de m\u00e1s de cien T\u00edtulos Propios, en la que estudiantes y profesionales podr\u00e1n encontrar tanto programas consolidados como otros t\u00edtulos novedosos que responden a las nuevas demandas formativas. \u00a0<\/p>\n","protected":false},"author":4,"featured_media":30868664,"comment_status":"closed","ping_status":"open","sticky":false,"template":"","format":"standard","meta":{"_monsterinsights_skip_tracking":false,"_monsterinsights_sitenote_active":false,"_monsterinsights_sitenote_note":"","_monsterinsights_sitenote_category":0,"footnotes":""},"categories":[6],"tags":[2660,4467,609,5057,328,2474,3561,82,1320],"class_list":["post-30868663","post","type-post","status-publish","format-standard","has-post-thumbnail","hentry","category-institucional","tag-diploma-de-especializacion","tag-diploma-de-experto","tag-especializacion","tag-formacion-continua","tag-formacion-permanente","tag-fundacion-universidad-pablo-de-olavide","tag-master-propio","tag-postgrado","tag-titulos-propios"],"_links":{"self":[{"href":"https:\/\/www.upo.es\/diario\/wp-json\/wp\/v2\/posts\/30868663","targetHints":{"allow":["GET"]}}],"collection":[{"href":"https:\/\/www.upo.es\/diario\/wp-json\/wp\/v2\/posts"}],"about":[{"href":"https:\/\/www.upo.es\/diario\/wp-json\/wp\/v2\/types\/post"}],"author":[{"embeddable":true,"href":"https:\/\/www.upo.es\/diario\/wp-json\/wp\/v2\/users\/4"}],"replies":[{"embeddable":true,"href":"https:\/\/www.upo.es\/diario\/wp-json\/wp\/v2\/comments?post=30868663"}],"version-history":[{"count":1,"href":"https:\/\/www.upo.es\/diario\/wp-json\/wp\/v2\/posts\/30868663\/revisions"}],"predecessor-version":[{"id":30868665,"href":"https:\/\/www.upo.es\/diario\/wp-json\/wp\/v2\/posts\/30868663\/revisions\/30868665"}],"wp:featuredmedia":[{"embeddable":true,"href":"https:\/\/www.upo.es\/diario\/wp-json\/wp\/v2\/media\/30868664"}],"wp:attachment":[{"href":"https:\/\/www.upo.es\/diario\/wp-json\/wp\/v2\/media?parent=30868663"}],"wp:term":[{"taxonomy":"category","embeddable":true,"href":"https:\/\/www.upo.es\/diario\/wp-json\/wp\/v2\/categories?post=30868663"},{"taxonomy":"post_tag","embeddable":true,"href":"https:\/\/www.upo.es\/diario\/wp-json\/wp\/v2\/tags?post=30868663"}],"curies":[{"name":"wp","href":"https:\/\/api.w.org\/{rel}","templated":true}]}}