{"id":30868770,"date":"2021-10-06T18:00:14","date_gmt":"2021-10-06T16:00:14","guid":{"rendered":"https:\/\/www.upo.es\/diario\/?p=30868770"},"modified":"2021-10-14T15:49:49","modified_gmt":"2021-10-14T13:49:49","slug":"leccion-inaugural-facultad-ciencias-sociales","status":"publish","type":"post","link":"https:\/\/www.upo.es\/diario\/comunidad\/2021\/10\/leccion-inaugural-facultad-ciencias-sociales\/","title":{"rendered":"La catedr\u00e1tica de la UPO Rosal\u00eda Mart\u00ednez imparte la lecci\u00f3n inaugural de la Facultad de Ciencias Sociales"},"content":{"rendered":"<p><a title=\"Lecci\u00f3n inaugural de la Facultad de Ciencias Sociales\" href=\"https:\/\/www.flickr.com\/photos\/pablodeolavide\/albums\/72157719976764246\" data-flickr-embed=\"true\"><img loading=\"lazy\" decoding=\"async\" src=\"https:\/\/live.staticflickr.com\/65535\/51561961955_c9e19a0639_z.jpg\" alt=\"Lecci\u00f3n inaugural de la Facultad de Ciencias Sociales\" width=\"640\" height=\"480\" \/><\/a><script async src=\"\/\/embedr.flickr.com\/assets\/client-code.js\" charset=\"utf-8\"><\/script><\/p>\n<p>Esta tarde, en el Paraninfo de la Universidad Pablo de Olavide, ha tenido lugar la <strong>Lecci\u00f3n Inaugural del curso 2021\/2022 de la Facultad de Ciencias Sociales \u2018La naturaleza humana y su car\u00e1cter social: un abordaje interdisciplinar\u2019<\/strong>, a cargo de la <strong>catedr\u00e1tica de Sociolog\u00eda de la UPO, Rosal\u00eda Mart\u00ednez Garc\u00eda<\/strong>. El acto ha estado presidido por la decana de la Facultad de Ciencias Sociales, Rosa Mar\u00eda D\u00edaz Jim\u00e9nez.<\/p>\n<p>Con esta primera lecci\u00f3n del curso, se homenajea a Rosal\u00eda Mart\u00ednez, as\u00ed como el profesor del Departamento de Trabajo Social y Servicios Sociales de la UPO, Francisco Romanco, con motivo de la jubilaci\u00f3n de ambos. \u201cDebemos situar a las personas en el centro de las instituciones y pararnos, acompa\u00f1ar y mostrar respeto a quienes han dedicado una parte importante de sus vidas a nuestra Universidad, m\u00e1xime cuando han vivido sus \u00faltimas clases de manera singular por todas las limitaciones y restricciones COVID\u201d se\u00f1ala la decana Rosa Mar\u00eda D\u00edaz, que resalta \u201cambos docentes son un ejemplo de la generosidad que conlleva la docencia, la investigaci\u00f3n y la gesti\u00f3n, tareas con frecuencia invisibles y poco conocidas por la sociedad\u201d.<\/p>\n<p>La catedr\u00e1tica <strong>Rosal\u00eda Mart\u00ednez<\/strong> cuenta con una dilatada experiencia docente en universidades como la de Sevilla o la UNED. Ha dedicado m\u00e1s la mitad a la Universidad Pablo de Olavide, dentro del \u00e1rea de Sociolog\u00eda en grados y en postgrados destacando su compromiso con temas como desigualdades sociales; derechos humanos; g\u00e9nero; medioambiente y sociolog\u00eda de la cultura. Fue transgresora en la apuesta cient\u00edfica e institucional de la UPO por la igualdad de g\u00e9nero y el feminismo.<\/p>\n<p>Como investigadora ha estado vinculada a grupos de investigaci\u00f3n relacionados con instituciones sociales; sociolog\u00eda cultural; desigualdades sociales y sociolog\u00eda de la infancia participando en proyectos de investigaci\u00f3n nacionales e internacionales.<\/p>\n<p>Por su parte, el profesor <strong>Francisco Romanco<\/strong> ha contado con una dilatada experiencia laboral vinculada en sus inicios a centros de personas mayores, as\u00ed como su participaci\u00f3n en el desarrollo de los Servicios Sociales Comunitarios, pol\u00edticas migratorias, el Sistema de Informaci\u00f3n de Usuarios de Servicios Sociales (SIUSS), el desarrollo de las pol\u00edticas de juventud, la elaboraci\u00f3n del Libro Blanco del Envejecimiento Activo y, en los \u00faltimos a\u00f1os, en el desarrollo de pol\u00edticas sociales y educativas con la Comisi\u00f3n Europea. Todo ello lo supo traer a la universidad, donde se doctor\u00f3 con un an\u00e1lisis cr\u00edtico reflexivo sobre el voluntariado como reflejo de la sociedad contempor\u00e1nea, y estableci\u00f3 conexiones con el alumnado y el profesorado, aportando su conocimiento y saber hacer a los distintos equipos docentes.<\/p>\n<hr \/>\n<p><strong>Rosal\u00eda Mart\u00ednez Garc\u00eda, <\/strong>nacida en Sevilla en 1954, es profesora de Sociolog\u00eda de la Universidad Pablo de Olavide desde su creaci\u00f3n el a\u00f1o 1997 y catedr\u00e1tica E.U. desde 2004. Doctora en Geograf\u00eda e Historia (Antropolog\u00eda Social) y docente en la Universidad de Sevilla, en la UNED y en la UPO. En esta universidad Rosal\u00eda Mart\u00ednez ha sido vicerrectora de Cultura y Participaci\u00f3n Social (2011-2012); vicerrectora de Participaci\u00f3n Social (2007-2011); decana de la Facultad de Ciencias Sociales (2005-2007); vicerrectora de Promoci\u00f3n Social y Cultural (1999-2001) as\u00ed como codirectora del primer doctorado sobre Investigaciones Feministas. Ha obtenido numerosos premios como el Premio del Memorial Blas Infante (1992); el III Premio de Investigaci\u00f3n Social Aplicada de la Diputaci\u00f3n de Sevilla (1998); el Premio al Mejor Proyecto de Educaci\u00f3n Ambiental de Andaluc\u00eda (2009), y el del IV Certamen de Programas sobre Promoci\u00f3n de la Escuela Andaluz de Salud P\u00fablica (2012). En su trayectoria ha combinado su actividad acad\u00e9mica con su compromiso social en distintas asociaciones dedicadas a la infancia vulnerable: vicepresidenta de Llar. Asociaci\u00f3n Andaluza de Ayuda a la Adopci\u00f3n y vocal de AEetc (Asociaci\u00f3n Espa\u00f1ola para los efectos del tratamiento del c\u00e1ncer). Desde 2003 ha sido vocal y posteriormente presidenta (2016- febrero 2021) del Consejo Andaluz de Asuntos de Menores de la Junta de Andaluc\u00eda.<\/p>\n<p>&nbsp;<\/p>\n","protected":false},"excerpt":{"rendered":"<p>Hoy mi\u00e9rcoles 6 de octubre, a las 17:30 horas, en el Paraninfo de la Universidad Pablo de Olavide, tendr\u00e1 lugar la Lecci\u00f3n Inaugural del curso 2021\/2022 de la Facultad de Ciencias Sociales \u2018La naturaleza humana y su car\u00e1cter social: un abordaje interdisciplinar\u2019, a cargo de la catedr\u00e1tica de Sociolog\u00eda de la UPO, Rosal\u00eda Mart\u00ednez Garc\u00eda.<\/p>\n","protected":false},"author":4,"featured_media":30868796,"comment_status":"closed","ping_status":"open","sticky":false,"template":"","format":"standard","meta":{"_monsterinsights_skip_tracking":false,"_monsterinsights_sitenote_active":false,"_monsterinsights_sitenote_note":"","_monsterinsights_sitenote_category":0,"footnotes":""},"categories":[5842],"tags":[487,7588,308,2720,3160],"class_list":["post-30868770","post","type-post","status-publish","format-standard","has-post-thumbnail","hentry","category-comunidad","tag-facultad-ciencias-sociales","tag-francisco-romanco","tag-homenaje","tag-leccion-inaugural","tag-rosalia-martinez"],"_links":{"self":[{"href":"https:\/\/www.upo.es\/diario\/wp-json\/wp\/v2\/posts\/30868770","targetHints":{"allow":["GET"]}}],"collection":[{"href":"https:\/\/www.upo.es\/diario\/wp-json\/wp\/v2\/posts"}],"about":[{"href":"https:\/\/www.upo.es\/diario\/wp-json\/wp\/v2\/types\/post"}],"author":[{"embeddable":true,"href":"https:\/\/www.upo.es\/diario\/wp-json\/wp\/v2\/users\/4"}],"replies":[{"embeddable":true,"href":"https:\/\/www.upo.es\/diario\/wp-json\/wp\/v2\/comments?post=30868770"}],"version-history":[{"count":7,"href":"https:\/\/www.upo.es\/diario\/wp-json\/wp\/v2\/posts\/30868770\/revisions"}],"predecessor-version":[{"id":30868809,"href":"https:\/\/www.upo.es\/diario\/wp-json\/wp\/v2\/posts\/30868770\/revisions\/30868809"}],"wp:featuredmedia":[{"embeddable":true,"href":"https:\/\/www.upo.es\/diario\/wp-json\/wp\/v2\/media\/30868796"}],"wp:attachment":[{"href":"https:\/\/www.upo.es\/diario\/wp-json\/wp\/v2\/media?parent=30868770"}],"wp:term":[{"taxonomy":"category","embeddable":true,"href":"https:\/\/www.upo.es\/diario\/wp-json\/wp\/v2\/categories?post=30868770"},{"taxonomy":"post_tag","embeddable":true,"href":"https:\/\/www.upo.es\/diario\/wp-json\/wp\/v2\/tags?post=30868770"}],"curies":[{"name":"wp","href":"https:\/\/api.w.org\/{rel}","templated":true}]}}