{"id":30868774,"date":"2021-10-06T11:57:57","date_gmt":"2021-10-06T09:57:57","guid":{"rendered":"https:\/\/www.upo.es\/diario\/?p=30868774"},"modified":"2021-10-14T15:49:54","modified_gmt":"2021-10-14T13:49:54","slug":"us-upo-y-unia-ultiman-con-civisur-la-presentacion-de-la-candidatura-de-italica-como-patrimonio-mundial","status":"publish","type":"post","link":"https:\/\/www.upo.es\/diario\/institucional\/2021\/10\/us-upo-y-unia-ultiman-con-civisur-la-presentacion-de-la-candidatura-de-italica-como-patrimonio-mundial\/","title":{"rendered":"US, UPO y UNIA ultiman con Civisur la presentaci\u00f3n de la candidatura de It\u00e1lica como Patrimonio Mundial"},"content":{"rendered":"<figure id=\"attachment_30868775\" aria-describedby=\"caption-attachment-30868775\" style=\"width: 750px\" class=\"wp-caption aligncenter\"><a href=\"https:\/\/www.upo.es\/diario\/wp-content\/uploads\/2021\/10\/Castro-Cobreros-Garcia-Oliva-01.jpg\"><img loading=\"lazy\" decoding=\"async\" class=\"size-large wp-image-30868775\" src=\"https:\/\/www.upo.es\/diario\/wp-content\/uploads\/2021\/10\/Castro-Cobreros-Garcia-Oliva-01-750x484.jpg\" alt=\"\" width=\"750\" height=\"484\" srcset=\"https:\/\/www.upo.es\/diario\/wp-content\/uploads\/2021\/10\/Castro-Cobreros-Garcia-Oliva-01-750x484.jpg 750w, https:\/\/www.upo.es\/diario\/wp-content\/uploads\/2021\/10\/Castro-Cobreros-Garcia-Oliva-01-360x233.jpg 360w, https:\/\/www.upo.es\/diario\/wp-content\/uploads\/2021\/10\/Castro-Cobreros-Garcia-Oliva-01-768x496.jpg 768w, https:\/\/www.upo.es\/diario\/wp-content\/uploads\/2021\/10\/Castro-Cobreros-Garcia-Oliva-01-600x388.jpg 600w, https:\/\/www.upo.es\/diario\/wp-content\/uploads\/2021\/10\/Castro-Cobreros-Garcia-Oliva-01-665x430.jpg 665w, https:\/\/www.upo.es\/diario\/wp-content\/uploads\/2021\/10\/Castro-Cobreros-Garcia-Oliva-01-1320x853.jpg 1320w, https:\/\/www.upo.es\/diario\/wp-content\/uploads\/2021\/10\/Castro-Cobreros-Garcia-Oliva-01.jpg 1361w\" sizes=\"auto, (max-width: 750px) 100vw, 750px\" \/><\/a><figcaption id=\"caption-attachment-30868775\" class=\"wp-caption-text\">De izquierda a derecha, Francisco Oliva (UPO), Miguel \u00c1ngel Castro (US), Jos\u00e9 Ignacio Garc\u00eda (UNIA), Concepci\u00f3n Cobreros (Civisur).<\/figcaption><\/figure>\n<p>Los rectores de las tres universidades p\u00fablicas de Sevilla, <strong>Miguel \u00c1ngel Castro (US), Francisco Oliva (UPO) y Jos\u00e9 Ignacio Garc\u00eda (UNIA) <\/strong>han firmado con la copresidenta de la <strong><a href=\"https:\/\/www.civisur.org\/\">Asociaci\u00f3n Uni\u00f3n C\u00edvica del Sur de Espa\u00f1a<\/a><\/strong> (Civisur<strong>), Concepci\u00f3n Cobreros<\/strong>, un convenio por el que se establece el marco de colaboraci\u00f3n para trabajar conjuntamente en la \u00faltima fase para presentar ante la UNESCO la <strong>candidatura de It\u00e1lica como Patrimonio Mundial.<\/strong><\/p>\n<p>Concretamente, el convenio articula la elaboraci\u00f3n de la <strong>segunda fase del Formulario de Inscripci\u00f3n de It\u00e1lica en la Lista del Patrimonio Mundial<\/strong>, as\u00ed como la organizaci\u00f3n y desarrollo del V Curso del Foro Permanente It\u00e1lica En-Clave de Patrimonio Mundial.<\/p>\n<p><a href=\"https:\/\/www.upo.es\/diario\/wp-content\/uploads\/2021\/10\/Castro-Cobreros-Garcia-Oliva-03.jpg\"><img loading=\"lazy\" decoding=\"async\" class=\"alignright size-medium wp-image-30868776\" src=\"https:\/\/www.upo.es\/diario\/wp-content\/uploads\/2021\/10\/Castro-Cobreros-Garcia-Oliva-03-360x207.jpg\" alt=\"\" width=\"360\" height=\"207\" srcset=\"https:\/\/www.upo.es\/diario\/wp-content\/uploads\/2021\/10\/Castro-Cobreros-Garcia-Oliva-03-360x207.jpg 360w, https:\/\/www.upo.es\/diario\/wp-content\/uploads\/2021\/10\/Castro-Cobreros-Garcia-Oliva-03-750x432.jpg 750w, https:\/\/www.upo.es\/diario\/wp-content\/uploads\/2021\/10\/Castro-Cobreros-Garcia-Oliva-03-768x442.jpg 768w, https:\/\/www.upo.es\/diario\/wp-content\/uploads\/2021\/10\/Castro-Cobreros-Garcia-Oliva-03-600x345.jpg 600w, https:\/\/www.upo.es\/diario\/wp-content\/uploads\/2021\/10\/Castro-Cobreros-Garcia-Oliva-03-1536x884.jpg 1536w, https:\/\/www.upo.es\/diario\/wp-content\/uploads\/2021\/10\/Castro-Cobreros-Garcia-Oliva-03-1320x760.jpg 1320w, https:\/\/www.upo.es\/diario\/wp-content\/uploads\/2021\/10\/Castro-Cobreros-Garcia-Oliva-03.jpg 1720w\" sizes=\"auto, (max-width: 360px) 100vw, 360px\" \/><\/a>Con relaci\u00f3n a la elaboraci\u00f3n de la segunda fase del Formulario de Inscripci\u00f3n, las tres universidades sevillanas colaborar\u00e1n con un m\u00e1ximo de 5 000 \u20ac (cada una de ellas) en el presupuesto de los gastos que conlleva la ejecuci\u00f3n de tal trabajo. Respecto al V Curso del Foro Permanente It\u00e1lica, cada universidad colaborar\u00e1 con un m\u00e1ximo de 1 521 \u20ac en la financiaci\u00f3n de los gastos inherentes a su desarrollo.<\/p>\n<p>Por su parte, Civisur se har\u00e1 responsable de la elaboraci\u00f3n del Formulario y de la organizaci\u00f3n y desarrollo del citado Foro, cuya quinta edici\u00f3n se celebrar\u00e1 hasta el pr\u00f3ximo mes de noviembre. Entre las ponencias m\u00e1s destacadas se encuentra la de la presidenta de la Fundaci\u00f3n Jos\u00e9 Saramago, <strong>Pilar del R\u00edo, con el t\u00edtulo \u2018It\u00e1lica en los medios\u2019<\/strong> (<u>20 de octubre, en el Monasterio de San Isidoro del Campo<\/u>); y la del exdirector general de la Unesco <strong>Federico Mayor Zaragoza, con el t\u00edtulo \u2018It\u00e1lica: memoria del pasado para un futuro distinto\u2019<\/strong> (<u>10 noviembre, en el Paraninfo de la US<\/u>).<\/p>\n<p><b>Historia<\/b><\/p>\n<p>Civisur est\u00e1 impulsando y liderando la propuesta de inscripci\u00f3n de It\u00e1lica en la Lista del Patrimonio Mundial de Unesco. Con este prop\u00f3sito, cre\u00f3 en 2016 el Consejo Asesor de la Candidatura. El Plan Estrat\u00e9gico del Consejo Asesor sigue tres apartados:<\/p>\n<ol>\n<li>La creaci\u00f3n de una plataforma de apoyo a la candidatura.<\/li>\n<li>El desarrollo de foros de expertos, cuyo objetivo es el intercambio de ideas y conocimientos y la divulgaci\u00f3n y promoci\u00f3n de la candidatura. Ello se ha concretado, entre otras actividades, en la organizaci\u00f3n anual del Foro Permanente It\u00e1lica En-Clave de Patrimonio Mundial.<\/li>\n<li>La elaboraci\u00f3n del expediente de defensa de la candidatura, que consta de dos hitos.\n<ul>\n<li>El primero fue la ejecuci\u00f3n del documento para ingresar en la lista previa, constituida por los bienes que el Estado espa\u00f1ol considera aptos para ser inscritos la Lista del Patrimonio Mundial. Es un requisito indispensable para que la candidatura pueda ser tomada en consideraci\u00f3n por la Unesco. La entrada de It\u00e1lica en la citada lista se consigui\u00f3 en diciembre de 2018. Desde entonces, It\u00e1lica es oficialmente candidata.<\/li>\n<li>El segundo hito es la elaboraci\u00f3n del Formulario de inscripci\u00f3n de It\u00e1lica en la Lista del Patrimonio Mundial (Formulario) para presentar al Ministerio de Cultura y, posteriormente, a la Unesco. Para la confecci\u00f3n de este Formulario, el Consejo Asesor de la Candidatura organiz\u00f3 el trabajo en dos fases, la primera de las cuales ha terminado en abril de 2021.<\/li>\n<\/ul>\n<\/li>\n<\/ol>\n<p><strong>Ahora se aborda la segunda fase del documento que incluye la revisi\u00f3n y edici\u00f3n final del Formulario y su presentaci\u00f3n definitiva<\/strong>.<\/p>\n","protected":false},"excerpt":{"rendered":"<p>Los rectores de las tres universidades p\u00fablicas de Sevilla, Miguel \u00c1ngel Castro (US), Francisco Oliva (UPO) y Jos\u00e9 Ignacio Garc\u00eda (UNIA) han firmado con la copresidenta de la Asociaci\u00f3n Uni\u00f3n C\u00edvica del Sur de Espa\u00f1a (Civisur), Concepci\u00f3n Cobreros, un convenio por el que se establece el marco de colaboraci\u00f3n para trabajar conjuntamente en la \u00faltima fase para presentar ante la UNESCO la candidatura de It\u00e1lica como Patrimonio Mundial.<\/p>\n","protected":false},"author":2,"featured_media":30868775,"comment_status":"closed","ping_status":"open","sticky":false,"template":"","format":"standard","meta":{"_monsterinsights_skip_tracking":false,"_monsterinsights_sitenote_active":false,"_monsterinsights_sitenote_note":"","_monsterinsights_sitenote_category":0,"footnotes":""},"categories":[6],"tags":[4166,961,3888,7288,326,821,4021,7287,3657,129,7238],"class_list":["post-30868774","post","type-post","status-publish","format-standard","has-post-thumbnail","hentry","category-institucional","tag-apoyo","tag-candidatura","tag-civisur","tag-concha-cobreros-vime","tag-convenio","tag-encuentro","tag-francisco-oliva-blazquez","tag-institucional","tag-italica","tag-patrimonio","tag-unesco"],"_links":{"self":[{"href":"https:\/\/www.upo.es\/diario\/wp-json\/wp\/v2\/posts\/30868774","targetHints":{"allow":["GET"]}}],"collection":[{"href":"https:\/\/www.upo.es\/diario\/wp-json\/wp\/v2\/posts"}],"about":[{"href":"https:\/\/www.upo.es\/diario\/wp-json\/wp\/v2\/types\/post"}],"author":[{"embeddable":true,"href":"https:\/\/www.upo.es\/diario\/wp-json\/wp\/v2\/users\/2"}],"replies":[{"embeddable":true,"href":"https:\/\/www.upo.es\/diario\/wp-json\/wp\/v2\/comments?post=30868774"}],"version-history":[{"count":1,"href":"https:\/\/www.upo.es\/diario\/wp-json\/wp\/v2\/posts\/30868774\/revisions"}],"predecessor-version":[{"id":30868777,"href":"https:\/\/www.upo.es\/diario\/wp-json\/wp\/v2\/posts\/30868774\/revisions\/30868777"}],"wp:featuredmedia":[{"embeddable":true,"href":"https:\/\/www.upo.es\/diario\/wp-json\/wp\/v2\/media\/30868775"}],"wp:attachment":[{"href":"https:\/\/www.upo.es\/diario\/wp-json\/wp\/v2\/media?parent=30868774"}],"wp:term":[{"taxonomy":"category","embeddable":true,"href":"https:\/\/www.upo.es\/diario\/wp-json\/wp\/v2\/categories?post=30868774"},{"taxonomy":"post_tag","embeddable":true,"href":"https:\/\/www.upo.es\/diario\/wp-json\/wp\/v2\/tags?post=30868774"}],"curies":[{"name":"wp","href":"https:\/\/api.w.org\/{rel}","templated":true}]}}