{"id":30868801,"date":"2021-10-07T05:34:36","date_gmt":"2021-10-07T03:34:36","guid":{"rendered":"https:\/\/www.upo.es\/diario\/?p=30868801"},"modified":"2021-10-07T15:40:57","modified_gmt":"2021-10-07T13:40:57","slug":"alejandro-lopez-medalla-de-plata-en-el-campeonato-de-andalucia-karate","status":"publish","type":"post","link":"https:\/\/www.upo.es\/diario\/comunidad\/2021\/10\/alejandro-lopez-medalla-de-plata-en-el-campeonato-de-andalucia-karate\/","title":{"rendered":"Alejandro L\u00f3pez, estudiante de la UPO, medalla de plata en el Campeonato de Andaluc\u00eda sub-21 de k\u00e1rate"},"content":{"rendered":"<p><a href=\"https:\/\/www.upo.es\/diario\/wp-content\/uploads\/2021\/10\/Alejandro-Lopez_plata-en-andalucia-sub-21.jpeg\"><img loading=\"lazy\" decoding=\"async\" class=\"alignright wp-image-30868802 size-medium\" src=\"https:\/\/www.upo.es\/diario\/wp-content\/uploads\/2021\/10\/Alejandro-Lopez_plata-en-andalucia-sub-21-e1633613923507-360x325.jpeg\" alt=\"\" width=\"360\" height=\"325\" srcset=\"https:\/\/www.upo.es\/diario\/wp-content\/uploads\/2021\/10\/Alejandro-Lopez_plata-en-andalucia-sub-21-e1633613923507-360x325.jpeg 360w, https:\/\/www.upo.es\/diario\/wp-content\/uploads\/2021\/10\/Alejandro-Lopez_plata-en-andalucia-sub-21-e1633613923507-750x677.jpeg 750w, https:\/\/www.upo.es\/diario\/wp-content\/uploads\/2021\/10\/Alejandro-Lopez_plata-en-andalucia-sub-21-e1633613923507-768x693.jpeg 768w, https:\/\/www.upo.es\/diario\/wp-content\/uploads\/2021\/10\/Alejandro-Lopez_plata-en-andalucia-sub-21-e1633613923507-600x541.jpeg 600w, https:\/\/www.upo.es\/diario\/wp-content\/uploads\/2021\/10\/Alejandro-Lopez_plata-en-andalucia-sub-21-e1633613923507.jpeg 1125w\" sizes=\"auto, (max-width: 360px) 100vw, 360px\" \/><\/a>El pasado s\u00e1bado 2 de octubre en Og\u00edjares (Granada), se disput\u00f3 el <strong>Campeonato de Andaluc\u00eda de K\u00e1rate en categor\u00eda sub-21<\/strong> en el que participaba <strong>Alejandro L\u00f3pez<\/strong>, estudiante de la Universidad Pablo de Olavide. El sevillano, que a principios de a\u00f1o roz\u00f3 el primer puesto, pero en la categor\u00eda senior, se qued\u00f3 nuevamente a las puertas de alzar la ansiada medalla de oro, ya que solo una controvertida decisi\u00f3n del jurado en la final le priv\u00f3 de convertirse en el n\u00famero uno de su categor\u00eda en tierras granadinas. El hispalense realiz\u00f3 un Ippon, una patada en la cabeza de tres puntos que hubiera supuesto la remontada, pero la t\u00e9cnica empleada acab\u00f3 siendo anulada.<\/p>\n<p>El camino hacia la final, no obstante, no fue nada f\u00e1cil. Alejandro sufri\u00f3 un esguince de rodilla en la primera acci\u00f3n del primer combate que le limit\u00f3 durante todo el campeonato. Su cuerpo t\u00e9cnico insisti\u00f3 desde ese momento en que abandonara el torneo para evitar riesgos mayores y pusiera en peligro su participaci\u00f3n en los pr\u00f3ximos campeonatos, pero el de la UPO continu\u00f3 compitiendo bajo su responsabilidad.<\/p>\n<p>El riesgo de una lesi\u00f3n mayor era considerable, pero Alejandro supo sobrellevar el dolor combate tras combate, sabedor de que la final era su \u00fanico objetivo, pues de conseguir medalla depend\u00eda su clasificaci\u00f3n para el Campeonato de Espa\u00f1a. Con ese fin puesto en mente, el sevillano se meti\u00f3 en la final, rozando hasta el \u00faltimo momento la medalla de oro.<\/p>\n<p>Tras la disputa del torneo, Alejandro L\u00f3pez estar\u00e1 un tiempo de baja para recuperarse de ese esguince de rodilla que casi le obliga a retirarse del campeonato. A su vez, el de la UPO ya piensa en los eventos que vienen y asegura que \u201ccuenta con la confianza y el apoyo de los miembros de la Selecci\u00f3n Andaluza\u201d para incorporarse cuanto antes a los entrenamientos, y poder \u201cllegar en las mejores condiciones\u201d al Campeonato nacional en cuanto el seleccionador as\u00ed lo precise.<\/p>\n","protected":false},"excerpt":{"rendered":"<p>El pasado s\u00e1bado 2 de octubre en Og\u00edjares (Granada), se disput\u00f3 el Campeonato de Andaluc\u00eda de K\u00e1rate en categor\u00eda sub-21 en el que participaba Alejandro L\u00f3pez, estudiante de la Universidad Pablo de Olavide. El sevillano, que a principios de a\u00f1o roz\u00f3 el primer puesto, pero en la categor\u00eda senior, se qued\u00f3 nuevamente a las puertas de alzar la ansiada medalla de oro, ya que solo una controvertida decisi\u00f3n del jurado en la final le priv\u00f3 de convertirse en el n\u00famero uno de su categor\u00eda en tierras granadinas. El hispalense realiz\u00f3 un Ippon, una patada en la cabeza de tres puntos que hubiera supuesto la remontada, pero la t\u00e9cnica empleada acab\u00f3 siendo anulada.<\/p>\n","protected":false},"author":6,"featured_media":30868802,"comment_status":"closed","ping_status":"open","sticky":false,"template":"","format":"standard","meta":{"_monsterinsights_skip_tracking":false,"_monsterinsights_sitenote_active":false,"_monsterinsights_sitenote_note":"","_monsterinsights_sitenote_category":0,"footnotes":""},"categories":[5842],"tags":[190,1159,1310,231,61],"class_list":["post-30868801","post","type-post","status-publish","format-standard","has-post-thumbnail","hentry","category-comunidad","tag-andalucia","tag-campeonato","tag-competicion","tag-deportes-2","tag-karate"],"_links":{"self":[{"href":"https:\/\/www.upo.es\/diario\/wp-json\/wp\/v2\/posts\/30868801","targetHints":{"allow":["GET"]}}],"collection":[{"href":"https:\/\/www.upo.es\/diario\/wp-json\/wp\/v2\/posts"}],"about":[{"href":"https:\/\/www.upo.es\/diario\/wp-json\/wp\/v2\/types\/post"}],"author":[{"embeddable":true,"href":"https:\/\/www.upo.es\/diario\/wp-json\/wp\/v2\/users\/6"}],"replies":[{"embeddable":true,"href":"https:\/\/www.upo.es\/diario\/wp-json\/wp\/v2\/comments?post=30868801"}],"version-history":[{"count":3,"href":"https:\/\/www.upo.es\/diario\/wp-json\/wp\/v2\/posts\/30868801\/revisions"}],"predecessor-version":[{"id":30868805,"href":"https:\/\/www.upo.es\/diario\/wp-json\/wp\/v2\/posts\/30868801\/revisions\/30868805"}],"wp:featuredmedia":[{"embeddable":true,"href":"https:\/\/www.upo.es\/diario\/wp-json\/wp\/v2\/media\/30868802"}],"wp:attachment":[{"href":"https:\/\/www.upo.es\/diario\/wp-json\/wp\/v2\/media?parent=30868801"}],"wp:term":[{"taxonomy":"category","embeddable":true,"href":"https:\/\/www.upo.es\/diario\/wp-json\/wp\/v2\/categories?post=30868801"},{"taxonomy":"post_tag","embeddable":true,"href":"https:\/\/www.upo.es\/diario\/wp-json\/wp\/v2\/tags?post=30868801"}],"curies":[{"name":"wp","href":"https:\/\/api.w.org\/{rel}","templated":true}]}}