{"id":30868831,"date":"2021-10-13T13:30:42","date_gmt":"2021-10-13T11:30:42","guid":{"rendered":"https:\/\/www.upo.es\/diario\/?p=30868831"},"modified":"2021-10-14T15:49:51","modified_gmt":"2021-10-14T13:49:51","slug":"la-real-orquesta-sinfonica-de-sevilla-y-la-upo-se-unen-para-fomentar-la-musica-y-la-cultura-entre-la-comunidad-universitaria","status":"publish","type":"post","link":"https:\/\/www.upo.es\/diario\/institucional\/2021\/10\/la-real-orquesta-sinfonica-de-sevilla-y-la-upo-se-unen-para-fomentar-la-musica-y-la-cultura-entre-la-comunidad-universitaria\/","title":{"rendered":"La Real Orquesta Sinf\u00f3nica de Sevilla y la UPO se unen para fomentar la m\u00fasica y la cultura entre la comunidad universitaria"},"content":{"rendered":"<figure id=\"attachment_30868832\" aria-describedby=\"caption-attachment-30868832\" style=\"width: 750px\" class=\"wp-caption aligncenter\"><a href=\"https:\/\/www.upo.es\/diario\/wp-content\/uploads\/2021\/10\/ross-scaled.jpg\"><img loading=\"lazy\" decoding=\"async\" class=\"wp-image-30868832 size-large\" src=\"https:\/\/www.upo.es\/diario\/wp-content\/uploads\/2021\/10\/ross-750x536.jpg\" alt=\"\" width=\"750\" height=\"536\" srcset=\"https:\/\/www.upo.es\/diario\/wp-content\/uploads\/2021\/10\/ross-750x536.jpg 750w, https:\/\/www.upo.es\/diario\/wp-content\/uploads\/2021\/10\/ross-360x257.jpg 360w, https:\/\/www.upo.es\/diario\/wp-content\/uploads\/2021\/10\/ross-768x549.jpg 768w, https:\/\/www.upo.es\/diario\/wp-content\/uploads\/2021\/10\/ross-600x429.jpg 600w\" sizes=\"auto, (max-width: 750px) 100vw, 750px\" \/><\/a><figcaption id=\"caption-attachment-30868832\" class=\"wp-caption-text\">De izquierda a derecha, el vicerrector de Cultura y Pol\u00edticas Sociales de la UPO David Cobos Sanchiz y el director gerente de la ROSS Pedro V\u00e1zquez Mar\u00edn.<\/figcaption><\/figure>\n<p>&nbsp;<\/p>\n<p>Con el objetivo de <strong>promocionar la m\u00fasica y la cultura<\/strong>, as\u00ed como desarrollar de manera conjunta actividades formativas y de investigaci\u00f3n entre la comunidad universitaria, la <strong>Universidad Pablo de Olavide <\/strong>y la <strong>Real Orquesta Sinf\u00f3nica de Sevilla<\/strong> han firmado un protocolo general de colaboraci\u00f3n que se ha dado a conocer en la ma\u00f1ana de hoy.<\/p>\n<p>Al acto han asistido, el director gerente de la ROSS <strong>Pedro V\u00e1zquez Mar\u00edn<\/strong> y el vicerrector de Cultura y Pol\u00edticas Sociales de la UPO <strong>David Cobos Sanchiz<\/strong>.<\/p>\n<p>\u201cCon esta colaboraci\u00f3n damos un paso m\u00e1s en nuestro objetivo de estrechar la distancia entre la m\u00fasica cl\u00e1sica y los p\u00fablicos m\u00e1s j\u00f3venes, ya que es ahora cuando hay que plantar la semilla del amor por la cultura y las tradiciones musicales\u201d, ha declarado Pedro V\u00e1zquez.<\/p>\n<p>Por su parte, David Cobos ha resaltado el fuerte compromiso de la Universidad Pablo de Olavide con la promoci\u00f3n y el desarrollo de la cultura. \u201cEstoy seguro de que este acuerdo va a resultar muy \u00fatil para reforzar nuestra agenda cultural, pero tambi\u00e9n para profundizar en acciones formativas y de promoci\u00f3n cultural de la mano de la ROSS. La marcada orientaci\u00f3n socioeducativa que est\u00e1 sabiendo imprimir la orquesta en los \u00faltimos tiempos conecta muy bien con el enfoque que nosotros estamos tratando de impulsar dentro de la universidad, desde el Servicio de Extensi\u00f3n Cultural\u00bb, declara el vicerrector de la UPO.<\/p>\n<p>La <a href=\"https:\/\/rossevillatv.com\/\">Real Orquesta Sinf\u00f3nica de Sevilla<\/a> fue creada el a\u00f1o 1990 por decisi\u00f3n de la Junta de Andaluc\u00eda y del Excmo. Ayuntamiento de Sevilla, entidades participadas al 50%. Desde entonces ha conseguido convertirse en referente obligado y en indiscutible bien cultural de Andaluc\u00eda, habiendo conseguido asimismo un destacado lugar en el panorama sinf\u00f3nico nacional e internacional. En 1995 le fue concedido el t\u00edtulo de Real. Entre otras actividades de la Orquesta cabe destacar el crecimiento del n\u00famero de los conciertos sinf\u00f3nicos, ya sea para el p\u00fablico en general o para la poblaci\u00f3n escolar, as\u00ed como sus colaboraciones en las producciones l\u00edricas del Teatro Maestranza.<\/p>\n","protected":false},"excerpt":{"rendered":"<p>Con el objetivo de promocionar la m\u00fasica y la cultura, as\u00ed como desarrollar de manera conjunta actividades formativas y de investigaci\u00f3n entre la comunidad universitaria, la Universidad Pablo de Olavide y la Real Orquesta Sinf\u00f3nica de Sevilla han firmado un protocolo general de colaboraci\u00f3n que se ha dado a conocer en la ma\u00f1ana de hoy.<\/p>\n","protected":false},"author":2,"featured_media":30868832,"comment_status":"closed","ping_status":"open","sticky":false,"template":"","format":"standard","meta":{"_monsterinsights_skip_tracking":false,"_monsterinsights_sitenote_active":false,"_monsterinsights_sitenote_note":"","_monsterinsights_sitenote_category":0,"footnotes":""},"categories":[6],"tags":[5834,402,6569,2510,2432,7194],"class_list":["post-30868831","post","type-post","status-publish","format-standard","has-post-thumbnail","hentry","category-institucional","tag-cultura","tag-musica","tag-protocolo-general-de-colaboracion","tag-real-orquesta-sinfonica-de-sevilla","tag-ross","tag-vicerrectorado-de-cultura-y-politicas-sociales"],"_links":{"self":[{"href":"https:\/\/www.upo.es\/diario\/wp-json\/wp\/v2\/posts\/30868831","targetHints":{"allow":["GET"]}}],"collection":[{"href":"https:\/\/www.upo.es\/diario\/wp-json\/wp\/v2\/posts"}],"about":[{"href":"https:\/\/www.upo.es\/diario\/wp-json\/wp\/v2\/types\/post"}],"author":[{"embeddable":true,"href":"https:\/\/www.upo.es\/diario\/wp-json\/wp\/v2\/users\/2"}],"replies":[{"embeddable":true,"href":"https:\/\/www.upo.es\/diario\/wp-json\/wp\/v2\/comments?post=30868831"}],"version-history":[{"count":3,"href":"https:\/\/www.upo.es\/diario\/wp-json\/wp\/v2\/posts\/30868831\/revisions"}],"predecessor-version":[{"id":30868836,"href":"https:\/\/www.upo.es\/diario\/wp-json\/wp\/v2\/posts\/30868831\/revisions\/30868836"}],"wp:featuredmedia":[{"embeddable":true,"href":"https:\/\/www.upo.es\/diario\/wp-json\/wp\/v2\/media\/30868832"}],"wp:attachment":[{"href":"https:\/\/www.upo.es\/diario\/wp-json\/wp\/v2\/media?parent=30868831"}],"wp:term":[{"taxonomy":"category","embeddable":true,"href":"https:\/\/www.upo.es\/diario\/wp-json\/wp\/v2\/categories?post=30868831"},{"taxonomy":"post_tag","embeddable":true,"href":"https:\/\/www.upo.es\/diario\/wp-json\/wp\/v2\/tags?post=30868831"}],"curies":[{"name":"wp","href":"https:\/\/api.w.org\/{rel}","templated":true}]}}