{"id":30868837,"date":"2021-10-13T14:25:17","date_gmt":"2021-10-13T12:25:17","guid":{"rendered":"https:\/\/www.upo.es\/diario\/?p=30868837"},"modified":"2021-10-18T12:25:40","modified_gmt":"2021-10-18T10:25:40","slug":"la-upo-y-la-asociacion-espanola-para-superdotados-y-con-talento-renuevan-su-compromiso-para-apoyar-al-estudiantado-con-altas-capacidades","status":"publish","type":"post","link":"https:\/\/www.upo.es\/diario\/institucional\/2021\/10\/la-upo-y-la-asociacion-espanola-para-superdotados-y-con-talento-renuevan-su-compromiso-para-apoyar-al-estudiantado-con-altas-capacidades\/","title":{"rendered":"La UPO y la Asociaci\u00f3n Espa\u00f1ola para Superdotados y con Talento renuevan su compromiso para apoyar al estudiantado con altas capacidades"},"content":{"rendered":"<figure id=\"attachment_30868838\" aria-describedby=\"caption-attachment-30868838\" style=\"width: 750px\" class=\"wp-caption aligncenter\"><a href=\"https:\/\/www.upo.es\/diario\/wp-content\/uploads\/2021\/10\/conve_asoc_superdotados01.jpg\"><img loading=\"lazy\" decoding=\"async\" class=\"size-large wp-image-30868838\" src=\"https:\/\/www.upo.es\/diario\/wp-content\/uploads\/2021\/10\/conve_asoc_superdotados01-750x500.jpg\" alt=\"\" width=\"750\" height=\"500\" srcset=\"https:\/\/www.upo.es\/diario\/wp-content\/uploads\/2021\/10\/conve_asoc_superdotados01-750x500.jpg 750w, https:\/\/www.upo.es\/diario\/wp-content\/uploads\/2021\/10\/conve_asoc_superdotados01-360x240.jpg 360w, https:\/\/www.upo.es\/diario\/wp-content\/uploads\/2021\/10\/conve_asoc_superdotados01-768x512.jpg 768w, https:\/\/www.upo.es\/diario\/wp-content\/uploads\/2021\/10\/conve_asoc_superdotados01-600x400.jpg 600w, https:\/\/www.upo.es\/diario\/wp-content\/uploads\/2021\/10\/conve_asoc_superdotados01-1536x1024.jpg 1536w, https:\/\/www.upo.es\/diario\/wp-content\/uploads\/2021\/10\/conve_asoc_superdotados01-2048x1366.jpg 2048w, https:\/\/www.upo.es\/diario\/wp-content\/uploads\/2021\/10\/conve_asoc_superdotados01-165x109.jpg 165w, https:\/\/www.upo.es\/diario\/wp-content\/uploads\/2021\/10\/conve_asoc_superdotados01-1320x880.jpg 1320w\" sizes=\"auto, (max-width: 750px) 100vw, 750px\" \/><\/a><figcaption id=\"caption-attachment-30868838\" class=\"wp-caption-text\">El rector Francisco Oliva Bl\u00e1zquez junto a Alicia Rodr\u00edguez D\u00edaz-Concha.<\/figcaption><\/figure>\n<p>Con el objetivo de seguir apoyando al <strong>estudiantado con altas capacidades<\/strong>, la <strong>Universidad Pablo de Olavide<\/strong> y <strong><a href=\"https:\/\/www.aest.es\/\">Asociaci\u00f3n Espa\u00f1ola para Superdotados y con Talento<\/a><\/strong> renuevan un convenio de colaboraci\u00f3n que ha sido firmado por el rector Francisco Oliva Bl\u00e1zquez y Alicia Rodr\u00edguez D\u00edaz-Concha, miembro fundador y presidenta de dicha asociaci\u00f3n.<\/p>\n<p>As\u00ed, a trav\u00e9s de este convenio, la UPO continuar\u00e1 acogiendo a alumnos y alumnas de ESO, Bachillerato y tambi\u00e9n universitarios, pertenecientes a la Asociaci\u00f3n Espa\u00f1ola para Superdotados y con Talento, como <strong>oyentes en materias de su inter\u00e9s<\/strong>, as\u00ed como en el uso de las instalaciones, quedando acreditada su participaci\u00f3n y <strong>motiv\u00e1ndolos en el avance en conocimientos<\/strong>.<\/p>\n<p>Este acuerdo se enmarca en el <strong>Programa de Altas Capacidades<\/strong> de la Universidad Pablo de Olavide, que sirve como seguimiento y apoyo constante en materia social y educacional a menores que destacan en el \u00e1mbito formativo, a fin de facilitar su acceso a la Universidad. La gesti\u00f3n de estas acciones es coordinada por el Servicio de Atenci\u00f3n a la Diversidad Funcional y la Direcci\u00f3n Acad\u00e9mica de Integraci\u00f3n y Diversidad Funcional, dependientes del Vicerrectorado de Cultura y Pol\u00edticas Sociales.<\/p>\n<figure id=\"attachment_30868839\" aria-describedby=\"caption-attachment-30868839\" style=\"width: 360px\" class=\"wp-caption alignright\"><a href=\"https:\/\/www.upo.es\/diario\/wp-content\/uploads\/2021\/10\/conve_asoc_superdotados02.jpg\"><img loading=\"lazy\" decoding=\"async\" class=\"size-medium wp-image-30868839\" src=\"https:\/\/www.upo.es\/diario\/wp-content\/uploads\/2021\/10\/conve_asoc_superdotados02-360x240.jpg\" alt=\"\" width=\"360\" height=\"240\" srcset=\"https:\/\/www.upo.es\/diario\/wp-content\/uploads\/2021\/10\/conve_asoc_superdotados02-360x240.jpg 360w, https:\/\/www.upo.es\/diario\/wp-content\/uploads\/2021\/10\/conve_asoc_superdotados02-750x500.jpg 750w, https:\/\/www.upo.es\/diario\/wp-content\/uploads\/2021\/10\/conve_asoc_superdotados02-768x512.jpg 768w, https:\/\/www.upo.es\/diario\/wp-content\/uploads\/2021\/10\/conve_asoc_superdotados02-600x400.jpg 600w, https:\/\/www.upo.es\/diario\/wp-content\/uploads\/2021\/10\/conve_asoc_superdotados02-1536x1024.jpg 1536w, https:\/\/www.upo.es\/diario\/wp-content\/uploads\/2021\/10\/conve_asoc_superdotados02-2048x1366.jpg 2048w, https:\/\/www.upo.es\/diario\/wp-content\/uploads\/2021\/10\/conve_asoc_superdotados02-165x109.jpg 165w, https:\/\/www.upo.es\/diario\/wp-content\/uploads\/2021\/10\/conve_asoc_superdotados02-1320x880.jpg 1320w\" sizes=\"auto, (max-width: 360px) 100vw, 360px\" \/><\/a><figcaption id=\"caption-attachment-30868839\" class=\"wp-caption-text\">De izquierda a derecha, Mar\u00eda Jos\u00e9 Parejo Guzm\u00e1n, Mari\u00e1n Mor\u00f3n Mart\u00edn, el rector Francisco Oliva, Alicia Rodr\u00edguez D\u00edaz-Concha, Jos\u00e9 Luis Sarasola S\u00e1nchez-Serrano e Inmaculada Garc\u00eda Moreno.<\/figcaption><\/figure>\n<p>\u201cHan pasado 20 a\u00f1os desde la firma de este convenio que hoy ratificamos y no solo seguimos creyendo en este proyecto, sino que queremos revitalizarlo\u201d afirma el <strong>rector Francisco Oliva Bl\u00e1zquez<\/strong>, quien a\u00f1ade que con esta iniciativa la Universidad Pablo de Olavide pretende acompa\u00f1ar a estos estudiantes en su proyecto vital.<\/p>\n<p>\u201cLos menores y las menores con altas capacidades tienen muchas inquietudes y una gran necesidad de aprender. Por ello, tenemos que intentar buscar aquello que les motiva, que les mueve, para no caer en el des\u00e1nimo, e intentar sacar el m\u00e1ximo partido de estas personas y que el d\u00eda de ma\u00f1ana se conviertan en hombres y mujeres de provecho\u201d, declara <strong>Alicia Rodr\u00edguez D\u00edaz-Concha<\/strong>, miembro fundador de la asociaci\u00f3n, quien asegura que \u201ccon este convenio se les oferta obtener una mayor motivaci\u00f3n y poder desarrollar mayor conocimiento en los temas de su inter\u00e9s, evitando que alguien con una inteligencia muy superior a la media pueda acabar desperdiciando su talento debido a la falta de atenci\u00f3n necesaria\u201d.<\/p>\n<p>La Asociaci\u00f3n Espa\u00f1ola para Superdotados y con Talento (AEST) es una asociaci\u00f3n de \u00e1mbito nacional, sin \u00e1nimo de lucro, creada en 1992. Su fin es dar servicio y ayudar a las personas con altas capacidades, ya sean padres, familiares o adultos, y tanto socios como usuarios. En el \u00faltimo a\u00f1o, AEST atendi\u00f3 de forma totalmente altruista m\u00e1s de 10 000 consultas procedentes de familias, psic\u00f3logos, pediatras, docentes y otros profesionales.<\/p>\n<p>En el acto celebrado esta ma\u00f1ana en el Rectorado de la Universidad Pablo de Olavide, adem\u00e1s del rector Francisco Oliva y Alicia Rodr\u00edguez D\u00edaz-Concha, han estado presentes la vicerrectora de Estudiantes <strong>Mari\u00e1n Mor\u00f3n Mart\u00edn<\/strong>; el director general de Innovaci\u00f3n Social, <strong>Jos\u00e9 Luis Sarasola S\u00e1nchez-Serrano<\/strong>; la directora acad\u00e9mica de Integraci\u00f3n y Diversidad Funcional, <strong>Mar\u00eda Jos\u00e9 Parejo Guzm\u00e1n<\/strong>; y la secretaria de la Asociaci\u00f3n Espa\u00f1ola para Superdotados y con Talento, <strong>Inmaculada Garc\u00eda Moreno<\/strong>.<\/p>\n","protected":false},"excerpt":{"rendered":"<p>Con el objetivo de seguir apoyando al estudiantado con altas capacidades, la Universidad Pablo de Olavide y Asociaci\u00f3n Espa\u00f1ola para Superdotados y con Talento renuevan un convenio de colaboraci\u00f3n que ha sido firmado por el rector Francisco Oliva Bl\u00e1zquez y Alicia Rodr\u00edguez D\u00edaz-Concha, miembro fundador y presidenta de dicha asociaci\u00f3n.<\/p>\n","protected":false},"author":2,"featured_media":30868838,"comment_status":"closed","ping_status":"open","sticky":false,"template":"","format":"standard","meta":{"_monsterinsights_skip_tracking":false,"_monsterinsights_sitenote_active":false,"_monsterinsights_sitenote_note":"","_monsterinsights_sitenote_category":0,"footnotes":""},"categories":[6],"tags":[7598,7599,211,7597,6213,7194],"class_list":["post-30868837","post","type-post","status-publish","format-standard","has-post-thumbnail","hentry","category-institucional","tag-asociacion-espanola-para-superdotados-y-con-talento","tag-direccion-academica-de-integracion-y-diversidad-funcional","tag-motivacion","tag-programa-de-altas-capacidades","tag-servicio-de-atencion-a-la-diversidad-funcional","tag-vicerrectorado-de-cultura-y-politicas-sociales"],"_links":{"self":[{"href":"https:\/\/www.upo.es\/diario\/wp-json\/wp\/v2\/posts\/30868837","targetHints":{"allow":["GET"]}}],"collection":[{"href":"https:\/\/www.upo.es\/diario\/wp-json\/wp\/v2\/posts"}],"about":[{"href":"https:\/\/www.upo.es\/diario\/wp-json\/wp\/v2\/types\/post"}],"author":[{"embeddable":true,"href":"https:\/\/www.upo.es\/diario\/wp-json\/wp\/v2\/users\/2"}],"replies":[{"embeddable":true,"href":"https:\/\/www.upo.es\/diario\/wp-json\/wp\/v2\/comments?post=30868837"}],"version-history":[{"count":1,"href":"https:\/\/www.upo.es\/diario\/wp-json\/wp\/v2\/posts\/30868837\/revisions"}],"predecessor-version":[{"id":30868840,"href":"https:\/\/www.upo.es\/diario\/wp-json\/wp\/v2\/posts\/30868837\/revisions\/30868840"}],"wp:featuredmedia":[{"embeddable":true,"href":"https:\/\/www.upo.es\/diario\/wp-json\/wp\/v2\/media\/30868838"}],"wp:attachment":[{"href":"https:\/\/www.upo.es\/diario\/wp-json\/wp\/v2\/media?parent=30868837"}],"wp:term":[{"taxonomy":"category","embeddable":true,"href":"https:\/\/www.upo.es\/diario\/wp-json\/wp\/v2\/categories?post=30868837"},{"taxonomy":"post_tag","embeddable":true,"href":"https:\/\/www.upo.es\/diario\/wp-json\/wp\/v2\/tags?post=30868837"}],"curies":[{"name":"wp","href":"https:\/\/api.w.org\/{rel}","templated":true}]}}