{"id":30868897,"date":"2021-10-20T11:13:09","date_gmt":"2021-10-20T09:13:09","guid":{"rendered":"https:\/\/www.upo.es\/diario\/?p=30868897"},"modified":"2021-10-21T10:19:34","modified_gmt":"2021-10-21T08:19:34","slug":"inaugurado-el-congreso-internacional-los-dominios-del-espiritu-en-las-literaturas-espanola-e-hispanoamericana","status":"publish","type":"post","link":"https:\/\/www.upo.es\/diario\/docencia-formacion\/2021\/10\/inaugurado-el-congreso-internacional-los-dominios-del-espiritu-en-las-literaturas-espanola-e-hispanoamericana\/","title":{"rendered":"Inaugurado el Congreso Internacional \u2018Los dominios del esp\u00edritu en las literaturas espa\u00f1ola e hispanoamericana\u2019"},"content":{"rendered":"<figure id=\"attachment_30868923\" aria-describedby=\"caption-attachment-30868923\" style=\"width: 750px\" class=\"wp-caption aligncenter\"><a href=\"https:\/\/www.upo.es\/diario\/wp-content\/uploads\/2021\/10\/DSCN8708.jpg\"><img loading=\"lazy\" decoding=\"async\" class=\"wp-image-30868923 size-large\" src=\"https:\/\/www.upo.es\/diario\/wp-content\/uploads\/2021\/10\/DSCN8708-e1634804037346-750x415.jpg\" alt=\"\" width=\"750\" height=\"415\" srcset=\"https:\/\/www.upo.es\/diario\/wp-content\/uploads\/2021\/10\/DSCN8708-e1634804037346-750x415.jpg 750w, https:\/\/www.upo.es\/diario\/wp-content\/uploads\/2021\/10\/DSCN8708-e1634804037346-360x199.jpg 360w, https:\/\/www.upo.es\/diario\/wp-content\/uploads\/2021\/10\/DSCN8708-e1634804037346-768x425.jpg 768w, https:\/\/www.upo.es\/diario\/wp-content\/uploads\/2021\/10\/DSCN8708-e1634804037346-600x332.jpg 600w, https:\/\/www.upo.es\/diario\/wp-content\/uploads\/2021\/10\/DSCN8708-e1634804037346-1536x849.jpg 1536w, https:\/\/www.upo.es\/diario\/wp-content\/uploads\/2021\/10\/DSCN8708-e1634804037346-1320x730.jpg 1320w, https:\/\/www.upo.es\/diario\/wp-content\/uploads\/2021\/10\/DSCN8708-e1634804037346.jpg 2033w\" sizes=\"auto, (max-width: 750px) 100vw, 750px\" \/><\/a><figcaption id=\"caption-attachment-30868923\" class=\"wp-caption-text\">Jos\u00e9 Guirao, Francisco Oliva y Ra\u00fal Fern\u00e1ndez<\/figcaption><\/figure>\n<p>El rector de la Universidad Pablo de Olavide, <strong>Francisco Oliva<\/strong>, ha inaugurado hoy en la Casa de la Provincia el <strong>Congreso Internacional \u2018Los dominios del esp\u00edritu en las literaturas espa\u00f1ola e hispanoamericana (Siglos XX Y XXI)\u2019<\/strong>. Junto a <strong>Jos\u00e9 Guirao<\/strong>, director general de la Fundaci\u00f3n Montemadrid y exministro de Cultura, y <strong>Ra\u00fal Fern\u00e1ndez<\/strong>, como representante del comit\u00e9 organizador del Congreso, han presentado un programa que abordar\u00e1 hasta el pr\u00f3ximo viernes el estudio de la literatura como v\u00eda de conocimiento de los cambios que afronta la sociedad actual.<\/p>\n<p><a href=\"https:\/\/www.upo.es\/diario\/wp-content\/uploads\/2021\/10\/CARTEL-CONGRESO-DOMINIOS-ESPIRITU.png\"><img loading=\"lazy\" decoding=\"async\" class=\"alignright size-medium wp-image-30868925\" src=\"https:\/\/www.upo.es\/diario\/wp-content\/uploads\/2021\/10\/CARTEL-CONGRESO-DOMINIOS-ESPIRITU-257x360.png\" alt=\"Congreso \" width=\"257\" height=\"360\" srcset=\"https:\/\/www.upo.es\/diario\/wp-content\/uploads\/2021\/10\/CARTEL-CONGRESO-DOMINIOS-ESPIRITU-257x360.png 257w, https:\/\/www.upo.es\/diario\/wp-content\/uploads\/2021\/10\/CARTEL-CONGRESO-DOMINIOS-ESPIRITU-536x750.png 536w, https:\/\/www.upo.es\/diario\/wp-content\/uploads\/2021\/10\/CARTEL-CONGRESO-DOMINIOS-ESPIRITU-768x1075.png 768w, https:\/\/www.upo.es\/diario\/wp-content\/uploads\/2021\/10\/CARTEL-CONGRESO-DOMINIOS-ESPIRITU-600x840.png 600w, https:\/\/www.upo.es\/diario\/wp-content\/uploads\/2021\/10\/CARTEL-CONGRESO-DOMINIOS-ESPIRITU-1097x1536.png 1097w, https:\/\/www.upo.es\/diario\/wp-content\/uploads\/2021\/10\/CARTEL-CONGRESO-DOMINIOS-ESPIRITU-1320x1848.png 1320w, https:\/\/www.upo.es\/diario\/wp-content\/uploads\/2021\/10\/CARTEL-CONGRESO-DOMINIOS-ESPIRITU.png 1417w\" sizes=\"auto, (max-width: 257px) 100vw, 257px\" \/><\/a>El simposio ha sido organizado por profesorado del <strong>grupo de investigaci\u00f3n de la UPO \u2018Textos Human\u00edsticos y Literarios: Interpretaci\u00f3n y Cr\u00edtica\u2019<\/strong>. Tras la primera sesi\u00f3n plenaria titulada \u2018La ciudad y el desierto en los imaginarios apocal\u00edpticos de la \u00faltima novela\u2019 a cargo de la profesora de la Universidad de Valladolid Teresa G\u00f3mez, el congreso continuar\u00e1 esta tarde en el campus de la Universidad Pablo de Olavide.<\/p>\n<p><strong>Especialistas de veinticinco universidades tratar\u00e1n las ciencias literarias desde cualquier perspectiva: teor\u00eda, historia, cr\u00edtica y estudios comparados e interdisciplinarios<\/strong>. El programa ha sido planteado en torno a cuatro l\u00edneas tem\u00e1ticas: <em>Manifestaciones de lo maravilloso en la literatura; El fin de la literatura; En torno a la novela; y Referentes tem\u00e1ticos<\/em>.<\/p>\n<p>M\u00e1s informaci\u00f3n: <a href=\"https:\/\/eventos.upo.es\/49663\/detail\/i-congreso-internacional-los-dominios-del-espiritu-en-las-literaturas-espanola-e-hispanoamericana.html\">https:\/\/eventos.upo.es\/49663\/<\/a><\/p>\n","protected":false},"excerpt":{"rendered":"<p>El rector de la Universidad Pablo de Olavide, Francisco Oliva, ha inaugurado hoy en la Casa de la Provincia el Congreso Internacional \u2018Los dominios del esp\u00edritu en las literaturas espa\u00f1ola e hispanoamericana (Siglos XX Y XXI)\u2019.<\/p>\n","protected":false},"author":6,"featured_media":30868923,"comment_status":"closed","ping_status":"open","sticky":false,"template":"","format":"standard","meta":{"_monsterinsights_skip_tracking":false,"_monsterinsights_sitenote_active":false,"_monsterinsights_sitenote_note":"","_monsterinsights_sitenote_category":0,"footnotes":""},"categories":[2779],"tags":[354,1111,4021,132,401,38],"class_list":["post-30868897","post","type-post","status-publish","format-standard","has-post-thumbnail","hentry","category-docencia-formacion","tag-congreso","tag-filologia-y-traduccion","tag-francisco-oliva-blazquez","tag-humanidades","tag-literatura","tag-rector"],"_links":{"self":[{"href":"https:\/\/www.upo.es\/diario\/wp-json\/wp\/v2\/posts\/30868897","targetHints":{"allow":["GET"]}}],"collection":[{"href":"https:\/\/www.upo.es\/diario\/wp-json\/wp\/v2\/posts"}],"about":[{"href":"https:\/\/www.upo.es\/diario\/wp-json\/wp\/v2\/types\/post"}],"author":[{"embeddable":true,"href":"https:\/\/www.upo.es\/diario\/wp-json\/wp\/v2\/users\/6"}],"replies":[{"embeddable":true,"href":"https:\/\/www.upo.es\/diario\/wp-json\/wp\/v2\/comments?post=30868897"}],"version-history":[{"count":6,"href":"https:\/\/www.upo.es\/diario\/wp-json\/wp\/v2\/posts\/30868897\/revisions"}],"predecessor-version":[{"id":30868926,"href":"https:\/\/www.upo.es\/diario\/wp-json\/wp\/v2\/posts\/30868897\/revisions\/30868926"}],"wp:featuredmedia":[{"embeddable":true,"href":"https:\/\/www.upo.es\/diario\/wp-json\/wp\/v2\/media\/30868923"}],"wp:attachment":[{"href":"https:\/\/www.upo.es\/diario\/wp-json\/wp\/v2\/media?parent=30868897"}],"wp:term":[{"taxonomy":"category","embeddable":true,"href":"https:\/\/www.upo.es\/diario\/wp-json\/wp\/v2\/categories?post=30868897"},{"taxonomy":"post_tag","embeddable":true,"href":"https:\/\/www.upo.es\/diario\/wp-json\/wp\/v2\/tags?post=30868897"}],"curies":[{"name":"wp","href":"https:\/\/api.w.org\/{rel}","templated":true}]}}