{"id":30868901,"date":"2021-10-20T13:37:37","date_gmt":"2021-10-20T11:37:37","guid":{"rendered":"https:\/\/www.upo.es\/diario\/?p=30868901"},"modified":"2021-10-25T12:37:50","modified_gmt":"2021-10-25T10:37:50","slug":"comienza-la-programacion-de-la-iniciativa-sevilla-21oct21-organizada-por-hombres-por-la-igualdad","status":"publish","type":"post","link":"https:\/\/www.upo.es\/diario\/cultura-social\/2021\/10\/comienza-la-programacion-de-la-iniciativa-sevilla-21oct21-organizada-por-hombres-por-la-igualdad\/","title":{"rendered":"Comienza la programaci\u00f3n de la iniciativa Sevilla #21oct21 organizada por Hombres por la Igualdad"},"content":{"rendered":"<figure id=\"attachment_30868902\" aria-describedby=\"caption-attachment-30868902\" style=\"width: 750px\" class=\"wp-caption aligncenter\"><a href=\"https:\/\/www.upo.es\/diario\/wp-content\/uploads\/2021\/10\/21oct21_grupo.jpg\"><img loading=\"lazy\" decoding=\"async\" class=\"wp-image-30868902 size-large\" src=\"https:\/\/www.upo.es\/diario\/wp-content\/uploads\/2021\/10\/21oct21_grupo-e1634729828743-750x442.jpg\" alt=\"Inauguraci\u00f3n de la iniciativa #21oct21\" width=\"750\" height=\"442\" srcset=\"https:\/\/www.upo.es\/diario\/wp-content\/uploads\/2021\/10\/21oct21_grupo-e1634729828743-750x442.jpg 750w, https:\/\/www.upo.es\/diario\/wp-content\/uploads\/2021\/10\/21oct21_grupo-e1634729828743-360x212.jpg 360w, https:\/\/www.upo.es\/diario\/wp-content\/uploads\/2021\/10\/21oct21_grupo-e1634729828743-768x453.jpg 768w, https:\/\/www.upo.es\/diario\/wp-content\/uploads\/2021\/10\/21oct21_grupo-e1634729828743-600x354.jpg 600w, https:\/\/www.upo.es\/diario\/wp-content\/uploads\/2021\/10\/21oct21_grupo-e1634729828743-1320x779.jpg 1320w, https:\/\/www.upo.es\/diario\/wp-content\/uploads\/2021\/10\/21oct21_grupo-e1634729828743.jpg 1492w\" sizes=\"auto, (max-width: 750px) 100vw, 750px\" \/><\/a><figcaption id=\"caption-attachment-30868902\" class=\"wp-caption-text\">Inauguraci\u00f3n de la iniciativa #21oct21<\/figcaption><\/figure>\n<p>Tras la inauguraci\u00f3n que tuvo lugar ayer tarde en el Hogar Virgen de los Reyes, hoy ha dado comienzo en el campus de San Bernardo el <strong>foro Internacional \u2018Masculinidades igualitarias y justicia de g\u00e9nero\u2019<\/strong>. Ma\u00f1ana jueves 21 de octubre se inicia el <strong>Encuentro europeo para promover agendas feministas sobre hombres y masculinidades<\/strong> y a las 19 horas, desde Puerta Jerez, tendr\u00e1 lugar una <strong>manifestaci\u00f3n de Hombres contra las violencias machistas<\/strong>, convocada por el Movimiento de Hombres por la Igualdad al cumplirse 15 a\u00f1os de la primera marcha similar en Espa\u00f1a, organizada en Sevilla en 2006.<\/p>\n<p><strong><a href=\"https:\/\/fundacioniniciativasocial.es\/iniciativa21oct21\/\"><img loading=\"lazy\" decoding=\"async\" class=\"alignright wp-image-30868845 size-medium\" src=\"https:\/\/www.upo.es\/diario\/wp-content\/uploads\/2021\/10\/Cartel-hombres-por-la-igualdad-255x360.jpeg\" alt=\"\" width=\"255\" height=\"360\" srcset=\"https:\/\/www.upo.es\/diario\/wp-content\/uploads\/2021\/10\/Cartel-hombres-por-la-igualdad-255x360.jpeg 255w, https:\/\/www.upo.es\/diario\/wp-content\/uploads\/2021\/10\/Cartel-hombres-por-la-igualdad.jpeg 350w\" sizes=\"auto, (max-width: 255px) 100vw, 255px\" \/><\/a>M\u00f3nica Dom\u00ednguez Serrano, delegada del rector para la Igualdad de G\u00e9nero, particip\u00f3 ayer en el acto de inauguraci\u00f3n junto a representantes de una veintena de entidades<\/strong>. La iniciativa ha contado con el respaldo institucional de la Consejer\u00eda de Igualdad de la Junta de Andaluc\u00eda, el Ayuntamiento de Sevilla y las universidades de Sevilla y Pablo de Olavide. M\u00f3nica Dom\u00ednguez destac\u00f3 la importancia de este encuentro para avanzar en la igualdad entre mujeres y hombres se\u00f1alando en su intervenci\u00f3n la necesidad de implicar a los hombres para conseguirla. \u201c\u00bfC\u00f3mo vamos a conseguir la igualdad real sin el compromiso claro de los hombres? Ha llegado la hora del cambio. Es el momento de modificar este sistema y de hacerlo entre todos, mujeres pero, sobre todo, hombres, porque con la igualdad real nos enriquecemos todos, nos enriquecemos como sociedad\u201d, destac\u00f3 durante la inauguraci\u00f3n.<\/p>\n<p>Desde la Oficina para la Igualdad de la UPO se ha creado, con motivo de la iniciativa Sevilla #21oct21, un <a href=\"https:\/\/upotv.upo.es\/video\/615ff083abe3c64f378b4567\">programa especial de radio, en colaboraci\u00f3n con RadiOlavide<\/a>, presentado por M\u00f3nica Dom\u00ednguez y que cuenta con la participaci\u00f3n de Hilario S\u00e1ez M\u00e9ndez, presidente de la Fundaci\u00f3n Iniciativa Social; Jos\u00e9 \u00c1ngel Lozoya G\u00f3mez, cofundador del Grupo de Hombres de Sevilla y, posteriormente, del Grupo de Hombres de Jerez y miembro del Foro de hombres por la igualdad; y Juan Blanco L\u00f3pez, trabajador social, doctor en Intervenci\u00f3n Social, profesor del Departamento de Trabajo Social y Servicios Sociales de la UPO, y colaborador y part\u00edcipe en el movimiento Hombres por la Igualdad.<\/p>\n<p>M\u00e1s informaci\u00f3n: <strong><a href=\"https:\/\/fundacioniniciativasocial.es\/iniciativa21oct21\/\">Iniciativa Sevilla #21oct21<\/a><\/strong><\/p>\n","protected":false},"excerpt":{"rendered":"<p>La delegada del rector para la Igualdad de G\u00e9nero destac\u00f3 en el acto de inauguraci\u00f3n la importancia de este encuentro para avanzar en la igualdad real entre mujeres y hombres.<\/p>\n","protected":false},"author":6,"featured_media":30868902,"comment_status":"closed","ping_status":"open","sticky":false,"template":"","format":"standard","meta":{"_monsterinsights_skip_tracking":false,"_monsterinsights_sitenote_active":false,"_monsterinsights_sitenote_note":"","_monsterinsights_sitenote_category":0,"footnotes":""},"categories":[5843],"tags":[7256,5883,349,7600,3628],"class_list":["post-30868901","post","type-post","status-publish","format-standard","has-post-thumbnail","hentry","category-cultura-social","tag-delegada-del-rector-para-la-igualdad-de-genero","tag-igualdad-de-genero","tag-inauguracion","tag-iniciativa-sevilla-21oct21","tag-manifestacion"],"_links":{"self":[{"href":"https:\/\/www.upo.es\/diario\/wp-json\/wp\/v2\/posts\/30868901","targetHints":{"allow":["GET"]}}],"collection":[{"href":"https:\/\/www.upo.es\/diario\/wp-json\/wp\/v2\/posts"}],"about":[{"href":"https:\/\/www.upo.es\/diario\/wp-json\/wp\/v2\/types\/post"}],"author":[{"embeddable":true,"href":"https:\/\/www.upo.es\/diario\/wp-json\/wp\/v2\/users\/6"}],"replies":[{"embeddable":true,"href":"https:\/\/www.upo.es\/diario\/wp-json\/wp\/v2\/comments?post=30868901"}],"version-history":[{"count":3,"href":"https:\/\/www.upo.es\/diario\/wp-json\/wp\/v2\/posts\/30868901\/revisions"}],"predecessor-version":[{"id":30868905,"href":"https:\/\/www.upo.es\/diario\/wp-json\/wp\/v2\/posts\/30868901\/revisions\/30868905"}],"wp:featuredmedia":[{"embeddable":true,"href":"https:\/\/www.upo.es\/diario\/wp-json\/wp\/v2\/media\/30868902"}],"wp:attachment":[{"href":"https:\/\/www.upo.es\/diario\/wp-json\/wp\/v2\/media?parent=30868901"}],"wp:term":[{"taxonomy":"category","embeddable":true,"href":"https:\/\/www.upo.es\/diario\/wp-json\/wp\/v2\/categories?post=30868901"},{"taxonomy":"post_tag","embeddable":true,"href":"https:\/\/www.upo.es\/diario\/wp-json\/wp\/v2\/tags?post=30868901"}],"curies":[{"name":"wp","href":"https:\/\/api.w.org\/{rel}","templated":true}]}}