{"id":30868961,"date":"2021-10-22T13:57:31","date_gmt":"2021-10-22T11:57:31","guid":{"rendered":"https:\/\/www.upo.es\/diario\/?p=30868961"},"modified":"2021-10-25T12:38:22","modified_gmt":"2021-10-25T10:38:22","slug":"un-grupo-de-antiguos-alumnos-de-la-universidad-laboral-visitan-el-campus-de-la-upo","status":"publish","type":"post","link":"https:\/\/www.upo.es\/diario\/comunidad\/2021\/10\/un-grupo-de-antiguos-alumnos-de-la-universidad-laboral-visitan-el-campus-de-la-upo\/","title":{"rendered":"Un grupo de antiguos alumnos de la Universidad Laboral visita el campus de la UPO"},"content":{"rendered":"<figure id=\"attachment_30868962\" aria-describedby=\"caption-attachment-30868962\" style=\"width: 360px\" class=\"wp-caption alignright\"><a href=\"https:\/\/www.upo.es\/diario\/wp-content\/uploads\/2021\/10\/visita-campus.jpg\"><img loading=\"lazy\" decoding=\"async\" class=\"wp-image-30868962 size-medium\" src=\"https:\/\/www.upo.es\/diario\/wp-content\/uploads\/2021\/10\/visita-campus-360x170.jpg\" alt=\"\" width=\"360\" height=\"170\" srcset=\"https:\/\/www.upo.es\/diario\/wp-content\/uploads\/2021\/10\/visita-campus-360x170.jpg 360w, https:\/\/www.upo.es\/diario\/wp-content\/uploads\/2021\/10\/visita-campus-750x355.jpg 750w, https:\/\/www.upo.es\/diario\/wp-content\/uploads\/2021\/10\/visita-campus-768x363.jpg 768w, https:\/\/www.upo.es\/diario\/wp-content\/uploads\/2021\/10\/visita-campus-600x284.jpg 600w, https:\/\/www.upo.es\/diario\/wp-content\/uploads\/2021\/10\/visita-campus-1536x727.jpg 1536w, https:\/\/www.upo.es\/diario\/wp-content\/uploads\/2021\/10\/visita-campus-1320x625.jpg 1320w, https:\/\/www.upo.es\/diario\/wp-content\/uploads\/2021\/10\/visita-campus.jpg 2016w\" sizes=\"auto, (max-width: 360px) 100vw, 360px\" \/><\/a><figcaption id=\"caption-attachment-30868962\" class=\"wp-caption-text\">Antiguos alumnos, junto a familiares y amigos, en el Pasaje de la Ilustraci\u00f3n<\/figcaption><\/figure>\n<p>Diecisiete antiguos alumnos de la promoci\u00f3n del a\u00f1o 1971 de Estudios de Arquitectura T\u00e9cnica de la Universidad Laboral han visitado durante la ma\u00f1ana de hoy, 22 de octubre, las instalaciones de la Universidad Pablo de Olavide y han comprobado de primera mano la evoluci\u00f3n que ha experimentado el campus en las \u00faltimas d\u00e9cadas.<\/p>\n<p>La vicerrectora de Relaciones Institucionales y Fundaciones, Laura L\u00f3pez de la Cruz, ha recibido a este grupo de personas procedentes de diversas provincias espa\u00f1olas que, acompa\u00f1adas de amigos y familiares, conmemoran el 50 aniversario de su promoci\u00f3n. Durante el encuentro, la vicerrectora ha puesto de manifiesto las ventajas de un campus \u00fanico para promover las relaciones interdisciplinares entre el estudiantado de la Universidad.<\/p>\n<p>Se trata de la primera visita de una antigua promoci\u00f3n al campus desde el inicio de la pandemia y se enmarca en la pol\u00edtica de apertura de la Universidad a la sociedad.<\/p>\n<p>El grupo visitante ha realizado un <em>tour<\/em> por los lugares m\u00e1s emblem\u00e1ticos, desde el Paraninfo en el Rectorado hasta la Biblioteca, pasando por los nuevos edificios que conforman el campus universitario.<\/p>\n<p>&nbsp;<\/p>\n<p>&nbsp;<\/p>\n","protected":false},"excerpt":{"rendered":"<p>Diecisiete antiguos alumnos de la promoci\u00f3n del a\u00f1o 1971 de Estudios de Arquitectura T\u00e9cnica de la Universidad Laboral han visitado durante la ma\u00f1ana de hoy, 22 de octubre, las instalaciones de la Universidad Pablo de Olavide y han comprobado de primera mano la evoluci\u00f3n que ha experimentado el campus en las \u00faltimas d\u00e9cadas.<\/p>\n","protected":false},"author":15,"featured_media":30868962,"comment_status":"closed","ping_status":"open","sticky":false,"template":"","format":"standard","meta":{"_monsterinsights_skip_tracking":false,"_monsterinsights_sitenote_active":false,"_monsterinsights_sitenote_note":"","_monsterinsights_sitenote_category":0,"footnotes":""},"categories":[5842],"tags":[153,1014,107,2506,7610,7611,1261,7429,297],"class_list":["post-30868961","post","type-post","status-publish","format-standard","has-post-thumbnail","hentry","category-comunidad","tag-alumni","tag-arquitectura","tag-campus","tag-instalaciones","tag-promocion-1951","tag-tour","tag-universidad-laboral","tag-vicerrectorado-de-relaciones-institucionales-y-fundaciones","tag-visita"],"_links":{"self":[{"href":"https:\/\/www.upo.es\/diario\/wp-json\/wp\/v2\/posts\/30868961","targetHints":{"allow":["GET"]}}],"collection":[{"href":"https:\/\/www.upo.es\/diario\/wp-json\/wp\/v2\/posts"}],"about":[{"href":"https:\/\/www.upo.es\/diario\/wp-json\/wp\/v2\/types\/post"}],"author":[{"embeddable":true,"href":"https:\/\/www.upo.es\/diario\/wp-json\/wp\/v2\/users\/15"}],"replies":[{"embeddable":true,"href":"https:\/\/www.upo.es\/diario\/wp-json\/wp\/v2\/comments?post=30868961"}],"version-history":[{"count":3,"href":"https:\/\/www.upo.es\/diario\/wp-json\/wp\/v2\/posts\/30868961\/revisions"}],"predecessor-version":[{"id":30868965,"href":"https:\/\/www.upo.es\/diario\/wp-json\/wp\/v2\/posts\/30868961\/revisions\/30868965"}],"wp:featuredmedia":[{"embeddable":true,"href":"https:\/\/www.upo.es\/diario\/wp-json\/wp\/v2\/media\/30868962"}],"wp:attachment":[{"href":"https:\/\/www.upo.es\/diario\/wp-json\/wp\/v2\/media?parent=30868961"}],"wp:term":[{"taxonomy":"category","embeddable":true,"href":"https:\/\/www.upo.es\/diario\/wp-json\/wp\/v2\/categories?post=30868961"},{"taxonomy":"post_tag","embeddable":true,"href":"https:\/\/www.upo.es\/diario\/wp-json\/wp\/v2\/tags?post=30868961"}],"curies":[{"name":"wp","href":"https:\/\/api.w.org\/{rel}","templated":true}]}}