{"id":30868971,"date":"2021-10-25T11:25:32","date_gmt":"2021-10-25T09:25:32","guid":{"rendered":"https:\/\/www.upo.es\/diario\/?p=30868971"},"modified":"2021-11-03T11:28:23","modified_gmt":"2021-11-03T10:28:23","slug":"nueve-nuevas-asociaciones-del-tercer-sector-se-unen-al-programa-de-voluntariado-de-la-universidad-pablo-de-olavide","status":"publish","type":"post","link":"https:\/\/www.upo.es\/diario\/cultura-social\/2021\/10\/nueve-nuevas-asociaciones-del-tercer-sector-se-unen-al-programa-de-voluntariado-de-la-universidad-pablo-de-olavide\/","title":{"rendered":"Nueve nuevas asociaciones del tercer sector se unen al Programa de Voluntariado de la Universidad Pablo de Olavide"},"content":{"rendered":"<figure id=\"attachment_30868973\" aria-describedby=\"caption-attachment-30868973\" style=\"width: 750px\" class=\"wp-caption aligncenter\"><a href=\"https:\/\/www.upo.es\/diario\/wp-content\/uploads\/2021\/10\/conv-Voluntariado_grupo-scaled.jpg\"><img loading=\"lazy\" decoding=\"async\" class=\"size-large wp-image-30868973\" src=\"https:\/\/www.upo.es\/diario\/wp-content\/uploads\/2021\/10\/conv-Voluntariado_grupo-750x500.jpg\" alt=\"\" width=\"750\" height=\"500\" srcset=\"https:\/\/www.upo.es\/diario\/wp-content\/uploads\/2021\/10\/conv-Voluntariado_grupo-750x500.jpg 750w, https:\/\/www.upo.es\/diario\/wp-content\/uploads\/2021\/10\/conv-Voluntariado_grupo-360x240.jpg 360w, https:\/\/www.upo.es\/diario\/wp-content\/uploads\/2021\/10\/conv-Voluntariado_grupo-768x512.jpg 768w, https:\/\/www.upo.es\/diario\/wp-content\/uploads\/2021\/10\/conv-Voluntariado_grupo-600x400.jpg 600w, https:\/\/www.upo.es\/diario\/wp-content\/uploads\/2021\/10\/conv-Voluntariado_grupo-1536x1024.jpg 1536w, https:\/\/www.upo.es\/diario\/wp-content\/uploads\/2021\/10\/conv-Voluntariado_grupo-2048x1365.jpg 2048w\" sizes=\"auto, (max-width: 750px) 100vw, 750px\" \/><\/a><figcaption id=\"caption-attachment-30868973\" class=\"wp-caption-text\">Imagen de grupo del rector de la UPO Francisco Oliva junto al director general de Innovaci\u00f3n Social, Jos\u00e9 Luis Sarasola S\u00e1nchez-Serrano, miembros de la Oficina de Voluntariado y Compromiso Social y representantes de las nueve entidades del tercer sector.<\/figcaption><\/figure>\n<p>El Programa de Voluntariado de la Universidad Pablo de Olavide contar\u00e1 durante este curso acad\u00e9mico con <strong>nueve nuevas asociaciones del tercer sector<\/strong> con las que la comunidad universitaria podr\u00e1 realizar labores solidarias, prestando de esta manera su tiempo de forma altruista a los que lo necesitan.<\/p>\n<p>El rector de la Universidad Pablo de Olavide Francisco Oliva Bl\u00e1zquez se ha reunido esta ma\u00f1ana con los y las representantes de estas asociaciones con los que ha firmado un <strong>convenio de colaboraci\u00f3n<\/strong> con el fin de establecer un marco jur\u00eddico e institucional para llevar a cabo <strong>actividades de sensibilizaci\u00f3n, captaci\u00f3n y formaci\u00f3n en materia de voluntariado.<\/strong><\/p>\n<figure id=\"attachment_30868974\" aria-describedby=\"caption-attachment-30868974\" style=\"width: 360px\" class=\"wp-caption alignright\"><a href=\"https:\/\/www.upo.es\/diario\/wp-content\/uploads\/2021\/10\/conv-Voluntariado_grupo2-scaled.jpg\"><img loading=\"lazy\" decoding=\"async\" class=\"wp-image-30868974 size-medium\" src=\"https:\/\/www.upo.es\/diario\/wp-content\/uploads\/2021\/10\/conv-Voluntariado_grupo2-360x203.jpg\" alt=\"\" width=\"360\" height=\"203\" srcset=\"https:\/\/www.upo.es\/diario\/wp-content\/uploads\/2021\/10\/conv-Voluntariado_grupo2-360x203.jpg 360w, https:\/\/www.upo.es\/diario\/wp-content\/uploads\/2021\/10\/conv-Voluntariado_grupo2-750x422.jpg 750w, https:\/\/www.upo.es\/diario\/wp-content\/uploads\/2021\/10\/conv-Voluntariado_grupo2-768x432.jpg 768w, https:\/\/www.upo.es\/diario\/wp-content\/uploads\/2021\/10\/conv-Voluntariado_grupo2-600x338.jpg 600w, https:\/\/www.upo.es\/diario\/wp-content\/uploads\/2021\/10\/conv-Voluntariado_grupo2-1536x864.jpg 1536w, https:\/\/www.upo.es\/diario\/wp-content\/uploads\/2021\/10\/conv-Voluntariado_grupo2-2048x1152.jpg 2048w\" sizes=\"auto, (max-width: 360px) 100vw, 360px\" \/><\/a><figcaption id=\"caption-attachment-30868974\" class=\"wp-caption-text\">El rector se ha reunido en la ma\u00f1ana de hoy con los y las representantes de las nueve nuevas asociaciones que se incorporan al Programa de Voluntariado.<\/figcaption><\/figure>\n<p>Estas asociaciones son la <strong>Asociaci\u00f3n Visue\u00f1a de Ayuda por la Integraci\u00f3n (AVAIN)<\/strong>; <strong>Asociaci\u00f3n Promotora, Laboral y Asistencial PROLAYA<\/strong>; <strong>Ar San Jos\u00e9 Alcoholicos Rehabilitados San Jos\u00e9 De La Rinconada<\/strong>; <strong>ANTARIS<\/strong>; <strong>Protecci\u00f3n Civil Tocina<\/strong>; <strong>Asociaci\u00f3n de Familias de Acogida y Colaboradoras Abr\u00e1zame<\/strong>; <strong>Asociaci\u00f3n para la Diversidad Funcional<\/strong>; <strong>Fundaci\u00f3n Itaka Escolapios<\/strong>; y la <strong>Asociaci\u00f3n Sevillana de Espina B\u00edfida<\/strong>.<\/p>\n<p>El rector Francisco Oliva Bl\u00e1zquez, ha comenzado su intervenci\u00f3n dando las gracias a las entidades \u201cpor el trabajo y compromiso personal de cada uno de sus miembros, <strong>s\u00edntoma relevante de la salud de nuestra ciudadan\u00eda<\/strong>\u201d, y ofreciendo todo el apoyo de la UPO, \u201cpues este tipo de acciones son las que hacen que merezca la pena estar al frente de una universidad\u201d.<\/p>\n<p>Francisco Oliva tambi\u00e9n ha resaltado \u201cla relevante funci\u00f3n de la universidad no solo en la formaci\u00f3n en conocimientos t\u00e9cnicos asociados a cada una de disciplinas, sino en la <strong>formaci\u00f3n en valores<\/strong>. \u201cQue los estudiantes se impliquen en el Programa de Voluntariado indica que van a adquirir <strong>compromiso social, comportamiento \u00e9tico y respeto a la sociedad.<\/strong> Una sociedad a la que como universidad p\u00fablica que somos tenemos que devolver todo lo que nos aporta\u201d.<\/p>\n<p><strong>Programa de Voluntariado de la UPO<\/strong><\/p>\n<p>Los voluntarios podr\u00e1n colaborar a lo largo de este curso 2021-2022 con <strong>m\u00e1s de 90 asociaciones y entidades, as\u00ed como con proyectos propios de la Oficina de Voluntariado y Compromiso Social de la UPO<\/strong>, y podr\u00e1n participar en <strong>m\u00e1s de 100 acciones solidarias con diversos colectivos en tem\u00e1ticas muy variadas<\/strong>, como el acompa\u00f1amiento a personas enfermas en hospitales, talleres de ocio y tiempo libre con drogodependientes, acompa\u00f1amiento a personas mayores y apoyo escolar y ocio para menores y j\u00f3venes as\u00ed como programas con personas con diversidad funcional a trav\u00e9s de distintas terapias, entre otras acciones.<\/p>\n<p>Toda esta tarea est\u00e1 coordinada en la Universidad Pablo de Olavide por la <strong>Oficina de Voluntariado y Compromiso Social del Vicerrectorado de Cultura y Pol\u00edticas Sociales de la UPO<\/strong>, punto de encuentro entre las asociaciones y la comunidad universitaria para la promoci\u00f3n y difusi\u00f3n de programas de intervenci\u00f3n, actividades solidarias y todo lo relacionado con la acci\u00f3n voluntaria.<\/p>\n<p>En total, casi 400 estudiantes participaron en la \u00faltima edici\u00f3n del Programa de Voluntariado Universitario de la UPO, una de las se\u00f1as de identidad de la Universidad. Los estudiantes, adem\u00e1s de formaci\u00f3n, reciben el reconocimiento de cr\u00e9ditos ECTS de libre disposici\u00f3n que son incorporados a su expediente acad\u00e9mico. Asimismo, la UPO tambi\u00e9n oferta el Programa de Voluntariado Internacional, mediante el voluntariado europeo que la ejecuta a trav\u00e9s del programa Erasmus + Cuerpo Europeo de Solidaridad.<\/p>\n<p>La Universidad Pablo de Olavide contin\u00faa de esta manera afianzando su compromiso con el voluntariado y apostando por la formaci\u00f3n en valores de los estudiantes, fomentando as\u00ed la formaci\u00f3n integral de la persona y contribuyendo a que sean ciudadanos comprometidos con la sociedad y con el medio que les rodea.<\/p>\n<p><strong><u>M\u00e1s informaci\u00f3n:<\/u><\/strong><\/p>\n<p><a href=\"https:\/\/www.upo.es\/upsc\/voluntariado\/\">Oficina de Voluntariado y Compromiso Social<\/a><\/p>\n<p><a href=\"https:\/\/www.upo.es\/upsc\/voluntariado\/programa-voluntariado\/\">Programa de Voluntariado Universitario<\/a><\/p>\n<p>&nbsp;<\/p>\n","protected":false},"excerpt":{"rendered":"<p>El Programa de Voluntariado de la Universidad Pablo de Olavide contar\u00e1 durante este curso acad\u00e9mico con nueve nuevas asociaciones del tercer sector con las que la comunidad universitaria podr\u00e1 realizar labores solidarias, prestando de esta manera su tiempo de forma altruista a los que lo necesitan.<\/p>\n","protected":false},"author":2,"featured_media":30868973,"comment_status":"closed","ping_status":"open","sticky":false,"template":"","format":"standard","meta":{"_monsterinsights_skip_tracking":false,"_monsterinsights_sitenote_active":false,"_monsterinsights_sitenote_note":"","_monsterinsights_sitenote_category":0,"footnotes":""},"categories":[5843],"tags":[372,326,1168,7525,5906,7194],"class_list":["post-30868971","post","type-post","status-publish","format-standard","has-post-thumbnail","hentry","category-cultura-social","tag-asociacion","tag-convenio","tag-oficina-de-voluntariado-y-solidaridad","tag-sensibilizacion-social","tag-tercer-sector","tag-vicerrectorado-de-cultura-y-politicas-sociales"],"_links":{"self":[{"href":"https:\/\/www.upo.es\/diario\/wp-json\/wp\/v2\/posts\/30868971","targetHints":{"allow":["GET"]}}],"collection":[{"href":"https:\/\/www.upo.es\/diario\/wp-json\/wp\/v2\/posts"}],"about":[{"href":"https:\/\/www.upo.es\/diario\/wp-json\/wp\/v2\/types\/post"}],"author":[{"embeddable":true,"href":"https:\/\/www.upo.es\/diario\/wp-json\/wp\/v2\/users\/2"}],"replies":[{"embeddable":true,"href":"https:\/\/www.upo.es\/diario\/wp-json\/wp\/v2\/comments?post=30868971"}],"version-history":[{"count":2,"href":"https:\/\/www.upo.es\/diario\/wp-json\/wp\/v2\/posts\/30868971\/revisions"}],"predecessor-version":[{"id":30868975,"href":"https:\/\/www.upo.es\/diario\/wp-json\/wp\/v2\/posts\/30868971\/revisions\/30868975"}],"wp:featuredmedia":[{"embeddable":true,"href":"https:\/\/www.upo.es\/diario\/wp-json\/wp\/v2\/media\/30868973"}],"wp:attachment":[{"href":"https:\/\/www.upo.es\/diario\/wp-json\/wp\/v2\/media?parent=30868971"}],"wp:term":[{"taxonomy":"category","embeddable":true,"href":"https:\/\/www.upo.es\/diario\/wp-json\/wp\/v2\/categories?post=30868971"},{"taxonomy":"post_tag","embeddable":true,"href":"https:\/\/www.upo.es\/diario\/wp-json\/wp\/v2\/tags?post=30868971"}],"curies":[{"name":"wp","href":"https:\/\/api.w.org\/{rel}","templated":true}]}}