{"id":30869032,"date":"2021-10-27T13:24:56","date_gmt":"2021-10-27T11:24:56","guid":{"rendered":"https:\/\/www.upo.es\/diario\/?p=30869032"},"modified":"2021-11-03T11:27:44","modified_gmt":"2021-11-03T10:27:44","slug":"la-upo-caritas-universitaria-fundacion-la-caixa-y-la-fundacion-persan-presentan-la-octava-edicion-del-programa-la-rosa-blanca","status":"publish","type":"post","link":"https:\/\/www.upo.es\/diario\/institucional\/2021\/10\/la-upo-caritas-universitaria-fundacion-la-caixa-y-la-fundacion-persan-presentan-la-octava-edicion-del-programa-la-rosa-blanca\/","title":{"rendered":"La UPO, C\u00e1ritas Universitaria, Fundaci\u00f3n \u2018la Caixa\u2019, y la Fundaci\u00f3n Pers\u00e1n presentan la octava edici\u00f3n del programa \u2018La Rosa Blanca\u2019"},"content":{"rendered":"<figure id=\"attachment_30869034\" aria-describedby=\"caption-attachment-30869034\" style=\"width: 750px\" class=\"wp-caption aligncenter\"><a href=\"https:\/\/www.upo.es\/diario\/wp-content\/uploads\/2021\/10\/LaRosaBlanca_UPO-LaCaixa-Persan-Caritas-scaled.jpg\"><img loading=\"lazy\" decoding=\"async\" class=\"size-large wp-image-30869034\" src=\"https:\/\/www.upo.es\/diario\/wp-content\/uploads\/2021\/10\/LaRosaBlanca_UPO-LaCaixa-Persan-Caritas-750x422.jpg\" alt=\"\" width=\"750\" height=\"422\" srcset=\"https:\/\/www.upo.es\/diario\/wp-content\/uploads\/2021\/10\/LaRosaBlanca_UPO-LaCaixa-Persan-Caritas-750x422.jpg 750w, https:\/\/www.upo.es\/diario\/wp-content\/uploads\/2021\/10\/LaRosaBlanca_UPO-LaCaixa-Persan-Caritas-360x202.jpg 360w, https:\/\/www.upo.es\/diario\/wp-content\/uploads\/2021\/10\/LaRosaBlanca_UPO-LaCaixa-Persan-Caritas-768x432.jpg 768w, https:\/\/www.upo.es\/diario\/wp-content\/uploads\/2021\/10\/LaRosaBlanca_UPO-LaCaixa-Persan-Caritas-600x337.jpg 600w, https:\/\/www.upo.es\/diario\/wp-content\/uploads\/2021\/10\/LaRosaBlanca_UPO-LaCaixa-Persan-Caritas-1536x864.jpg 1536w, https:\/\/www.upo.es\/diario\/wp-content\/uploads\/2021\/10\/LaRosaBlanca_UPO-LaCaixa-Persan-Caritas-2048x1152.jpg 2048w\" sizes=\"auto, (max-width: 750px) 100vw, 750px\" \/><\/a><figcaption id=\"caption-attachment-30869034\" class=\"wp-caption-text\">De izquierda a derecha: Juan Moya Yoldi, el rector Francisco Oliva, Mar\u00eda Jes\u00fas Catal\u00e1 y Andr\u00e9s Pablo Guija Rodr\u00edguez.<\/figcaption><\/figure>\n<p>&nbsp;<\/p>\n<p>El rector de la Universidad Pablo de Olavide, <strong>Francisco Oliva Bl\u00e1zquez<\/strong>; el presidente de C\u00e1ritas Universitaria, <strong>Andr\u00e9s Pablo Guija Rodr\u00edguez<\/strong>; la directora territorial Andaluc\u00eda Occidental y Extremadura de CaixaBank, <strong>Mar\u00eda Jes\u00fas Catal\u00e1; <\/strong>y el vicepresidente ejecutivo de la Fundaci\u00f3n Pers\u00e1n, <strong>Juan Moya Yoldi<\/strong>, han presentado esta ma\u00f1ana la octava edici\u00f3n del <strong>programa \u2018La Rosa Blanca\u2019<\/strong>, que promueve <strong>48 ayudas destinadas a estudiantes de la UPO con dificultades socioecon\u00f3micas durante el curso 2021-22<\/strong>.<\/p>\n<p>Francisco Oliva ha resaltado el elevado valor de este programa \u201cpues la formaci\u00f3n es una de las v\u00edas que proporciona igualdad de oportunidades\u201d, as\u00ed como ha agradecido la implicaci\u00f3n de las instituciones y la labor de los voluntarios y las voluntarias en estos tiempos marcados por la pandemia.<\/p>\n<p>En la misma l\u00ednea se ha manifestado Mar\u00eda Jes\u00fas Catal\u00e1, quien ha resaltado que \u201cla formaci\u00f3n es una de las herramientas que promueven el cambio\u201d y se ha mostrado muy satisfecha por la continuidad del programa un a\u00f1o m\u00e1s. \u201cIr de la mano de estas instituciones es garant\u00eda de \u00e9xito\u201d, ha asegurado la directora territorial Andaluc\u00eda Occidental y Extremadura de CaixaBank, quien ha puesto en valor el hecho de que los y las estudiantes, a pesar de tener dificultades, opten por poder formarse.<\/p>\n<p>Por su parte, el presidente de C\u00e1ritas Universitaria ha resaltado el trabajo de los voluntarios y voluntarias, a los que ha dedicado palabras de admiraci\u00f3n y agradecimiento. Agradecimiento que Andr\u00e9s Pablo Guija ha hecho extensivo a las instituciones \u201cque apoyan y conf\u00edan en esta iniciativa solidaria para lograr que ning\u00fan estudiante se quede sin posibilidades de estudio\u201d.<\/p>\n<p>Finalmente, Juan Moya Yoldi ha resaltado el compromiso de la Fundaci\u00f3n Pers\u00e1n con la formaci\u00f3n, \u201cuna formaci\u00f3n tanto acad\u00e9mica como humana que alcance a todos los estratos sociales para construir una sociedad mejor\u201d.<\/p>\n<p><strong>Ayuda socioecon\u00f3mica para el estudiantado universitario<\/strong><\/p>\n<p>Existen <strong>cuatro modalidades de ayudas<\/strong> seg\u00fan las caracter\u00edsticas del alumnado: <strong>diez ayudas-pr\u00e9stamo<\/strong> para estudiantes de primer curso de Grado o M\u00e1ster con residencia familiar fuera de Sevilla capital; <strong>doce ayudas de\u00a0 transporte<\/strong>\u00a0 para\u00a0 estudiantes\u00a0 de\u00a0 Grado\u00a0 o M\u00e1ster\u00a0 que \u00a0hayan\u00a0 superado\u00a0 el\u00a0 40 %\u00a0 de\u00a0 los\u00a0 cr\u00e9ditos\u00a0 del\u00a0 curso\u00a0 precedente (si\u00a0 son\u00a0 de\u00a0 primero\u00a0 de\u00a0 Grado,\u00a0 este\u00a0 requisito\u00a0 no\u00a0 rige)\u00a0 y\u00a0 residen\u00a0 fuera\u00a0 de Sevilla capital; <strong>diez\u00a0 ayudas\u00a0 para\u00a0 pago\u00a0 de\u00a0 matr\u00edcula<\/strong>\u00a0 de\u00a0 estudiantes\u00a0 que, habiendo\u00a0 superado\u00a0 el\u00a0 40 %\u00a0 de\u00a0 los\u00a0 cr\u00e9ditos\u00a0 del\u00a0 curso\u00a0 precedente\u00a0 y\u00a0 a quienes\u00a0 reste\u00a0 el\u00a0 35\u00a0 %\u00a0 de\u00a0 los\u00a0 cr\u00e9ditos\u00a0 globales\u00a0 para\u00a0 finalizar\u00a0 sus\u00a0 estudios de Grado o M\u00e1ster, no puedan acceder a ning\u00fan tipo de ayudas p\u00fablicas; <strong>quince\u00a0 ayudas<\/strong>\u00a0 para\u00a0 estudiantes\u00a0 de\u00a0 Grado o\u00a0 M\u00e1ster que, habiendo superado el\u00a0 40 % de los cr\u00e9ditos del curso precedente\u00a0 (excepto estudiantes\u00a0 de\u00a0 primer\u00a0 curso)\u00a0 y\u00a0 no\u00a0 teniendo\u00a0 posibilidad\u00a0 de\u00a0 recibir\u00a0 otras ayudas,\u00a0 demuestren\u00a0 que\u00a0 viven\u00a0 situaciones\u00a0 familiares\u00a0 sobrevenidas\u00a0 les hacen imposible afrontar el coste del curso acad\u00e9mico (matr\u00edcula, manutenci\u00f3n y\/o alojamiento).<\/p>\n<p>Este \u00faltimo tipo de ayudas est\u00e1n destinadas a aquellas personas que, a consecuencia de la pandemia de Covid-19, y con el cese o rebaja de ingresos por parte de un gran sector de la poblaci\u00f3n, tengan dificultades en el abono de las matr\u00edculas. El objetivo es contribuir a paliar la situaci\u00f3n de aquellos estudiantes que bien directamente o bien a trav\u00e9s de sus familias se han visto afectados a causa de despidos, extinci\u00f3n de contratos laborales, ERES, ERTES o minoraci\u00f3n de ingresos respecto al curso pasado.<\/p>\n<p>Para acceder a estas ayudas, supervisadas por el <strong>Vicerrectorado de Estudiantes<\/strong>, se deber\u00e1 presentar la solicitud correspondiente junto con los documentos requeridos en el Registro de la Universidad Pablo de Olavide o en el servicio de registro electr\u00f3nico de la UPO. Hay tres plazos establecidos para ello: <strong>antes del 9 de noviembre<\/strong>, <strong>del 22 de febrero<\/strong> y <strong>del 17 de junio<\/strong>. Cuando se entreguen los documentos se deber\u00e1 enviar un email a <a href=\"mailto:fondodesolidaridad@acu.upo.es\">fondodesolidaridad@acu.upo.es<\/a> con el formulario de la solicitud entregado.<\/p>\n<p><strong>M\u00e1s informaci\u00f3n:<\/strong><\/p>\n<p><a href=\"https:\/\/www.caritas-sevilla.org\/ayuda-social-a-universitarios\/ayudas-upo\">BASES DE LA CONVOCATORIA \u00abLA ROSA BLANCA\u00bb 2021-2022 DE AYUDAS A ESTUDIANTES UNIVERSITARIOS DE LA UNIVERSIDAD PABLO DE OLAVIDE<\/a><\/p>\n","protected":false},"excerpt":{"rendered":"<p>El rector de la Universidad Pablo de Olavide, Francisco Oliva Bl\u00e1zquez; el presidente de C\u00e1ritas Universitaria, Andr\u00e9s Pablo Guija Rodr\u00edguez; la directora territorial Andaluc\u00eda Occidental y Extremadura de CaixaBank, Mar\u00eda Jes\u00fas Catal\u00e1; y el vicepresidente ejecutivo de la Fundaci\u00f3n Pers\u00e1n, Juan Moya Yoldi, han presentado esta ma\u00f1ana la octava edici\u00f3n del programa \u2018La Rosa Blanca\u2019, que promueve 48 ayudas destinadas a estudiantes de la UPO con dificultades socioecon\u00f3micas durante el curso 2021-22.<\/p>\n","protected":false},"author":2,"featured_media":30869034,"comment_status":"closed","ping_status":"open","sticky":false,"template":"","format":"standard","meta":{"_monsterinsights_skip_tracking":false,"_monsterinsights_sitenote_active":false,"_monsterinsights_sitenote_note":"","_monsterinsights_sitenote_category":0,"footnotes":""},"categories":[6],"tags":[3719,5196,4400,6601,2679,21,6971,3392,6969],"class_list":["post-30869032","post","type-post","status-publish","format-standard","has-post-thumbnail","hentry","category-institucional","tag-ayudas","tag-caixabank","tag-caritas-universitaria","tag-covid-19","tag-desigualdad","tag-estudiantes","tag-fundacion-la-caixa","tag-fundacion-persan","tag-la-rosa-blanca"],"_links":{"self":[{"href":"https:\/\/www.upo.es\/diario\/wp-json\/wp\/v2\/posts\/30869032","targetHints":{"allow":["GET"]}}],"collection":[{"href":"https:\/\/www.upo.es\/diario\/wp-json\/wp\/v2\/posts"}],"about":[{"href":"https:\/\/www.upo.es\/diario\/wp-json\/wp\/v2\/types\/post"}],"author":[{"embeddable":true,"href":"https:\/\/www.upo.es\/diario\/wp-json\/wp\/v2\/users\/2"}],"replies":[{"embeddable":true,"href":"https:\/\/www.upo.es\/diario\/wp-json\/wp\/v2\/comments?post=30869032"}],"version-history":[{"count":5,"href":"https:\/\/www.upo.es\/diario\/wp-json\/wp\/v2\/posts\/30869032\/revisions"}],"predecessor-version":[{"id":30869038,"href":"https:\/\/www.upo.es\/diario\/wp-json\/wp\/v2\/posts\/30869032\/revisions\/30869038"}],"wp:featuredmedia":[{"embeddable":true,"href":"https:\/\/www.upo.es\/diario\/wp-json\/wp\/v2\/media\/30869034"}],"wp:attachment":[{"href":"https:\/\/www.upo.es\/diario\/wp-json\/wp\/v2\/media?parent=30869032"}],"wp:term":[{"taxonomy":"category","embeddable":true,"href":"https:\/\/www.upo.es\/diario\/wp-json\/wp\/v2\/categories?post=30869032"},{"taxonomy":"post_tag","embeddable":true,"href":"https:\/\/www.upo.es\/diario\/wp-json\/wp\/v2\/tags?post=30869032"}],"curies":[{"name":"wp","href":"https:\/\/api.w.org\/{rel}","templated":true}]}}