{"id":30869047,"date":"2021-10-28T11:28:04","date_gmt":"2021-10-28T09:28:04","guid":{"rendered":"https:\/\/www.upo.es\/diario\/?p=30869047"},"modified":"2021-10-28T11:28:13","modified_gmt":"2021-10-28T09:28:13","slug":"investigadores-de-la-red-espanola-por-una-infancia-activa-y-saludable-se-reunen-en-la-upo","status":"publish","type":"post","link":"https:\/\/www.upo.es\/diario\/docencia-formacion\/2021\/10\/investigadores-de-la-red-espanola-por-una-infancia-activa-y-saludable-se-reunen-en-la-upo\/","title":{"rendered":"Investigadores de la Red Espa\u00f1ola por una Infancia Activa y Saludable se re\u00fanen en la UPO"},"content":{"rendered":"<figure id=\"attachment_30869048\" aria-describedby=\"caption-attachment-30869048\" style=\"width: 750px\" class=\"wp-caption aligncenter\"><a href=\"https:\/\/www.upo.es\/diario\/wp-content\/uploads\/2021\/10\/Simposio-REIAS-2-scaled.jpg\"><img loading=\"lazy\" decoding=\"async\" class=\"size-large wp-image-30869048\" src=\"https:\/\/www.upo.es\/diario\/wp-content\/uploads\/2021\/10\/Simposio-REIAS-2-750x328.jpg\" alt=\"\" width=\"750\" height=\"328\" srcset=\"https:\/\/www.upo.es\/diario\/wp-content\/uploads\/2021\/10\/Simposio-REIAS-2-750x328.jpg 750w, https:\/\/www.upo.es\/diario\/wp-content\/uploads\/2021\/10\/Simposio-REIAS-2-360x158.jpg 360w, https:\/\/www.upo.es\/diario\/wp-content\/uploads\/2021\/10\/Simposio-REIAS-2-768x336.jpg 768w, https:\/\/www.upo.es\/diario\/wp-content\/uploads\/2021\/10\/Simposio-REIAS-2-600x263.jpg 600w, https:\/\/www.upo.es\/diario\/wp-content\/uploads\/2021\/10\/Simposio-REIAS-2-1536x672.jpg 1536w, https:\/\/www.upo.es\/diario\/wp-content\/uploads\/2021\/10\/Simposio-REIAS-2-2048x896.jpg 2048w\" sizes=\"auto, (max-width: 750px) 100vw, 750px\" \/><\/a><figcaption id=\"caption-attachment-30869048\" class=\"wp-caption-text\">Investigadores de la Red Espa\u00f1ola por una Infancia Activa y Saludable (REIAS)<\/figcaption><\/figure>\n<p>El <strong>I Simposio \u2018Retos y desaf\u00edos en la promoci\u00f3n de una vida activa en la infancia y adolescencia\u2019 <\/strong>re\u00fane desde hoy en la Universidad Pablo de Olavide por primera vez a investigadores de las doce universidades que integran la <strong>Red Espa\u00f1ola por una Infancia Activa y Saludable (REIAS)<\/strong>. Antonio Fern\u00e1ndez, vicerrector de Campus Saludable y Deporte, y Javier Brazo Sayavera, coordinador de la red, han presentado esta ma\u00f1ana el Simposio que se desarrollar\u00e1 en el campus de la UPO hasta ma\u00f1ana viernes.<\/p>\n<figure id=\"attachment_30869050\" aria-describedby=\"caption-attachment-30869050\" style=\"width: 360px\" class=\"wp-caption alignright\"><a href=\"https:\/\/www.upo.es\/diario\/wp-content\/uploads\/2021\/10\/Simposio-REIAS-scaled.jpg\"><img loading=\"lazy\" decoding=\"async\" class=\"size-medium wp-image-30869050\" src=\"https:\/\/www.upo.es\/diario\/wp-content\/uploads\/2021\/10\/Simposio-REIAS-360x202.jpg\" alt=\"Antonio Fern\u00e1ndez y Javier Sayavera\" width=\"360\" height=\"202\" srcset=\"https:\/\/www.upo.es\/diario\/wp-content\/uploads\/2021\/10\/Simposio-REIAS-360x202.jpg 360w, https:\/\/www.upo.es\/diario\/wp-content\/uploads\/2021\/10\/Simposio-REIAS-750x422.jpg 750w, https:\/\/www.upo.es\/diario\/wp-content\/uploads\/2021\/10\/Simposio-REIAS-768x432.jpg 768w, https:\/\/www.upo.es\/diario\/wp-content\/uploads\/2021\/10\/Simposio-REIAS-600x337.jpg 600w, https:\/\/www.upo.es\/diario\/wp-content\/uploads\/2021\/10\/Simposio-REIAS-1536x864.jpg 1536w, https:\/\/www.upo.es\/diario\/wp-content\/uploads\/2021\/10\/Simposio-REIAS-2048x1152.jpg 2048w\" sizes=\"auto, (max-width: 360px) 100vw, 360px\" \/><\/a><figcaption id=\"caption-attachment-30869050\" class=\"wp-caption-text\">Antonio Fern\u00e1ndez y Javier B. Sayavera<\/figcaption><\/figure>\n<p>REIAS es un<strong> proyecto financiado por el Consejo Superior de Deportes<\/strong> que comenz\u00f3 su actividad el pasado mes de mayo, coordinado por la Universidad Pablo de Olavide. Tras la celebraci\u00f3n de tres seminarios virtuales relacionados con la promoci\u00f3n de h\u00e1bitos de vida saludable en la infancia y adolescencia, sus investigadores han podido reunirse presencialmente por primera vez.<\/p>\n<p>La red de investigadores cuenta con el apoyo de la <a href=\"https:\/\/www.activehealthykids.org\/\">Alianza Global por una Infancia Activa y Saludable<\/a> (<em>Active Healthy Kids Global Alliance<\/em>), organizaci\u00f3n internacional sin \u00e1nimo de lucro con origen en Canad\u00e1. Precisamente la primera presentaci\u00f3n del Simposio correr\u00e1 a cargo de <strong>Salom\u00e9 Aubert,<\/strong> especialista de esta entidad en vigilancia y promoci\u00f3n de la actividad f\u00edsica en ni\u00f1os y adolescentes. Intervendr\u00e1n tambi\u00e9n en el Simposio, <strong>Jos\u00e9 Francisco L\u00f3pez Gil<\/strong>, investigador especializado en conductas saludables en los j\u00f3venes, y <strong>Jes\u00fas del Pozo Cruz<\/strong>, especialista en la evaluaci\u00f3n de la actividad f\u00edsica en ni\u00f1os y ni\u00f1as e investigador del proyecto SUNRISE Andaluc\u00eda.<\/p>\n<p>El decano de la Facultad de Ciencias del Deporte de la Universidad Pablo de Olavide, Javier G\u00e1lvez, ser\u00e1 el encargado de clausurar unas jornadas de trabajo en la que los investigadores de REIAS tratar\u00e1n de consolidar proyectos conjuntos, as\u00ed como buscar sinergias que permitan afianzar y ampliar la financiaci\u00f3n de una red que aborda un tema de especial importancia como es el desarrollo de una infancia activa y saludable.<\/p>\n","protected":false},"excerpt":{"rendered":"<p>El I Simposio \u2018Retos y desaf\u00edos en la promoci\u00f3n de una vida activa en la infancia y adolescencia\u2019 re\u00fane desde hoy en la Universidad Pablo de Olavide por primera vez a investigadores de las doce universidades que integran la Red Espa\u00f1ola por una Infancia Activa y Saludable (REIAS). Antonio Fern\u00e1ndez, vicerrector de Campus Saludable y Deporte, y Javier Brazo Sayavera, coordinador de la red, han presentado esta ma\u00f1ana el Simposio que se desarrollar\u00e1 en el campus de la UPO hasta ma\u00f1ana viernes. <\/p>\n","protected":false},"author":6,"featured_media":30869048,"comment_status":"closed","ping_status":"open","sticky":false,"template":"","format":"standard","meta":{"_monsterinsights_skip_tracking":false,"_monsterinsights_sitenote_active":false,"_monsterinsights_sitenote_note":"","_monsterinsights_sitenote_category":0,"footnotes":""},"categories":[2779],"tags":[7428,1990,451,7524,218,7253],"class_list":["post-30869047","post","type-post","status-publish","format-standard","has-post-thumbnail","hentry","category-docencia-formacion","tag-antonio-fernandez-martinez","tag-ciencias-del-deporte","tag-infancia","tag-reias","tag-salud","tag-vicerrectorado-de-campus-saludable-y-deporte"],"_links":{"self":[{"href":"https:\/\/www.upo.es\/diario\/wp-json\/wp\/v2\/posts\/30869047","targetHints":{"allow":["GET"]}}],"collection":[{"href":"https:\/\/www.upo.es\/diario\/wp-json\/wp\/v2\/posts"}],"about":[{"href":"https:\/\/www.upo.es\/diario\/wp-json\/wp\/v2\/types\/post"}],"author":[{"embeddable":true,"href":"https:\/\/www.upo.es\/diario\/wp-json\/wp\/v2\/users\/6"}],"replies":[{"embeddable":true,"href":"https:\/\/www.upo.es\/diario\/wp-json\/wp\/v2\/comments?post=30869047"}],"version-history":[{"count":4,"href":"https:\/\/www.upo.es\/diario\/wp-json\/wp\/v2\/posts\/30869047\/revisions"}],"predecessor-version":[{"id":30869053,"href":"https:\/\/www.upo.es\/diario\/wp-json\/wp\/v2\/posts\/30869047\/revisions\/30869053"}],"wp:featuredmedia":[{"embeddable":true,"href":"https:\/\/www.upo.es\/diario\/wp-json\/wp\/v2\/media\/30869048"}],"wp:attachment":[{"href":"https:\/\/www.upo.es\/diario\/wp-json\/wp\/v2\/media?parent=30869047"}],"wp:term":[{"taxonomy":"category","embeddable":true,"href":"https:\/\/www.upo.es\/diario\/wp-json\/wp\/v2\/categories?post=30869047"},{"taxonomy":"post_tag","embeddable":true,"href":"https:\/\/www.upo.es\/diario\/wp-json\/wp\/v2\/tags?post=30869047"}],"curies":[{"name":"wp","href":"https:\/\/api.w.org\/{rel}","templated":true}]}}