{"id":30869202,"date":"2021-11-04T08:15:13","date_gmt":"2021-11-04T07:15:13","guid":{"rendered":"https:\/\/www.upo.es\/diario\/?p=30869202"},"modified":"2021-11-08T10:02:59","modified_gmt":"2021-11-08T09:02:59","slug":"la-upo-dispone-del-unico-lectorado-especializado-para-derecho-aleman-existente-en-espana-respaldado-por-el-daad","status":"publish","type":"post","link":"https:\/\/www.upo.es\/diario\/comunidad\/2021\/11\/la-upo-dispone-del-unico-lectorado-especializado-para-derecho-aleman-existente-en-espana-respaldado-por-el-daad\/","title":{"rendered":"La UPO dispone del \u00fanico lectorado especializado para Derecho alem\u00e1n existente en Espa\u00f1a respaldado por el DAAD"},"content":{"rendered":"<figure id=\"attachment_30869203\" aria-describedby=\"caption-attachment-30869203\" style=\"width: 750px\" class=\"wp-caption aligncenter\"><a href=\"https:\/\/www.upo.es\/diario\/wp-content\/uploads\/2021\/11\/LauraKruger01.jpg\"><img loading=\"lazy\" decoding=\"async\" class=\"size-large wp-image-30869203\" src=\"https:\/\/www.upo.es\/diario\/wp-content\/uploads\/2021\/11\/LauraKruger01-750x500.jpg\" alt=\"\" width=\"750\" height=\"500\" srcset=\"https:\/\/www.upo.es\/diario\/wp-content\/uploads\/2021\/11\/LauraKruger01-750x500.jpg 750w, https:\/\/www.upo.es\/diario\/wp-content\/uploads\/2021\/11\/LauraKruger01-360x240.jpg 360w, https:\/\/www.upo.es\/diario\/wp-content\/uploads\/2021\/11\/LauraKruger01-768x512.jpg 768w, https:\/\/www.upo.es\/diario\/wp-content\/uploads\/2021\/11\/LauraKruger01-600x400.jpg 600w, https:\/\/www.upo.es\/diario\/wp-content\/uploads\/2021\/11\/LauraKruger01-1536x1024.jpg 1536w, https:\/\/www.upo.es\/diario\/wp-content\/uploads\/2021\/11\/LauraKruger01-2048x1366.jpg 2048w, https:\/\/www.upo.es\/diario\/wp-content\/uploads\/2021\/11\/LauraKruger01-165x109.jpg 165w, https:\/\/www.upo.es\/diario\/wp-content\/uploads\/2021\/11\/LauraKruger01-1320x880.jpg 1320w\" sizes=\"auto, (max-width: 750px) 100vw, 750px\" \/><\/a><figcaption id=\"caption-attachment-30869203\" class=\"wp-caption-text\">La Dr\u00aa Laura Kr\u00fcger.<\/figcaption><\/figure>\n<p>El <strong>doble grado en Derecho hispano-alem\u00e1n<\/strong> ofertado de forma conjunta por la Universidad de Bayreuth y la Universidad Pablo de Olavide incorpora este curso acad\u00e9mico en calidad de profesora visitante a la<strong> Dr\u00aa Laura Kr\u00fcger<\/strong>, lectora especializada para Derecho alem\u00e1n recientemente dotada por el<strong> Servicio Alem\u00e1n de Intercambio Acad\u00e9mico (DAAD)<\/strong>, tras superar un proceso de selecci\u00f3n competitivo entre varios candidatos.<\/p>\n<p>Se trata del <strong>\u00fanico lectorado de esta naturaleza existente en Espa\u00f1a<\/strong> y tendr\u00e1 por misi\u00f3n impartir la docencia en alem\u00e1n de las cuatro asignaturas de Derecho alem\u00e1n de este doble grado que se imparten en la UPO, as\u00ed como asesorar y apoyar al estudiantado en el progreso acad\u00e9mico en esta titulaci\u00f3n.<\/p>\n<p>\u201cEstoy muy emocionada de ense\u00f1ar Derecho alem\u00e1n en este programa que permite a los estudiantes trabajar a nivel internacional y obtener as\u00ed ventajas en el mercado laboral\u201d, afirma Laura Kr\u00fcger, quien a\u00f1ade que \u201cal haber estudiado en un programa de doble grado en Derecho alem\u00e1n-franc\u00e9s, s\u00e9 lo enriquecedor que es estar familiarizado con dos sistemas jur\u00eddicos distintos\u201d.<\/p>\n<p><strong>Laura Kr\u00fcger<\/strong> estudi\u00f3 en un doble grado en Derecho alem\u00e1n-franc\u00e9s entre la Universidad Humboldt de Berl\u00edn y la Universidad Par\u00eds II \u2013 Panth\u00e9on-Assas. Tiene dos ex\u00e1menes de estado alemanes, un m\u00e1ster de la Universidad Par\u00eds II y es Doctora por la Universidad Europea Viadrina de Frankfurt (Oder).<\/p>\n<p>El <a href=\"https:\/\/www.upo.es\/facultad-derecho\/es\/oferta-academica\/dobles-grados\/doble-grado-en-derecho-hispano-aleman-con-la-universidad-de-bayreuth\/ficha-generica\/\">doble grado en Derecho hispano-alem\u00e1n<\/a> consta de un plan de estudios biling\u00fce de cuatro a\u00f1os de duraci\u00f3n. Los estudiantes que egresen en esta carrera obtendr\u00e1n dos titulaciones oficiales: el grado de Derecho en Espa\u00f1a y el Bachelor of Laws en Alemania. Ya han finalizado cuatro promociones de esta titulaci\u00f3n, siendo las expectativas de trabajo especializado en este sector en ambos pa\u00edses muy elevadas para los egresados.<\/p>\n<p>\u201cSe trata de un doble grado que por el hecho de impartirse conjuntamente con otra Universidad exige un esfuerzo de coordinaci\u00f3n adicional respecto de otras titulaciones\u201d, explica Mar\u00eda Serrano, decana de la Facultad de Derecho de la UPO, quien se muestra orgullosa de esta titulaci\u00f3n, \u00fanica de estas caracter\u00edsticas existente en Espa\u00f1a.<\/p>\n","protected":false},"excerpt":{"rendered":"<p>El doble grado en Derecho hispano-alem\u00e1n ofertado de forma conjunta por la Universidad de Bayreuth y la Universidad Pablo de Olavide incorpora este curso acad\u00e9mico en calidad de profesora visitante a la Dr\u00aa Laura Kr\u00fcger, lectora especializada para Derecho alem\u00e1n recientemente dotada por el Servicio Alem\u00e1n de Intercambio Acad\u00e9mico (DAAD), tras superar un proceso de selecci\u00f3n competitivo entre varios candidatos.<\/p>\n","protected":false},"author":2,"featured_media":30869203,"comment_status":"closed","ping_status":"open","sticky":false,"template":"","format":"standard","meta":{"_monsterinsights_skip_tracking":false,"_monsterinsights_sitenote_active":false,"_monsterinsights_sitenote_note":"","_monsterinsights_sitenote_category":0,"footnotes":""},"categories":[5842],"tags":[7636,843,5051,81,2316,4005],"class_list":["post-30869202","post","type-post","status-publish","format-standard","has-post-thumbnail","hentry","category-comunidad","tag-bachelor-of-laws","tag-daad","tag-doble-grado-en-derecho-hispano-aleman","tag-facultad-de-derecho","tag-servicio-aleman-de-intercambio-academico","tag-universidad-de-bayreuth"],"_links":{"self":[{"href":"https:\/\/www.upo.es\/diario\/wp-json\/wp\/v2\/posts\/30869202","targetHints":{"allow":["GET"]}}],"collection":[{"href":"https:\/\/www.upo.es\/diario\/wp-json\/wp\/v2\/posts"}],"about":[{"href":"https:\/\/www.upo.es\/diario\/wp-json\/wp\/v2\/types\/post"}],"author":[{"embeddable":true,"href":"https:\/\/www.upo.es\/diario\/wp-json\/wp\/v2\/users\/2"}],"replies":[{"embeddable":true,"href":"https:\/\/www.upo.es\/diario\/wp-json\/wp\/v2\/comments?post=30869202"}],"version-history":[{"count":1,"href":"https:\/\/www.upo.es\/diario\/wp-json\/wp\/v2\/posts\/30869202\/revisions"}],"predecessor-version":[{"id":30869204,"href":"https:\/\/www.upo.es\/diario\/wp-json\/wp\/v2\/posts\/30869202\/revisions\/30869204"}],"wp:featuredmedia":[{"embeddable":true,"href":"https:\/\/www.upo.es\/diario\/wp-json\/wp\/v2\/media\/30869203"}],"wp:attachment":[{"href":"https:\/\/www.upo.es\/diario\/wp-json\/wp\/v2\/media?parent=30869202"}],"wp:term":[{"taxonomy":"category","embeddable":true,"href":"https:\/\/www.upo.es\/diario\/wp-json\/wp\/v2\/categories?post=30869202"},{"taxonomy":"post_tag","embeddable":true,"href":"https:\/\/www.upo.es\/diario\/wp-json\/wp\/v2\/tags?post=30869202"}],"curies":[{"name":"wp","href":"https:\/\/api.w.org\/{rel}","templated":true}]}}