{"id":30869217,"date":"2021-11-04T14:55:02","date_gmt":"2021-11-04T13:55:02","guid":{"rendered":"https:\/\/www.upo.es\/diario\/?p=30869217"},"modified":"2021-11-08T15:15:08","modified_gmt":"2021-11-08T14:15:08","slug":"la-upo-y-el-ayuntamiento-de-sevilla-conmemoran-el-250-aniversario-del-plano-de-olavide","status":"publish","type":"post","link":"https:\/\/www.upo.es\/diario\/cultura-social\/2021\/11\/la-upo-y-el-ayuntamiento-de-sevilla-conmemoran-el-250-aniversario-del-plano-de-olavide\/","title":{"rendered":"La UPO y el Ayuntamiento de Sevilla conmemoran el 250 aniversario del Plano de Olavide"},"content":{"rendered":"<p><a href=\"https:\/\/www.upo.es\/diario\/wp-content\/uploads\/2021\/11\/Ciclo-250-aniv-Plano-Olavide.png\"><img loading=\"lazy\" decoding=\"async\" class=\"aligncenter size-large wp-image-30869218\" src=\"https:\/\/www.upo.es\/diario\/wp-content\/uploads\/2021\/11\/Ciclo-250-aniv-Plano-Olavide-750x530.png\" alt=\"programaci\u00f3n del ciclo '250 a\u00f1os del Plano de Olavide'\" width=\"750\" height=\"530\" srcset=\"https:\/\/www.upo.es\/diario\/wp-content\/uploads\/2021\/11\/Ciclo-250-aniv-Plano-Olavide-750x530.png 750w, https:\/\/www.upo.es\/diario\/wp-content\/uploads\/2021\/11\/Ciclo-250-aniv-Plano-Olavide-360x255.png 360w, https:\/\/www.upo.es\/diario\/wp-content\/uploads\/2021\/11\/Ciclo-250-aniv-Plano-Olavide-768x543.png 768w, https:\/\/www.upo.es\/diario\/wp-content\/uploads\/2021\/11\/Ciclo-250-aniv-Plano-Olavide-600x424.png 600w, https:\/\/www.upo.es\/diario\/wp-content\/uploads\/2021\/11\/Ciclo-250-aniv-Plano-Olavide-1536x1086.png 1536w, https:\/\/www.upo.es\/diario\/wp-content\/uploads\/2021\/11\/Ciclo-250-aniv-Plano-Olavide.png 2000w\" sizes=\"auto, (max-width: 750px) 100vw, 750px\" \/><\/a>Bajo el t\u00edtulo <strong>\u2018250 a\u00f1os del Plano de Olavide\u2019<\/strong> el Ayuntamiento de Sevilla y la Universidad que lleva el nombre de su impulsor, el ilustrado <a href=\"https:\/\/www.upo.es\/portal\/impe\/web\/contenido\/15e2e024-3f7f-11de-b1eb-3fe5a96f4a88?channel=a3645af1-2f47-11de-b088-3fe5a96f4a88\">Pablo de Olavide y J\u00e1uregui<\/a> (Lima, 1725 &#8211; Baeza, 1803), han organizado un programa de actividades que comienza ma\u00f1ana <u>viernes d\u00eda 5 a las 19 horas en el Ateneo de Sevilla, con la conferencia del periodista Francisco Correal \u2018La modernidad y los ilustrados\u2019<\/u>.<\/p>\n<p>Se inicia as\u00ed un<strong> ciclo sobre Pablo de Olavide y la historia del <a href=\"https:\/\/bvpb.mcu.es\/es\/consulta\/registro.do?id=423028\">primer plano de la ciudad de Sevilla realizado en 1771<\/a><\/strong>; primera parte de un programa de actos conmemorativos que se desarrollar\u00e1 hasta enero del a\u00f1o que viene y que cuenta con la colaboraci\u00f3n del Ateneo de Sevilla, la Real Academia de Buenas Letras y la Fundaci\u00f3n de Municipios Pablo de Olavide. La entrada a todas las actividades es libre y gratuita hasta completar el aforo.<\/p>\n<figure id=\"attachment_30869220\" aria-describedby=\"caption-attachment-30869220\" style=\"width: 360px\" class=\"wp-caption alignright\"><a href=\"https:\/\/bvpb.mcu.es\/es\/catalogo_imagenes\/grupo.do?path=155730\"><img loading=\"lazy\" decoding=\"async\" class=\"wp-image-30869220 size-medium\" src=\"https:\/\/www.upo.es\/diario\/wp-content\/uploads\/2021\/11\/plano_olavide_800-360x250.jpg\" alt=\"plano de Sevilla de 1771 (plano de Olavide)\" width=\"360\" height=\"250\" srcset=\"https:\/\/www.upo.es\/diario\/wp-content\/uploads\/2021\/11\/plano_olavide_800-360x250.jpg 360w, https:\/\/www.upo.es\/diario\/wp-content\/uploads\/2021\/11\/plano_olavide_800-750x521.jpg 750w, https:\/\/www.upo.es\/diario\/wp-content\/uploads\/2021\/11\/plano_olavide_800-768x534.jpg 768w, https:\/\/www.upo.es\/diario\/wp-content\/uploads\/2021\/11\/plano_olavide_800-600x417.jpg 600w, https:\/\/www.upo.es\/diario\/wp-content\/uploads\/2021\/11\/plano_olavide_800.jpg 800w\" sizes=\"auto, (max-width: 360px) 100vw, 360px\" \/><\/a><figcaption id=\"caption-attachment-30869220\" class=\"wp-caption-text\">Plano de Sevilla de 1771<\/figcaption><\/figure>\n<p><strong>En 1771, siendo Intendente en Andaluc\u00eda y asistente de la ciudad, se public\u00f3 el primer plano en superficie de Sevilla.<\/strong> Fue levantado y delineado por Francisco Manuel Coelho y grabado por Jos\u00e9 Amat. Se trata de la primera representaci\u00f3n topogr\u00e1fica de la urbe y supuso un instrumento de informaci\u00f3n b\u00e1sico para la organizaci\u00f3n y la modernizaci\u00f3n de la ciudad. El plano identifica 211 lugares \u2013puertas, calles, plazas, parroquias, conventos y edificios notables\u2013 localizados en sus laterales por clave num\u00e9rica. Su demarcaci\u00f3n tuvo reflejo en la ciudad en los llamados &#8216;azulejos de Olavide&#8217;, que distingu\u00edan los barrios y calles, algunos de los cuales a\u00fan se conservan.<\/p>\n<p>La segunda cita del ciclo de conferencias ser\u00e1 el pr\u00f3ximo martes 9 de noviembre, impartida por la profesora de la Universidad de Sevilla Roc\u00edo Plaza con el t\u00edtulo <strong>\u2018Cultura en tiempos de Olavide\u2019 <\/strong>en la Real Academia Sevillana de Buenas Letras (Casa de los Pinelo, 19 horas). Fernando Olmedo, historiador y experto en cartograf\u00eda andaluza, ser\u00e1 el encargado de la tercera conferencia que tendr\u00e1 lugar el 19 de noviembre sobre <strong>\u2018Olavide, 1771: Sevilla en el plano\u2019<\/strong> y tendr\u00e1 lugar en la sede de la UPO en el centro (C\/ Lara\u00f1a, 4 &#8211; 19 horas). Por \u00faltimo, en esta misma sede, el profesor de Historia del Arte de la Universidad Pablo de Olavide Francisco Ollero cerrar\u00e1 el ciclo el martes 23 de noviembre, tambi\u00e9n a las 19 horas, con la ponencia <strong>\u2018Olavide y Sevilla. La mirada ilustrada de la Ciudad\u2019<\/strong>.<\/p>\n<p>El programa de actividades continuar\u00e1 el mi\u00e9rcoles 24 de noviembre, a las 20 horas, con el <strong>concierto \u2018Las m\u00fasicas de Olavide\u2019,<\/strong> interpretado por del Coro y Ensemble de la UPO en el Espacio Turina del ICAS (C\/ Lara\u00f1a, 4).<\/p>\n<p>Por otro lado, la <strong>exposici\u00f3n \u2018250 a\u00f1os del Plano de Olavide\u2019<\/strong>, compuesta por paneles informativos urbanos, podr\u00e1 verse en la <strong>Alameda de H\u00e9rcules<\/strong> desde el 1 de diciembre hasta el 9 de enero de 2022.<\/p>\n<p>Para cerrar la programaci\u00f3n con motivo del 250 aniversario del primer plano de la ciudad ser\u00e1 presentado, el 25 de enero a las 18 horas, el <strong>libro \u2018Pablo de Olavide. La Sevilla so\u00f1ada\u2019<\/strong>; nuevo t\u00edtulo de la colecci\u00f3n Olavide-Ilustraci\u00f3n, editada por la Fundaci\u00f3n de Municipios con el objetivo de divulgar la historia y el patrimonio cultural impulsado por Pablo de Olavide.<\/p>\n<h3><strong>Pablo de Olavide y la Ilustraci\u00f3n en Sevilla<\/strong><\/h3>\n<p>Este programa que ma\u00f1ana se inicia supone una oportunidad de acercar la figura de Olavide a los sevillanos, alguien que como afirma <strong>David Cobos<\/strong>, vicerrector de Cultura y Pol\u00edticas Sociales de la UPO \u201csigue siendo un personaje bastante desconocido en general, a pesar de haber sido part\u00edcipe de numerosas iniciativas acad\u00e9micas, administrativas y urban\u00edsticas en beneficio de la ciudad\u201d. En esta idea ha abundado<strong> Antonio Mu\u00f1oz<\/strong>, delegado de H\u00e1bitat Urbano, Cultura y Turismo del Ayuntamiento de Sevilla, destacando sobre el programa de actos que \u201csupone la ocasi\u00f3n de conocer m\u00e1s el pasado de nuestra ciudad y, sobre todo, difundir y poner en valor la figura clave para Sevilla como fue Pablo de Olavide y J\u00e1uregui\u201d.<\/p>\n<p><strong>Gumersindo Caballero<\/strong>, codirector del comit\u00e9 ejecutivo de los actos y miembro del comisariado de la exposici\u00f3n, se\u00f1ala que, a pesar de que tradicionalmente se ha considerado el siglo XVIII como una \u00e9poca de crisis y decadencia para Sevilla, \u201cla ciudad segu\u00eda viva y con muestras de cierta pujanza, como demuestra la labor reformadora y los avances urban\u00edsticos propiciados por el Asistente de la ciudad y que ahora conmemoramos. Esta programaci\u00f3n supone un reconocimiento al progreso y la modernizaci\u00f3n de la econom\u00eda, la sociedad y la cultura espa\u00f1ola de la \u00e9poca de la Ilustraci\u00f3n, bien representado en la ciudad de Sevilla y otras \u00e1reas de Andaluc\u00eda por la figura de D. Pablo de Olavide\u201d.<\/p>\n<p>&gt; <a href=\"https:\/\/bvpb.mcu.es\/es\/catalogo_imagenes\/grupo.do?path=155730\"><em>Plano topogr\u00e1phico de la M. N. Y M. L. ciudad de Sevilla<\/em> (1771) -pdf-<\/a><\/p>\n","protected":false},"excerpt":{"rendered":"<p>Un ciclo de conferencias, un concierto y una exposici\u00f3n en la Alameda de H\u00e9rcules, adem\u00e1s de la edici\u00f3n de un libro, rememoran desde ma\u00f1ana el primer plano de la ciudad que data de 1771.<\/p>\n","protected":false},"author":6,"featured_media":30869220,"comment_status":"closed","ping_status":"open","sticky":false,"template":"","format":"standard","meta":{"_monsterinsights_skip_tracking":false,"_monsterinsights_sitenote_active":false,"_monsterinsights_sitenote_note":"","_monsterinsights_sitenote_category":0,"footnotes":""},"categories":[5843],"tags":[568,621,1110,403,2065,150,2805,1655,161],"class_list":["post-30869217","post","type-post","status-publish","format-standard","has-post-thumbnail","hentry","category-cultura-social","tag-aniversario","tag-ayuntamiento-de-sevilla","tag-ciclo-de-conferencias","tag-concierto","tag-fundacion-de-municipios","tag-historia","tag-ilustracion","tag-pablo-de-olavide","tag-sevilla"],"_links":{"self":[{"href":"https:\/\/www.upo.es\/diario\/wp-json\/wp\/v2\/posts\/30869217","targetHints":{"allow":["GET"]}}],"collection":[{"href":"https:\/\/www.upo.es\/diario\/wp-json\/wp\/v2\/posts"}],"about":[{"href":"https:\/\/www.upo.es\/diario\/wp-json\/wp\/v2\/types\/post"}],"author":[{"embeddable":true,"href":"https:\/\/www.upo.es\/diario\/wp-json\/wp\/v2\/users\/6"}],"replies":[{"embeddable":true,"href":"https:\/\/www.upo.es\/diario\/wp-json\/wp\/v2\/comments?post=30869217"}],"version-history":[{"count":8,"href":"https:\/\/www.upo.es\/diario\/wp-json\/wp\/v2\/posts\/30869217\/revisions"}],"predecessor-version":[{"id":30869237,"href":"https:\/\/www.upo.es\/diario\/wp-json\/wp\/v2\/posts\/30869217\/revisions\/30869237"}],"wp:featuredmedia":[{"embeddable":true,"href":"https:\/\/www.upo.es\/diario\/wp-json\/wp\/v2\/media\/30869220"}],"wp:attachment":[{"href":"https:\/\/www.upo.es\/diario\/wp-json\/wp\/v2\/media?parent=30869217"}],"wp:term":[{"taxonomy":"category","embeddable":true,"href":"https:\/\/www.upo.es\/diario\/wp-json\/wp\/v2\/categories?post=30869217"},{"taxonomy":"post_tag","embeddable":true,"href":"https:\/\/www.upo.es\/diario\/wp-json\/wp\/v2\/tags?post=30869217"}],"curies":[{"name":"wp","href":"https:\/\/api.w.org\/{rel}","templated":true}]}}