{"id":30869238,"date":"2021-11-05T11:54:00","date_gmt":"2021-11-05T10:54:00","guid":{"rendered":"https:\/\/www.upo.es\/diario\/?p=30869238"},"modified":"2021-11-09T15:24:32","modified_gmt":"2021-11-09T14:24:32","slug":"carmen-botia-morillas-juan-manuel-garcia-gonzalez-y-angel-r-zapata-moya-han-sido-premiados-por-la-asociacion-andaluza-de-sociologia-que-ha-reconoci","status":"publish","type":"post","link":"https:\/\/www.upo.es\/diario\/comunidad\/2021\/11\/carmen-botia-morillas-juan-manuel-garcia-gonzalez-y-angel-r-zapata-moya-han-sido-premiados-por-la-asociacion-andaluza-de-sociologia-que-ha-reconoci\/","title":{"rendered":"Carmen Bot\u00eda-Morillas, Juan Manuel Garc\u00eda y \u00c1ngel R. Zapata, premiados por la Asociaci\u00f3n Andaluza de Sociolog\u00eda"},"content":{"rendered":"<figure id=\"attachment_30869239\" aria-describedby=\"caption-attachment-30869239\" style=\"width: 750px\" class=\"wp-caption aligncenter\"><a href=\"https:\/\/www.upo.es\/diario\/wp-content\/uploads\/2021\/11\/JGarcia-CBotia-ARZapata-scaled.jpg\"><img loading=\"lazy\" decoding=\"async\" class=\"size-large wp-image-30869239\" src=\"https:\/\/www.upo.es\/diario\/wp-content\/uploads\/2021\/11\/JGarcia-CBotia-ARZapata-750x422.jpg\" alt=\"Juanma Garc\u00eda, Carmen Botia y \u00c1ngel Ram\u00f3n Zapata\" width=\"750\" height=\"422\" srcset=\"https:\/\/www.upo.es\/diario\/wp-content\/uploads\/2021\/11\/JGarcia-CBotia-ARZapata-750x422.jpg 750w, https:\/\/www.upo.es\/diario\/wp-content\/uploads\/2021\/11\/JGarcia-CBotia-ARZapata-360x203.jpg 360w, https:\/\/www.upo.es\/diario\/wp-content\/uploads\/2021\/11\/JGarcia-CBotia-ARZapata-768x432.jpg 768w, https:\/\/www.upo.es\/diario\/wp-content\/uploads\/2021\/11\/JGarcia-CBotia-ARZapata-600x338.jpg 600w, https:\/\/www.upo.es\/diario\/wp-content\/uploads\/2021\/11\/JGarcia-CBotia-ARZapata-1536x864.jpg 1536w, https:\/\/www.upo.es\/diario\/wp-content\/uploads\/2021\/11\/JGarcia-CBotia-ARZapata-2048x1152.jpg 2048w\" sizes=\"auto, (max-width: 750px) 100vw, 750px\" \/><\/a><figcaption id=\"caption-attachment-30869239\" class=\"wp-caption-text\">Juan Manuel Garc\u00eda, Carmen Botia-Morillas y \u00c1ngel Ram\u00f3n Zapata en el campus UPO<\/figcaption><\/figure>\n<p>Los profesores de la Universidad Pablo de Olavide <strong>Carmen Bot\u00eda-Morillas<\/strong>, <strong>Juan Manuel Garc\u00eda Gonz\u00e1lez <\/strong>y <strong>\u00c1ngel R. Zapata Moya<\/strong> han sido premiados por la <strong>Asociaci\u00f3n Andaluza de Sociolog\u00eda,<\/strong> que ha reconocido la calidad de los art\u00edculos cient\u00edficos de estos tres investigadores de la UPO otorg\u00e1ndoles las <strong>\u2018Menciones de Calidad 2019\u2019<\/strong>.<\/p>\n<p><strong>Carmen Bot\u00eda-Morillas<\/strong>, profesora del Departamento de Sociolog\u00eda, ha sido galardonada por su art\u00edculo \u2018<em><a href=\"http:\/\/reis.cis.es\/REIS\/PDF\/REIS_166_021550495085096.pdf\">Undoing or Redoing Gender Practices? Ambivalences among First-time Professional Mothers in Spain<\/a><\/em>\u2019 \u00a0publicado en la Revista Espa\u00f1ola de Investigaciones Sociol\u00f3gicas. Este art\u00edculo analiza las pr\u00e1cticas de maternidad a partir de una investigaci\u00f3n cualitativa longitudinal, centrada en relaciones de pareja no tradicionales, heterosexuales y de doble ingreso, desde el momento previo al nacimiento hasta la experiencia de tener la primera criatura. Cada miembro de la pareja fue entrevistado separadamente en dos momentos, durante el embarazo y a los 12 meses aproximadamente tras el nacimiento. Para mujeres profesionales, la primera maternidad est\u00e1 cargada de dilemas y ambivalencias, dificult\u00e1ndose las interacciones de pareja no tradicionales que s\u00ed exist\u00edan antes del nacimiento. Adem\u00e1s, el art\u00edculo define el concepto de nueva maternidad y analiza los conceptos <em>doing gender<\/em>, <em>undoing gender<\/em> y propone el concepto de interacciones <em>partially undoing gender<\/em> en relaci\u00f3n con nuevas pr\u00e1cticas de maternidad en Espa\u00f1a.<\/p>\n<p>Por su parte, \u2018<em><a href=\"https:\/\/www.sciendo.com\/article\/10.2478\/sjph-2019-0023\">Perceived work ability index of public service employees in relation to ageing and gender: A comparison in three European countries\u2019<\/a><\/em> es el t\u00edtulo del articulo premiado del profesor del Departamento de Sociolog\u00eda <strong>Juan Manuel Garc\u00eda Gonz\u00e1lez<\/strong>, escrito junto a Nurka Pranjic y Ljiljana Cvejanov-Kezunovi\u0107\u00a0 y publicado en <em>Slovenian Journal of Public Health<\/em>. Este art\u00edculo muestra c\u00f3mo la capacidad de trabajo de las personas funcionarias \u2013especialmente en el \u00e1mbito sanitario\u2013 no cambia con la edad siempre y cuando se mantengan buenas condiciones laborales, haya programas de prevenci\u00f3n en salud, exista una formaci\u00f3n permanente y haya un buen ambiente laboral. Por lo tanto, las personas m\u00e1s mayores, cuando se dan esas condiciones, presentan buena capacidad de trabajo. Adem\u00e1s, en estados de bienestar consolidados, como es el caso de Espa\u00f1a, esa capacidad es mayor a todas las edades \u2013especialmente en personas mayores\u2013 en comparaci\u00f3n con estados de bienestar menos formados, como es el caos de Bosnia y Montenegro, pa\u00edses con los que se compara.<\/p>\n<p>Finalmente, el profesor del Departamento de Antropolog\u00eda Social, Psicolog\u00eda B\u00e1sica y Salud P\u00fablica e investigador del Centro de Sociolog\u00eda y Pol\u00edticas Locales \u00a0<strong>\u00c1ngel R. Zapata Moya <\/strong>ha sido premiado por su trabajo \u2018<em><a href=\"https:\/\/www.tandfonline.com\/doi\/full\/10.1080\/14461242.2019.1601027\">The (re)production of health inequalities through the process of disseminating preventive innovations: the dynamic influence of socioeconomic status<\/a><\/em>\u2019, publicado en <em>Health Sociology Review<\/em> junto a Barbara Willems y Piet Bracke. El art\u00edculo ofrece una perspectiva anal\u00edtica sobre la persistencia de las desigualdades en salud a medida que aumenta nuestra capacidad de prevenir y controlar la enfermedad. Se utilizan los datos del Onco-bar\u00f3metro (2010) para poner a prueba un conjunto de hip\u00f3tesis derivadas de la teor\u00eda de las causas fundamentales, la teor\u00eda de la difusi\u00f3n de las innovaciones y la intersecci\u00f3n entre ambas. El principal objetivo fue explorar c\u00f3mo surge y evoluciona la desigualdad socioecon\u00f3mica en seis innovaciones preventivas que se situaban en distintas etapas de su ciclo de difusi\u00f3n en Espa\u00f1a.<\/p>\n","protected":false},"excerpt":{"rendered":"<p>Los profesores de la Universidad Pablo de Olavide Carmen Bot\u00eda-Morillas, Juan Manuel Garc\u00eda Gonz\u00e1lez y \u00c1ngel R. Zapata Moya han sido premiados por la Asociaci\u00f3n Andaluza de Sociolog\u00eda, que ha reconocido la calidad de los art\u00edculos cient\u00edficos de estos tres investigadores de la UPO otorg\u00e1ndoles las \u2018Menciones de Calidad 2019\u2019.<\/p>\n","protected":false},"author":6,"featured_media":30869239,"comment_status":"closed","ping_status":"open","sticky":false,"template":"","format":"standard","meta":{"_monsterinsights_skip_tracking":false,"_monsterinsights_sitenote_active":false,"_monsterinsights_sitenote_note":"","_monsterinsights_sitenote_category":0,"footnotes":""},"categories":[5842],"tags":[1045,1450,58,199,1271,104],"class_list":["post-30869238","post","type-post","status-publish","format-standard","has-post-thumbnail","hentry","category-comunidad","tag-antropologia","tag-departamento-de-sociologia","tag-premio","tag-profesorado","tag-salud-publica","tag-sociologia"],"_links":{"self":[{"href":"https:\/\/www.upo.es\/diario\/wp-json\/wp\/v2\/posts\/30869238","targetHints":{"allow":["GET"]}}],"collection":[{"href":"https:\/\/www.upo.es\/diario\/wp-json\/wp\/v2\/posts"}],"about":[{"href":"https:\/\/www.upo.es\/diario\/wp-json\/wp\/v2\/types\/post"}],"author":[{"embeddable":true,"href":"https:\/\/www.upo.es\/diario\/wp-json\/wp\/v2\/users\/6"}],"replies":[{"embeddable":true,"href":"https:\/\/www.upo.es\/diario\/wp-json\/wp\/v2\/comments?post=30869238"}],"version-history":[{"count":2,"href":"https:\/\/www.upo.es\/diario\/wp-json\/wp\/v2\/posts\/30869238\/revisions"}],"predecessor-version":[{"id":30869241,"href":"https:\/\/www.upo.es\/diario\/wp-json\/wp\/v2\/posts\/30869238\/revisions\/30869241"}],"wp:featuredmedia":[{"embeddable":true,"href":"https:\/\/www.upo.es\/diario\/wp-json\/wp\/v2\/media\/30869239"}],"wp:attachment":[{"href":"https:\/\/www.upo.es\/diario\/wp-json\/wp\/v2\/media?parent=30869238"}],"wp:term":[{"taxonomy":"category","embeddable":true,"href":"https:\/\/www.upo.es\/diario\/wp-json\/wp\/v2\/categories?post=30869238"},{"taxonomy":"post_tag","embeddable":true,"href":"https:\/\/www.upo.es\/diario\/wp-json\/wp\/v2\/tags?post=30869238"}],"curies":[{"name":"wp","href":"https:\/\/api.w.org\/{rel}","templated":true}]}}