{"id":30869271,"date":"2021-11-09T06:03:37","date_gmt":"2021-11-09T05:03:37","guid":{"rendered":"https:\/\/www.upo.es\/diario\/?p=30869271"},"modified":"2021-11-08T16:06:25","modified_gmt":"2021-11-08T15:06:25","slug":"una-jornada-analiza-en-la-upo-el-uso-de-la-estadistica-en-el-ambito-del-derecho","status":"publish","type":"post","link":"https:\/\/www.upo.es\/diario\/docencia-formacion\/2021\/11\/una-jornada-analiza-en-la-upo-el-uso-de-la-estadistica-en-el-ambito-del-derecho\/","title":{"rendered":"Una jornada analiza en la UPO el uso de la estad\u00edstica en el \u00e1mbito del Derecho"},"content":{"rendered":"<p><strong><a href=\"https:\/\/www.upo.es\/diario\/wp-content\/uploads\/2021\/11\/EstadisticayDerecho_Jornada-UPO_cartel-programa.png\"><img loading=\"lazy\" decoding=\"async\" class=\"alignright size-medium wp-image-30869274\" src=\"https:\/\/www.upo.es\/diario\/wp-content\/uploads\/2021\/11\/EstadisticayDerecho_Jornada-UPO_cartel-programa-255x360.png\" alt=\"\" width=\"255\" height=\"360\" srcset=\"https:\/\/www.upo.es\/diario\/wp-content\/uploads\/2021\/11\/EstadisticayDerecho_Jornada-UPO_cartel-programa-255x360.png 255w, https:\/\/www.upo.es\/diario\/wp-content\/uploads\/2021\/11\/EstadisticayDerecho_Jornada-UPO_cartel-programa-531x750.png 531w, https:\/\/www.upo.es\/diario\/wp-content\/uploads\/2021\/11\/EstadisticayDerecho_Jornada-UPO_cartel-programa.png 595w\" sizes=\"auto, (max-width: 255px) 100vw, 255px\" \/><\/a>Alfredo Garc\u00eda Hern\u00e1ndez-D\u00edaz<\/strong>, catedr\u00e1tico del Departamento de Econom\u00eda, M\u00e9todos Cuantitativos e Historia Econ\u00f3mica, en colaboraci\u00f3n con la <strong>Facultad de Derecho<\/strong> de la UPO ha organizado la jornada <strong>\u2018La Estad\u00edstica en el Mundo del Derecho\u2019<\/strong> que dar\u00e1 comienzo a las 15:45 horas de este martes. Cinco egresados y egresadas de la Universidad Pablo de Olavide expondr\u00e1n su experiencia laboral en el uso de datos estad\u00edsticos. La sesi\u00f3n podr\u00e1 seguirse tanto <em>online<\/em> como presencialmente, con aforo limitado, si bien es necesario <a href=\"https:\/\/www.upo.es\/formularios\/estadistica-mundo-derecho\/index.html\">inscribirse previamente<\/a>.<\/p>\n<p><strong>Mar\u00eda Encarnaci\u00f3n Laguna, Francisco Miguel Pina, Luis Bravo, Cristina Lancharro y Mar\u00eda Jes\u00fas Blanco<\/strong>, egresados de la Universidad Pablo de Olavide, compartir\u00e1n con los actuales estudiantes de la UPO, y especialmente con alumnos y alumnas de la Facultad de Derecho, la importancia del uso de la estad\u00edstica, la anal\u00edtica de datos, el <em>machine learning<\/em> y de las t\u00e9cnicas de inteligencia artificial en su d\u00eda a d\u00eda, mostrando casos de uso reales.<\/p>\n<p>\u201cIndependientemente del \u00e1mbito y sector donde acabar\u00e1n trabajando nuestros alumnos, todos ellos se enfrentan al reto de analizar datos, en mayor o menor medida, ya sea para ver tendencias, hacer predicciones, validar pruebas, contrastar hip\u00f3tesis, detectar anomal\u00edas, etc\u201d, ha se\u00f1alado el profesor Alfredo Garc\u00eda Hern\u00e1ndez-D\u00edaz.<\/p>\n<p>&nbsp;<\/p>\n<p><strong><u>Programa<\/u>:<\/strong><\/p>\n<p><strong>LA ESTAD\u00cdSTICA EN EL MUNDO DEL DERECHO<br \/>\n<\/strong><strong>Casos de uso contados por alumnos egresados de la Universidad Pablo de Olavide<br \/>\n<\/strong><strong>Martes 9 de noviembre de 2021 (presencial y <em>online<\/em>)<br \/>\n<\/strong>&gt; <a href=\"https:\/\/www.upo.es\/formularios\/estadistica-mundo-derecho\/index.html\">Inscripciones<\/a><\/p>\n<p>15.45 a 16.00. <strong>Acto de apertura.<br \/>\n<\/strong>Representante de la Facultad de Derecho y D. Alfredo Garc\u00eda Hern\u00e1ndez-D\u00edaz<\/p>\n<p>16.00 a 16.30 horas.<br \/>\n<strong><em>Uso de la estad\u00edstica en el \u00e1mbito fiscal. El caso de las operaciones vinculadas<br \/>\n<\/em><\/strong><strong>D\u00aa. Mar\u00eda Encarnaci\u00f3n Laguna Garc\u00eda<br \/>\n<\/strong>Departamento Fiscal de Deloitte<\/p>\n<p>16.30 a 17.00 horas.<br \/>\n<strong><em>Importancia de los m\u00e9todos estad\u00edsticos y econom\u00e9tricos en reclamaciones <\/em><\/strong><strong><em>judiciales. A prop\u00f3sito del c\u00e1lculo de minusprecios y sobreprecios en supuestos de da\u00f1os por infracci\u00f3n a la libre competencia<br \/>\n<\/em><\/strong><strong>Francisco Miguel Pina Cort\u00e9s<br \/>\n<\/strong>Abogado en Cuatrecasas<br \/>\n17.00 a 17.15. Descanso<\/p>\n<p>17.15 a 17.45 horas.<strong><br \/>\n<\/strong><strong><em>Importancia del an\u00e1lisis de datos en abogac\u00eda: aplicaciones desde la perspectiva <\/em><\/strong><strong><em>de la direcci\u00f3n empresarial y de la prestaci\u00f3n de servicios jur\u00eddicos<br \/>\n<\/em><\/strong><strong> Luis Bravo Abolafia<br \/>\n<\/strong>Socio en Gamero &amp; Bravo Abogados y Of Counsel en Jos\u00e9 Mar\u00eda Alonso<br \/>\nAbogados<\/p>\n<p>17.45 a 18.15 horas.<br \/>\n<strong><em>T\u00e9cnicas estad\u00edsticas aplicadas al mundo del seguro<br \/>\n<\/em><\/strong><strong>D\u00aa. Cristina Lancharro D\u00edaz<br \/>\n<\/strong>CEO y suscripci\u00f3n de riesgos en Synergy Insurance Solutions<\/p>\n<p>18.15 a 18.45 horas.<br \/>\n<strong><em>El uso de la estad\u00edstica en el \u00e1mbito jur\u00eddico acad\u00e9mico. Apuntes desde una <\/em><\/strong><strong><em>perspectiva docente y de estudios de doctorado<br \/>\n<\/em><\/strong><strong>D\u00aa. Mar\u00eda Jes\u00fas Blanco S\u00e1nchez<br \/>\n<\/strong>Universidad Pablo de Olavide<\/p>\n<p>18.45 a 19.00. Clausura de la jornada<\/p>\n<p>&nbsp;<\/p>\n<p>&nbsp;<\/p>\n","protected":false},"excerpt":{"rendered":"<p>Alfredo Garc\u00eda Hern\u00e1ndez-D\u00edaz, catedr\u00e1tico del Departamento de Econom\u00eda, M\u00e9todos Cuantitativos e Historia Econ\u00f3mica, en colaboraci\u00f3n con la Facultad de Derecho de la UPO ha organizado la jornada \u2018La Estad\u00edstica en el Mundo del Derecho\u2019 que dar\u00e1 comienzo a las 15:45 horas de este martes. Cinco egresados y egresadas de la Universidad Pablo de Olavide expondr\u00e1n su experiencia laboral en el<a class=\"read-more\" href=\"https:\/\/www.upo.es\/diario\/docencia-formacion\/2021\/11\/una-jornada-analiza-en-la-upo-el-uso-de-la-estadistica-en-el-ambito-del-derecho\/\">[Read More&#8230;]<\/a><\/p>\n","protected":false},"author":6,"featured_media":30869274,"comment_status":"closed","ping_status":"open","sticky":false,"template":"","format":"standard","meta":{"_monsterinsights_skip_tracking":false,"_monsterinsights_sitenote_active":false,"_monsterinsights_sitenote_note":"","_monsterinsights_sitenote_category":0,"footnotes":""},"categories":[2779],"tags":[6924,87,669,3716,514],"class_list":["post-30869271","post","type-post","status-publish","format-standard","has-post-thumbnail","hentry","category-docencia-formacion","tag-datos","tag-derecho","tag-egresados","tag-estadistica","tag-jornada"],"_links":{"self":[{"href":"https:\/\/www.upo.es\/diario\/wp-json\/wp\/v2\/posts\/30869271","targetHints":{"allow":["GET"]}}],"collection":[{"href":"https:\/\/www.upo.es\/diario\/wp-json\/wp\/v2\/posts"}],"about":[{"href":"https:\/\/www.upo.es\/diario\/wp-json\/wp\/v2\/types\/post"}],"author":[{"embeddable":true,"href":"https:\/\/www.upo.es\/diario\/wp-json\/wp\/v2\/users\/6"}],"replies":[{"embeddable":true,"href":"https:\/\/www.upo.es\/diario\/wp-json\/wp\/v2\/comments?post=30869271"}],"version-history":[{"count":5,"href":"https:\/\/www.upo.es\/diario\/wp-json\/wp\/v2\/posts\/30869271\/revisions"}],"predecessor-version":[{"id":30869277,"href":"https:\/\/www.upo.es\/diario\/wp-json\/wp\/v2\/posts\/30869271\/revisions\/30869277"}],"wp:featuredmedia":[{"embeddable":true,"href":"https:\/\/www.upo.es\/diario\/wp-json\/wp\/v2\/media\/30869274"}],"wp:attachment":[{"href":"https:\/\/www.upo.es\/diario\/wp-json\/wp\/v2\/media?parent=30869271"}],"wp:term":[{"taxonomy":"category","embeddable":true,"href":"https:\/\/www.upo.es\/diario\/wp-json\/wp\/v2\/categories?post=30869271"},{"taxonomy":"post_tag","embeddable":true,"href":"https:\/\/www.upo.es\/diario\/wp-json\/wp\/v2\/tags?post=30869271"}],"curies":[{"name":"wp","href":"https:\/\/api.w.org\/{rel}","templated":true}]}}