{"id":30869314,"date":"2021-11-11T09:40:12","date_gmt":"2021-11-11T08:40:12","guid":{"rendered":"https:\/\/www.upo.es\/diario\/?p=30869314"},"modified":"2021-11-12T17:50:50","modified_gmt":"2021-11-12T16:50:50","slug":"expertos-internacionales-se-reunen-en-la-upo-para-abordar-la-trata-transatlantica-de-africanos-esclavizados-entre-los-siglos-xvi-y-xviii","status":"publish","type":"post","link":"https:\/\/www.upo.es\/diario\/docencia-formacion\/2021\/11\/expertos-internacionales-se-reunen-en-la-upo-para-abordar-la-trata-transatlantica-de-africanos-esclavizados-entre-los-siglos-xvi-y-xviii\/","title":{"rendered":"Expertos internacionales se re\u00fanen en la UPO para abordar la trata transatl\u00e1ntica de africanos esclavizados entre los siglos XVI y XVIII"},"content":{"rendered":"<figure id=\"attachment_30869315\" aria-describedby=\"caption-attachment-30869315\" style=\"width: 750px\" class=\"wp-caption aligncenter\"><a href=\"https:\/\/www.upo.es\/diario\/wp-content\/uploads\/2021\/11\/c_asientos_negros01.jpg\"><img loading=\"lazy\" decoding=\"async\" class=\"size-large wp-image-30869315\" src=\"https:\/\/www.upo.es\/diario\/wp-content\/uploads\/2021\/11\/c_asientos_negros01-750x500.jpg\" alt=\"\" width=\"750\" height=\"500\" srcset=\"https:\/\/www.upo.es\/diario\/wp-content\/uploads\/2021\/11\/c_asientos_negros01-750x500.jpg 750w, https:\/\/www.upo.es\/diario\/wp-content\/uploads\/2021\/11\/c_asientos_negros01-360x240.jpg 360w, https:\/\/www.upo.es\/diario\/wp-content\/uploads\/2021\/11\/c_asientos_negros01-768x512.jpg 768w, https:\/\/www.upo.es\/diario\/wp-content\/uploads\/2021\/11\/c_asientos_negros01-1536x1024.jpg 1536w, https:\/\/www.upo.es\/diario\/wp-content\/uploads\/2021\/11\/c_asientos_negros01-2048x1366.jpg 2048w, https:\/\/www.upo.es\/diario\/wp-content\/uploads\/2021\/11\/c_asientos_negros01-165x109.jpg 165w, https:\/\/www.upo.es\/diario\/wp-content\/uploads\/2021\/11\/c_asientos_negros01-1320x880.jpg 1320w\" sizes=\"auto, (max-width: 750px) 100vw, 750px\" \/><\/a><figcaption id=\"caption-attachment-30869315\" class=\"wp-caption-text\">En la mesa, de izquierda a derecha, Pedro Cardim, Enriqueta Vila, Antonia Jim\u00e9nez, Manuel Herrero S\u00e1nchez y Jonat\u00e1n Orozco.<\/figcaption><\/figure>\n<p>Una treintena de especialistas procedentes de 29 instituciones, tanto nacionales como internacionales, se reunir\u00e1n <u>hoy jueves 11 y ma\u00f1ana viernes 12 de noviembre<\/u> en torno al Congreso Internacional \u2018<strong>El Asiento y la trata transatl\u00e1ntica de africanos esclavizados (circa 1580-1750). <\/strong><strong>Redes mercantiles y conectores transnacionales\u2019<\/strong> \/ \u2018<em>The Asiento and the Transatlantic Trade of Enslaved Africans (circa 1580-1750). <\/em><em>Trade Networks and Transnational Connectors\u2019<\/em>) que tiene lugar en la Universidad Pablo de Olavide.<\/p>\n<p>Organizado desde el <strong>proyecto REXPUBLICA<\/strong> y coordinado por los investigadores de la UPO Manuel Herrero S\u00e1nchez, Jonat\u00e1n Orozco Cruz y el profesor de la Universidad Nova de Lisboa, Pedro Cardim, contando en la secretar\u00eda t\u00e9cnica con Juan Manuel Castillo Rubio y Rodrigo G. Toledo, el congreso abordar\u00e1 en un sentido amplio y desde diferentes \u00e1ngulos de an\u00e1lisis, el estudio de los \u201c<strong>asientos de negros\u201d, contratos monopol\u00edsticos que delimitaron el tr\u00e1fico legal hisp\u00e1nico entre los siglos XVI y XVIII<\/strong>.<\/p>\n<figure id=\"attachment_30869316\" aria-describedby=\"caption-attachment-30869316\" style=\"width: 360px\" class=\"wp-caption alignright\"><a href=\"https:\/\/www.upo.es\/diario\/wp-content\/uploads\/2021\/11\/enriqueta_vila.jpg\"><img loading=\"lazy\" decoding=\"async\" class=\"size-medium wp-image-30869316\" src=\"https:\/\/www.upo.es\/diario\/wp-content\/uploads\/2021\/11\/enriqueta_vila-360x240.jpg\" alt=\"\" width=\"360\" height=\"240\" srcset=\"https:\/\/www.upo.es\/diario\/wp-content\/uploads\/2021\/11\/enriqueta_vila-360x240.jpg 360w, https:\/\/www.upo.es\/diario\/wp-content\/uploads\/2021\/11\/enriqueta_vila-750x500.jpg 750w, https:\/\/www.upo.es\/diario\/wp-content\/uploads\/2021\/11\/enriqueta_vila-768x512.jpg 768w, https:\/\/www.upo.es\/diario\/wp-content\/uploads\/2021\/11\/enriqueta_vila-1536x1024.jpg 1536w, https:\/\/www.upo.es\/diario\/wp-content\/uploads\/2021\/11\/enriqueta_vila-2048x1366.jpg 2048w, https:\/\/www.upo.es\/diario\/wp-content\/uploads\/2021\/11\/enriqueta_vila-165x109.jpg 165w, https:\/\/www.upo.es\/diario\/wp-content\/uploads\/2021\/11\/enriqueta_vila-1320x880.jpg 1320w\" sizes=\"auto, (max-width: 360px) 100vw, 360px\" \/><\/a><figcaption id=\"caption-attachment-30869316\" class=\"wp-caption-text\">La historiadora americanista Enriqueta Vila Vilar.<\/figcaption><\/figure>\n<p>As\u00ed, expertos en la materia procedentes de distintos centros de investigaci\u00f3n tanto nacionales como internacionales, abordar\u00e1n en <strong>seis sesiones de trabajo<\/strong> cuestiones como los fundamentos, configuraci\u00f3n y consolidaci\u00f3n del sistema del asiento, el peso de la diplomacia y de las rivalidades internacionales por el control del tr\u00e1fico de esclavos, los espacios conectados, rutas, modelos de negocios, entramados mercantiles y las cadenas de distribuci\u00f3n y trabajo asociados al mismo.<\/p>\n<p>El evento ha sido inaugurado en la ma\u00f1ana de hoy por la vicerrectora de Investigaci\u00f3n, Transferencia y Doctorado, <strong>Antonia Jim\u00e9nez Rodr\u00edguez<\/strong>, y ha contado con la intervenci\u00f3n de <strong>Enriqueta Vila Vilar<\/strong>, historiadora americanista y miembro, entre otras, de la Real Academia de la Historia.<\/p>\n<p>El congreso concluir\u00e1 ma\u00f1ana viernes d\u00eda 12 de noviembre con una <strong>mesa redonda sobre la historia y memoria del tr\u00e1fico transatl\u00e1ntico de africanos esclavizados<\/strong>, en la que participar\u00e1n los responsables de centros de referencia internacional sobre estas cuestiones como el Mus\u00e9e d\u2019histoire de Nantes, el International Slavery Museum of Liverpool, el Memorial da Escravatura de Lisboa o la responsable del proyecto europeo Connected Worlds: The Caribbean, Origin of Modern World.<\/p>\n<p>\u201cEl encuentro no solo busca generar un espacio de debate cient\u00edfico, sino que aspira tambi\u00e9n a trasladar dicho conocimiento a la sociedad de su entorno\u201d afirma el investigador de la UPO Manuel Herrero, quien a\u00f1ade que \u201cel tr\u00e1fico de personas entre continentes constituye una de las p\u00e1ginas m\u00e1s controvertidas de nuestra historia y, como acreditan movimientos como <em>Black Lives Matter<\/em> en Estados Unidos o la reciente destrucci\u00f3n de estatuas dedicadas a esclavistas en Inglaterra, Francia o Espa\u00f1a, ha vuelto a generar importantes controversias en el espacio p\u00fablico de discusi\u00f3n\u201d.<\/p>\n<p>Este evento cuenta con la financiaci\u00f3n del proyecto REXPUBLICA, del grupo PAIDI HUM-680 sobre Europa, el mundo mediterr\u00e1neo y su difusi\u00f3n atl\u00e1ntica, as\u00ed como con fondos procedentes del Plan Propio de Investigaci\u00f3n, el Doctorado de Historia y Estudios Human\u00edsticos, la Facultad de Humanidades y el Departamento de Geograf\u00eda, Historia y Filosof\u00eda de la UPO. Se enmarca asimismo en las actividades desarrolladas por la Red de Excelencia Coredex2 vinculada al Nodo Atl\u00e1ntico de Red Columnaria.<\/p>\n<p>&nbsp;<\/p>\n<p><strong>M\u00e1s informaci\u00f3n:<\/strong><\/p>\n<p><a href=\"https:\/\/www.upo.es\/investiga\/rexpublica\/2021\/11\/08\/congreso-internacional-the-asiento-and-the-transatlantic-trade-of-enslaved-africans-circa-1580-1750-upo-11-12-11-21\/\">Congreso Internacional \u2018El Asiento y la trata transatl\u00e1ntica de africanos esclavizados (circa 1580-1750). Redes mercantiles y conectores transnacionales\u2019<\/a><\/p>\n<p>El evento se retransmitir\u00e1 tambi\u00e9n por <em>streaming<\/em> a trav\u00e9s del siguiente enlace: <a href=\"https:\/\/eu.bbcollab.com\/guest\/e1f4cc083e684c6d8dc3df0abc326f16\">https:\/\/eu.bbcollab.com\/guest\/e1f4cc083e684c6d8dc3df0abc326f16<\/a><\/p>\n<p>&nbsp;<\/p>\n","protected":false},"excerpt":{"rendered":"<p>Una treintena de especialistas procedentes de 29 instituciones, tanto nacionales como internacionales, se reunir\u00e1n hoy jueves 11 y ma\u00f1ana viernes 12 de noviembre en torno al Congreso Internacional \u2018El Asiento y la trata transatl\u00e1ntica de africanos esclavizados (circa 1580-1750). Redes mercantiles y conectores transnacionales\u2019 \/ \u2018The Asiento and the Transatlantic Trade of Enslaved Africans (circa 1580-1750). Trade Networks and Transnational Connectors\u2019) que tiene lugar en la Universidad Pablo de Olavide.<\/p>\n","protected":false},"author":2,"featured_media":30869315,"comment_status":"closed","ping_status":"open","sticky":false,"template":"","format":"standard","meta":{"_monsterinsights_skip_tracking":false,"_monsterinsights_sitenote_active":false,"_monsterinsights_sitenote_note":"","_monsterinsights_sitenote_category":0,"footnotes":""},"categories":[2779],"tags":[7643,910,150,7642,7641],"class_list":["post-30869314","post","type-post","status-publish","format-standard","has-post-thumbnail","hentry","category-docencia-formacion","tag-asientos-de-negros","tag-esclavitud","tag-historia","tag-proyecto-rexpublica","tag-trata-transatlantica"],"_links":{"self":[{"href":"https:\/\/www.upo.es\/diario\/wp-json\/wp\/v2\/posts\/30869314","targetHints":{"allow":["GET"]}}],"collection":[{"href":"https:\/\/www.upo.es\/diario\/wp-json\/wp\/v2\/posts"}],"about":[{"href":"https:\/\/www.upo.es\/diario\/wp-json\/wp\/v2\/types\/post"}],"author":[{"embeddable":true,"href":"https:\/\/www.upo.es\/diario\/wp-json\/wp\/v2\/users\/2"}],"replies":[{"embeddable":true,"href":"https:\/\/www.upo.es\/diario\/wp-json\/wp\/v2\/comments?post=30869314"}],"version-history":[{"count":1,"href":"https:\/\/www.upo.es\/diario\/wp-json\/wp\/v2\/posts\/30869314\/revisions"}],"predecessor-version":[{"id":30869317,"href":"https:\/\/www.upo.es\/diario\/wp-json\/wp\/v2\/posts\/30869314\/revisions\/30869317"}],"wp:featuredmedia":[{"embeddable":true,"href":"https:\/\/www.upo.es\/diario\/wp-json\/wp\/v2\/media\/30869315"}],"wp:attachment":[{"href":"https:\/\/www.upo.es\/diario\/wp-json\/wp\/v2\/media?parent=30869314"}],"wp:term":[{"taxonomy":"category","embeddable":true,"href":"https:\/\/www.upo.es\/diario\/wp-json\/wp\/v2\/categories?post=30869314"},{"taxonomy":"post_tag","embeddable":true,"href":"https:\/\/www.upo.es\/diario\/wp-json\/wp\/v2\/tags?post=30869314"}],"curies":[{"name":"wp","href":"https:\/\/api.w.org\/{rel}","templated":true}]}}