{"id":30869322,"date":"2021-11-11T00:51:02","date_gmt":"2021-11-10T23:51:02","guid":{"rendered":"https:\/\/www.upo.es\/diario\/?p=30869322"},"modified":"2021-11-12T14:02:36","modified_gmt":"2021-11-12T13:02:36","slug":"egresados-upo-primeras-posiciones-ranking-sociedad-espanola-excelencia-academica","status":"publish","type":"post","link":"https:\/\/www.upo.es\/diario\/comunidad\/2021\/11\/egresados-upo-primeras-posiciones-ranking-sociedad-espanola-excelencia-academica\/","title":{"rendered":"Dos egresados de la UPO ocupan las primeras posiciones en el Ranking de la Sociedad Espa\u00f1ola de Excelencia Acad\u00e9mica"},"content":{"rendered":"<figure id=\"attachment_30869409\" aria-describedby=\"caption-attachment-30869409\" style=\"width: 750px\" class=\"wp-caption aligncenter\"><img loading=\"lazy\" decoding=\"async\" class=\"wp-image-30869409 size-large\" src=\"https:\/\/www.upo.es\/diario\/wp-content\/uploads\/2021\/11\/SEDEA_UPO-750x500.jpg\" alt=\"\" width=\"750\" height=\"500\" srcset=\"https:\/\/www.upo.es\/diario\/wp-content\/uploads\/2021\/11\/SEDEA_UPO-750x500.jpg 750w, https:\/\/www.upo.es\/diario\/wp-content\/uploads\/2021\/11\/SEDEA_UPO-360x240.jpg 360w, https:\/\/www.upo.es\/diario\/wp-content\/uploads\/2021\/11\/SEDEA_UPO-768x512.jpg 768w, https:\/\/www.upo.es\/diario\/wp-content\/uploads\/2021\/11\/SEDEA_UPO-1536x1024.jpg 1536w, https:\/\/www.upo.es\/diario\/wp-content\/uploads\/2021\/11\/SEDEA_UPO-2048x1365.jpg 2048w, https:\/\/www.upo.es\/diario\/wp-content\/uploads\/2021\/11\/SEDEA_UPO-165x109.jpg 165w, https:\/\/www.upo.es\/diario\/wp-content\/uploads\/2021\/11\/SEDEA_UPO-1320x880.jpg 1320w\" sizes=\"auto, (max-width: 750px) 100vw, 750px\" \/><figcaption id=\"caption-attachment-30869409\" class=\"wp-caption-text\">Los egresados de la UPO Daniel Valdivia Alonso y Bel\u00e9n Mart\u00ednez Gonz\u00e1lez.<\/figcaption><\/figure>\n<p>La <strong>Sociedad Espa\u00f1ola de Excelencia Acad\u00e9mica (SEDEA)<\/strong> destaca la trayectoria universitaria de los egresados de la Universidad Pablo de Olavide <strong>Daniel Valdivia Alonso<\/strong>, quien ocupa la primera posici\u00f3n correspondiente <strong>al Grado en Ciencias Pol\u00edticas y de la Administraci\u00f3n,<\/strong> y <strong>Bel\u00e9n Mart\u00ednez Gonz\u00e1lez<\/strong>, primer puesto en el <strong>Grado en Sociolog\u00eda, <\/strong>en el ranking nacional elaborado por esta instituci\u00f3n.<\/p>\n<p>Esta entidad reconoce las trayectorias acad\u00e9micas de los egresados universitarios por titulaci\u00f3n y por rama de conocimiento a nivel nacional, considerando no s\u00f3lo la media del expediente, sino tambi\u00e9n otros factores que ayudan a determinar sus aptitudes, preparaci\u00f3n para el futuro laboral y habilidades profesionales, as\u00ed como otras iniciativas extra-acad\u00e9micas que reflejan creatividad, capacidad t\u00e9cnica y de resoluci\u00f3n de problemas, inquietudes culturales y compromiso social.<\/p>\n<p>Para Daniel Valdivia conseguir la primera posici\u00f3n en los estudios de Grado en Ciencias Pol\u00edticas y de la Administraci\u00f3n en este ranking nacional supone \u201cun reconocimiento al esfuerzo llevado a cabo no solo por m\u00ed, sino por toda mi familia en especial a mi madre, durante mi etapa universitaria\u201d. El egresado del Doble Grado en Ciencias Pol\u00edticas y de la Administraci\u00f3n y Sociolog\u00eda destaca que esta titulaci\u00f3n le ha llevado a \u201cdescubrir su vocaci\u00f3n por el servicio p\u00fablico, la importancia de ayudar a los dem\u00e1s y las ganas de mejorar la sociedad en la que vivimos, para lo que es imprescindible la formaci\u00f3n y la educaci\u00f3n\u201d.<\/p>\n<p>Daniel Valdivia, graduado en Ciencias Pol\u00edticas y de la Administraci\u00f3n y Sociolog\u00eda por la Universidad Pablo de Olavide, es presidente del Consejo de la Juventud de Andaluc\u00eda y colaborador de C\u00e1mara C\u00edvica, El Huffington Post, La Voz del Sur y otros medios. Actualmente est\u00e1 estudiando el M\u00e1ster Universitario en Profesorado de Educaci\u00f3n Secundaria Obligatoria y Bachillerato, Formaci\u00f3n Profesional y Ense\u00f1anza de Idiomas y el Doctorado en Ciencias Pol\u00edticas y Jur\u00eddicas de la Universidad Pablo de Olavide.<\/p>\n<p>Para Bel\u00e9n Mart\u00ednez este ranking es un reconocimiento a a\u00f1os de esfuerzo y destaca la importancia de la familia y amistades para alcanzar sus m\u00e9ritos. Para Bel\u00e9n \u201cestudiar Sociolog\u00eda y Trabajo Social en la Universidad Pablo de Olavide ha sido una experiencia valios\u00edsima desde el punto de vista personal y profesional\u201d.<\/p>\n<p>Graduada en Trabajo Social y Sociolog\u00eda por la Universidad Pablo de Olavide, Bel\u00e9n Mart\u00ednez ha estado muy implicada con la realidad social de su entorno y ha participado en numerosos colectivos como activista. Durante su etapa universitaria en la UPO, ha realizado estancias en el Juniata College en USA y en SciencesPo en Francia. Actualmente, se encuentra estudiando un Research Master sobre migraciones y multiculturalismo en la Universidad de Utrecht (Pa\u00edses Bajos).<\/p>\n<p>M\u00e1s informaci\u00f3n:<\/p>\n<p><a href=\"https:\/\/www.sedea.es\/\">Sociedad Espa\u00f1ola de Excelencia Acad\u00e9mica<\/a><\/p>\n","protected":false},"excerpt":{"rendered":"<p>La Sociedad Espa\u00f1ola de Excelencia Acad\u00e9mica (SEDEA) destaca la trayectoria universitaria de los egresados de la Universidad Pablo de Olavide Daniel Valdivia Alonso, quien ocupa la primera posici\u00f3n correspondiente al Grado en Ciencias Pol\u00edticas y de la Administraci\u00f3n, y Bel\u00e9n Mart\u00ednez Gonz\u00e1lez, primer puesto en el Grado en Sociolog\u00eda, en el ranking nacional elaborado por esta instituci\u00f3n.<\/p>\n","protected":false},"author":4,"featured_media":30869409,"comment_status":"closed","ping_status":"open","sticky":false,"template":"","format":"standard","meta":{"_monsterinsights_skip_tracking":false,"_monsterinsights_sitenote_active":false,"_monsterinsights_sitenote_note":"","_monsterinsights_sitenote_category":0,"footnotes":""},"categories":[5842],"tags":[7646,7644,2462,5181,487,81,634,7051,7052,104],"class_list":["post-30869322","post","type-post","status-publish","format-standard","has-post-thumbnail","hentry","category-comunidad","tag-belen-martinez","tag-daniel-valdivia","tag-doble-grado-en-sociologia-y-ciencias-politicas","tag-doble-grado-en-trabajo-social-y-sociologia","tag-facultad-ciencias-sociales","tag-facultad-de-derecho","tag-ranking","tag-sedea","tag-sociedad-espanola-de-excelencia-academica","tag-sociologia"],"_links":{"self":[{"href":"https:\/\/www.upo.es\/diario\/wp-json\/wp\/v2\/posts\/30869322","targetHints":{"allow":["GET"]}}],"collection":[{"href":"https:\/\/www.upo.es\/diario\/wp-json\/wp\/v2\/posts"}],"about":[{"href":"https:\/\/www.upo.es\/diario\/wp-json\/wp\/v2\/types\/post"}],"author":[{"embeddable":true,"href":"https:\/\/www.upo.es\/diario\/wp-json\/wp\/v2\/users\/4"}],"replies":[{"embeddable":true,"href":"https:\/\/www.upo.es\/diario\/wp-json\/wp\/v2\/comments?post=30869322"}],"version-history":[{"count":5,"href":"https:\/\/www.upo.es\/diario\/wp-json\/wp\/v2\/posts\/30869322\/revisions"}],"predecessor-version":[{"id":30869411,"href":"https:\/\/www.upo.es\/diario\/wp-json\/wp\/v2\/posts\/30869322\/revisions\/30869411"}],"wp:featuredmedia":[{"embeddable":true,"href":"https:\/\/www.upo.es\/diario\/wp-json\/wp\/v2\/media\/30869409"}],"wp:attachment":[{"href":"https:\/\/www.upo.es\/diario\/wp-json\/wp\/v2\/media?parent=30869322"}],"wp:term":[{"taxonomy":"category","embeddable":true,"href":"https:\/\/www.upo.es\/diario\/wp-json\/wp\/v2\/categories?post=30869322"},{"taxonomy":"post_tag","embeddable":true,"href":"https:\/\/www.upo.es\/diario\/wp-json\/wp\/v2\/tags?post=30869322"}],"curies":[{"name":"wp","href":"https:\/\/api.w.org\/{rel}","templated":true}]}}