{"id":30869329,"date":"2021-11-11T13:26:34","date_gmt":"2021-11-11T12:26:34","guid":{"rendered":"https:\/\/www.upo.es\/diario\/?p=30869329"},"modified":"2021-11-15T10:08:30","modified_gmt":"2021-11-15T09:08:30","slug":"tercer-congreso-internacional-riasport","status":"publish","type":"post","link":"https:\/\/www.upo.es\/diario\/docencia-formacion\/2021\/11\/tercer-congreso-internacional-riasport\/","title":{"rendered":"Comienza en la Universidad de Guadalajara el III Congreso Internacional RIASPORT"},"content":{"rendered":"<p><img loading=\"lazy\" decoding=\"async\" class=\"aligncenter size-large wp-image-30869330\" src=\"https:\/\/www.upo.es\/diario\/wp-content\/uploads\/2021\/11\/tercer-cong-int-Riasport-750x513.jpg\" alt=\"RIASPORT 2021 Congreso Internacional\" width=\"750\" height=\"513\" srcset=\"https:\/\/www.upo.es\/diario\/wp-content\/uploads\/2021\/11\/tercer-cong-int-Riasport-750x513.jpg 750w, https:\/\/www.upo.es\/diario\/wp-content\/uploads\/2021\/11\/tercer-cong-int-Riasport-360x246.jpg 360w, https:\/\/www.upo.es\/diario\/wp-content\/uploads\/2021\/11\/tercer-cong-int-Riasport-768x525.jpg 768w, https:\/\/www.upo.es\/diario\/wp-content\/uploads\/2021\/11\/tercer-cong-int-Riasport.jpg 1280w\" sizes=\"auto, (max-width: 750px) 100vw, 750px\" \/>El <strong><a href=\"https:\/\/eventos.upo.es\/63749\/detail\/iii-congreso-internacional-riasport.-seguridad-en-el-ambito-deportivo-en-las-americas..html\">III Congreso Internacional sobre seguridad en el \u00e1mbito deportivo, RIASPORT 2021<\/a>,<\/strong> ha dado comienzo esta tarde en el <strong>Centro Universitario de Ciencias Econ\u00f3mico Administrativas de la Universidad de Guadalajara (CUCEA, M\u00e9xico).<\/strong> A las 16 horas, horario de Espa\u00f1a, ha tenido lugar el acto inaugural en el que han intervenido por videoconferencia el rector de la Universidad Pablo de Olavide, <strong>Francisco Oliva<\/strong>; el presidente del Consejo Superior de Deportes, <strong>Jos\u00e9 Manuel Franco<\/strong>; y la profesora de la UPO y directora de la Red RIASPORT <strong>Marta Garc\u00eda Tasc\u00f3n<\/strong>. Presencialmente, estar\u00e1n en la sede de CUCEA en Jalisco <strong>Ricardo Villanueva<\/strong>, rector de la Universidad de Guadalajara; y <strong>Gabriel Flores Allende<\/strong>, profesor de la universidad mexicana, director del Congreso y coordinador de RIASPORT M\u00e9xico y Am\u00e9rica Latina.<\/p>\n<p>Con <strong>\u2018La Seguridad en el \u00e1mbito deportivo en las Am\u00e9ricas\u2019<\/strong> como tem\u00e1tica principal la tercera edici\u00f3n del Congreso Internacional RIASPORT cuenta en su programa con<strong> tres conferencias magistrales, cinco mesas redondas y cuatro talleres <\/strong>adem\u00e1s de la presentaci\u00f3n de los trabajos de investigaci\u00f3n elaborados para el simposio. El Congreso se celebrar\u00e1 en<strong> formato h\u00edbrido, con intervenciones presenciales y virtuales<\/strong>, durante esta tarde y la jornada de ma\u00f1ana viernes.<\/p>\n<p>Los riesgos deportivos se clasifican en aquellos que se producen durante el evento, que solo se dan durante su desarrollo; y los de situaci\u00f3n, que se dan en el entorno en el que se desarrolla el deporte y vienen determinados por problemas en las instalaciones deportivas, en el espacio donde se sit\u00faan o desarrolla el evento, y por el equipamiento deportivo.<\/p>\n<p>El Congreso tiene por objetivo reunir a expertos y expertas para analizar y debatir los avances y desaf\u00edos sobre seguridad en la pr\u00e1ctica de ejercicio f\u00edsico y del deporte. Para prevenir estos riesgos son necesarias herramientas y conocimientos t\u00e9cnicos, sociales, jur\u00eddicos y econ\u00f3micos para combatirlos desde la planificaci\u00f3n y el dise\u00f1o de instalaciones deportivas; la selecci\u00f3n e instalaci\u00f3n del equipamiento deportivo; y la auditor\u00eda, inspecci\u00f3n y evaluaci\u00f3n de los riesgos detectados en la pr\u00e1ctica deportiva.<\/p>\n<p><img loading=\"lazy\" decoding=\"async\" class=\"alignright wp-image-30869433 size-medium\" src=\"https:\/\/www.upo.es\/diario\/wp-content\/uploads\/2021\/11\/Rector-UPO-Riasport-e1636967274829-360x191.jpeg\" alt=\"Francisco Oliva en la sesi\u00f3n inaugural por videoconferencia\" width=\"360\" height=\"191\" srcset=\"https:\/\/www.upo.es\/diario\/wp-content\/uploads\/2021\/11\/Rector-UPO-Riasport-e1636967274829-360x191.jpeg 360w, https:\/\/www.upo.es\/diario\/wp-content\/uploads\/2021\/11\/Rector-UPO-Riasport-e1636967274829-750x398.jpeg 750w, https:\/\/www.upo.es\/diario\/wp-content\/uploads\/2021\/11\/Rector-UPO-Riasport-e1636967274829-768x408.jpeg 768w, https:\/\/www.upo.es\/diario\/wp-content\/uploads\/2021\/11\/Rector-UPO-Riasport-e1636967274829.jpeg 1152w\" sizes=\"auto, (max-width: 360px) 100vw, 360px\" \/>En el acto inaugural <strong>Francisco Oliva<\/strong> ha destacado la importancia de generar desde la Universidad conocimientos y nuevas redes que reviertan en un mejor dise\u00f1o de pol\u00edticas deportivas. \u201cHoy no cuestionamos la importancia del deporte y la necesidad de incorporarlo a nuestras vidas, pero debemos seguir profundizando para integrarlo de la mejor manera posible y, en este sentido, la seguridad juega un papel esencial\u201d ha se\u00f1alado durante su intervenci\u00f3n.<\/p>\n<p>El III Congreso RIASPORT es tambi\u00e9n una oportunidad para fortalecer y ampliar las redes de trabajo, as\u00ed como para promover un mayor compromiso y nuevos acuerdos entre instituciones y sectores p\u00fablicos y privados vinculados en el desarrollo del deporte. La Red Estatal de Investigaci\u00f3n Aplicada sobre Seguridad Deportiva (RIASPORT), coordinada por la Universidad Pablo de Olavide, aborda la seguridad deportiva desde una perspectiva transversal y cuenta con financiaci\u00f3n del Consejo Superior de Deportes.<\/p>\n<p><strong>M\u00e1s informaci\u00f3n:<\/strong><\/p>\n<p>&gt; <a href=\"https:\/\/eventos.upo.es\/63749\/detail\/iii-congreso-internacional-riasport.-seguridad-en-el-ambito-deportivo-en-las-americas..html\">III Congreso Internacional RIASPORT. Seguridad en el \u00e1mbito deportivo en las Am\u00e9ricas<\/a><\/p>\n","protected":false},"excerpt":{"rendered":"<p>Con \u2018La Seguridad en el \u00e1mbito deportivo en las Am\u00e9ricas\u2019 como tem\u00e1tica principal, el Congreso se desarrolla en formato h\u00edbrido en la universidad mexicana durante los d\u00edas 11 y 12 de noviembre.<\/p>\n","protected":false},"author":6,"featured_media":30869330,"comment_status":"closed","ping_status":"open","sticky":false,"template":"","format":"standard","meta":{"_monsterinsights_skip_tracking":false,"_monsterinsights_sitenote_active":false,"_monsterinsights_sitenote_note":"","_monsterinsights_sitenote_category":0,"footnotes":""},"categories":[2779],"tags":[354,925,4382,286,6524,5126],"class_list":["post-30869329","post","type-post","status-publish","format-standard","has-post-thumbnail","hentry","category-docencia-formacion","tag-congreso","tag-internacionalizacion","tag-marta-garcia-tascon","tag-mexico","tag-riasport","tag-seguridad-deportiva"],"_links":{"self":[{"href":"https:\/\/www.upo.es\/diario\/wp-json\/wp\/v2\/posts\/30869329","targetHints":{"allow":["GET"]}}],"collection":[{"href":"https:\/\/www.upo.es\/diario\/wp-json\/wp\/v2\/posts"}],"about":[{"href":"https:\/\/www.upo.es\/diario\/wp-json\/wp\/v2\/types\/post"}],"author":[{"embeddable":true,"href":"https:\/\/www.upo.es\/diario\/wp-json\/wp\/v2\/users\/6"}],"replies":[{"embeddable":true,"href":"https:\/\/www.upo.es\/diario\/wp-json\/wp\/v2\/comments?post=30869329"}],"version-history":[{"count":4,"href":"https:\/\/www.upo.es\/diario\/wp-json\/wp\/v2\/posts\/30869329\/revisions"}],"predecessor-version":[{"id":30869434,"href":"https:\/\/www.upo.es\/diario\/wp-json\/wp\/v2\/posts\/30869329\/revisions\/30869434"}],"wp:featuredmedia":[{"embeddable":true,"href":"https:\/\/www.upo.es\/diario\/wp-json\/wp\/v2\/media\/30869330"}],"wp:attachment":[{"href":"https:\/\/www.upo.es\/diario\/wp-json\/wp\/v2\/media?parent=30869329"}],"wp:term":[{"taxonomy":"category","embeddable":true,"href":"https:\/\/www.upo.es\/diario\/wp-json\/wp\/v2\/categories?post=30869329"},{"taxonomy":"post_tag","embeddable":true,"href":"https:\/\/www.upo.es\/diario\/wp-json\/wp\/v2\/tags?post=30869329"}],"curies":[{"name":"wp","href":"https:\/\/api.w.org\/{rel}","templated":true}]}}