{"id":30869435,"date":"2021-11-15T11:42:09","date_gmt":"2021-11-15T10:42:09","guid":{"rendered":"https:\/\/www.upo.es\/diario\/?p=30869435"},"modified":"2021-11-19T16:45:48","modified_gmt":"2021-11-19T15:45:48","slug":"estudiantes-dan-sobresaliente-cursos-verano-olavide-carmona","status":"publish","type":"post","link":"https:\/\/www.upo.es\/diario\/institucional\/2021\/11\/estudiantes-dan-sobresaliente-cursos-verano-olavide-carmona\/","title":{"rendered":"Una edici\u00f3n extraordinaria. Los estudiantes dan un sobresaliente a los cursos de verano de Olavide en Carmona"},"content":{"rendered":"<figure id=\"attachment_30869437\" aria-describedby=\"caption-attachment-30869437\" style=\"width: 360px\" class=\"wp-caption alignright\"><a href=\"https:\/\/www.upo.es\/diario\/wp-content\/uploads\/2021\/11\/CuVe_alumnado-scaled.jpg\"><img loading=\"lazy\" decoding=\"async\" class=\"wp-image-30869437 size-medium\" src=\"https:\/\/www.upo.es\/diario\/wp-content\/uploads\/2021\/11\/CuVe_alumnado-scaled-e1636972732283-360x218.jpg\" alt=\"Estudiantes de los Cursos de Verano en Carmona\" width=\"360\" height=\"218\" srcset=\"https:\/\/www.upo.es\/diario\/wp-content\/uploads\/2021\/11\/CuVe_alumnado-scaled-e1636972732283-360x218.jpg 360w, https:\/\/www.upo.es\/diario\/wp-content\/uploads\/2021\/11\/CuVe_alumnado-scaled-e1636972732283-750x454.jpg 750w, https:\/\/www.upo.es\/diario\/wp-content\/uploads\/2021\/11\/CuVe_alumnado-scaled-e1636972732283-768x465.jpg 768w, https:\/\/www.upo.es\/diario\/wp-content\/uploads\/2021\/11\/CuVe_alumnado-scaled-e1636972732283-1536x930.jpg 1536w, https:\/\/www.upo.es\/diario\/wp-content\/uploads\/2021\/11\/CuVe_alumnado-scaled-e1636972732283-2048x1239.jpg 2048w, https:\/\/www.upo.es\/diario\/wp-content\/uploads\/2021\/11\/CuVe_alumnado-scaled-e1636972732283-1320x799.jpg 1320w\" sizes=\"auto, (max-width: 360px) 100vw, 360px\" \/><\/a><figcaption id=\"caption-attachment-30869437\" class=\"wp-caption-text\">Estudiantes de los Cursos de Verano en Carmona<\/figcaption><\/figure>\n<p>Los cursos de verano 2021 de la Universidad Pablo de Olavide en Carmona celebrados en la sede universitaria de Carmona han sido calificados un a\u00f1o m\u00e1s por los estudiantes de<strong> sobresaliente<\/strong>, con una <strong>nota general de 4,59 sobre 5,<\/strong> la mayor puntuaci\u00f3n conseguida hasta ahora en total de las ediciones celebradas y evaluadas. Dichos seminarios contaron con la participaci\u00f3n de un total de 1129 estudiantes en una edici\u00f3n extraordinaria a causa de la persistencia de la pandemia. Extraordinarios tambi\u00e9n, en la presente edici\u00f3n, los resultados derivados de las encuestas al ser la <strong>primera vez que se incorporaba la modalidad <em>online<\/em> a los seminarios, junto a la presencial<\/strong>.<\/p>\n<p>Las encuestas de satisfacci\u00f3n realizadas a los estudiantes participantes en los cursos de verano han contado con una <strong>tasa de respuesta del 53,06 por ciento, valor\u00e1ndose tanto la gesti\u00f3n como el contenido de los seminarios<\/strong>.<\/p>\n<p>En relaci\u00f3n a los contenidos de los cursos de verano de la UPO, la media global obtenida ha sido de 4,57 sobre 5. Dentro de este apartado, la calidad de la docencia alcanza la mayor puntuaci\u00f3n con un 4,70, seguido del inter\u00e9s de los temas tratados con un 4,60. Mientras que el cumplimiento del programa ha alcanzado una puntuaci\u00f3n de 4,59 y el programa un 4,55, la profundizaci\u00f3n de los temas tratados obtiene una calificaci\u00f3n de 4,43.<\/p>\n<p>En cuanto a la gesti\u00f3n, la media global tambi\u00e9n ha sido de 4,57 sobre 5. La mayor puntuaci\u00f3n en este apartado se ha correspondido con la valoraci\u00f3n de la jornada y las medidas Covid-19 puestas en marcha en nuestra sede para garantizar la salud y la seguridad, con un 4,58, seguida de la acogida recibida antes del evento, con un 4,46. Estos dos \u00faltimos \u00edtems, l\u00f3gicamente, afectaban s\u00f3lo a los estudiantes presenciales. Los recursos materiales empleados han obtenido un 4,39 y las instalaciones y recursos audiovisuales (estudiantes presenciales) son valorados con un 4,37. La plataforma online utilizada durante la docencia ha obtenido un 4,36 sobre 5, mientras que la informaci\u00f3n recibida previa al seminario es evaluada por los estudiantes con un 4,35.<\/p>\n<h3><strong>Perfil de los estudiantes<\/strong><\/h3>\n<p>Estas encuestas permiten conocer, adem\u00e1s del grado de satisfacci\u00f3n de los estudiantes de los cursos, el perfil del alumnado. As\u00ed, un 81,96 por ciento de los encuestados no procede de la comunidad universitaria de la Olavide, mientras que el alumnado de la UPO alcanza el 18,04 por ciento. Entre los estudiantes matriculados siguen predominando las mujeres, 65,94 por ciento, frente a los hombres, 34,06 por ciento.<\/p>\n<p>En cuanto al nivel de estudios, un 7 por ciento son estudiantes de ense\u00f1anzas secundarias; el 72 por ciento son universitarios de grado o licenciaturas; el 16 por ciento de postgrado, y un 3 por ciento, profesorado.<\/p>\n<p>Otro dato importante a tener en cuenta es que el 28,15 por ciento de los estudiantes encuestados repite en los Cursos de Verano de la Universidad Pablo de Olavide, mientras que para el 71,85 por ciento del alumnado es la primera experiencia en los cursos de verano, lo que viene a confirmar que la apuesta por la modalidad presencial \/ online ha tenido una excelente acogida.<\/p>\n<p>La media general de matr\u00edcula por curso ha alcanzado los <strong>33 alumnos por seminario<\/strong>, aunque algunos han superado considerablemente esta cifra, como el \u2018La situaci\u00f3n de la v\u00edctima de trata en tiempos del COVID-19\u2019, con 136 participantes; el de \u2018Trastornos de conducta en el aula\u2019, con 108; \u2018Relaciones internacionales y cambio pol\u00edtico en el norte de \u00c1frica y Oriente Medio. Desaf\u00edos actuales\u2019, con 77 o el de \u2018Curso internacional sobre terrorismo yihadista: la reconfiguraci\u00f3n de la amenaza\u2019, con 69 estudiantes.<\/p>\n<p>Por otro lado, un total de 39 estudiantes han recibido becas oficiales de matr\u00edcula en los 34 cursos celebrados. Adem\u00e1s, a trav\u00e9s de los diversos acuerdos establecidos con instituciones y entidades colaboradoras del programa 2021, otros 309 estudiantes se han beneficiado de matr\u00edculas gratuitas para participar en los mismos. De esta manera, el <strong>porcentaje de estudiantes con beca<\/strong> en los cursos de verano 2021 ha alcanzado el <strong>30,82 por ciento<\/strong>, superando ampliamente el porcentaje establecido por ley de un 10%, lo que refleja un gran esfuerzo y un importante compromiso de la UPO con los estudiantes, gracias al apoyo de instituciones y entidades colaboradoras.<\/p>\n<p>El programa de cursos de la decimonovena edici\u00f3n se desarroll\u00f3 en las fechas comprendidas entre el 28 de junio y el 27 de agosto. Por las aulas de la sede de \u2018Olavide en Carmona\u2019 han pasado un total de <strong>440 profesores<\/strong>, ponentes, docentes, investigadores y profesionales de reconocido prestigio, tanto de \u00e1mbito nacional como internacional.<\/p>\n<p>De los 34 cursos celebrados, 22 han sido dirigidos por profesorado y miembros de la comunidad universitaria-UPO y otros 12 por personas que no mantienen ning\u00fan tipo de v\u00ednculo con la instituci\u00f3n universitaria y que provienen de otros \u00e1mbitos del mundo acad\u00e9mico, t\u00e9cnico, empresarial o profesional.<\/p>\n<h3><strong>Ponentes\u00a0\u00a0\u00a0\u00a0 <\/strong><\/h3>\n<figure id=\"attachment_30867338\" aria-describedby=\"caption-attachment-30867338\" style=\"width: 360px\" class=\"wp-caption alignright\"><a href=\"https:\/\/www.upo.es\/diario\/wp-content\/uploads\/2021\/07\/Isabel_Celaa-e1625501695423.jpg\"><img loading=\"lazy\" decoding=\"async\" class=\"size-medium wp-image-30867338\" src=\"https:\/\/www.upo.es\/diario\/wp-content\/uploads\/2021\/07\/Isabel_Celaa-e1625501695423-360x231.jpg\" alt=\"\" width=\"360\" height=\"231\" srcset=\"https:\/\/www.upo.es\/diario\/wp-content\/uploads\/2021\/07\/Isabel_Celaa-e1625501695423-360x231.jpg 360w, https:\/\/www.upo.es\/diario\/wp-content\/uploads\/2021\/07\/Isabel_Celaa-e1625501695423-750x482.jpg 750w, https:\/\/www.upo.es\/diario\/wp-content\/uploads\/2021\/07\/Isabel_Celaa-e1625501695423-768x493.jpg 768w, https:\/\/www.upo.es\/diario\/wp-content\/uploads\/2021\/07\/Isabel_Celaa-e1625501695423-600x386.jpg 600w, https:\/\/www.upo.es\/diario\/wp-content\/uploads\/2021\/07\/Isabel_Celaa-e1625501695423-1536x987.jpg 1536w, https:\/\/www.upo.es\/diario\/wp-content\/uploads\/2021\/07\/Isabel_Celaa-e1625501695423-2048x1316.jpg 2048w, https:\/\/www.upo.es\/diario\/wp-content\/uploads\/2021\/07\/Isabel_Celaa-e1625501695423-1320x848.jpg 1320w\" sizes=\"auto, (max-width: 360px) 100vw, 360px\" \/><\/a><figcaption id=\"caption-attachment-30867338\" class=\"wp-caption-text\">Isabel Cela\u00e1 en los Cursos de Verano Olavide en Carmona.<\/figcaption><\/figure>\n<p>Con respecto a los ponentes, hay que destacar la presencia en los Cursos de Verano de <strong>Isabel Cela\u00e1<\/strong>, exministra de Educaci\u00f3n y Formaci\u00f3n Profesional y <strong>Alberto Garz\u00f3n<\/strong>, ministro de Consumo. Tambi\u00e9n han intervenido <strong>Roc\u00edo Blanco<\/strong>, consejera de Empleo, Formaci\u00f3n y Trabajo Aut\u00f3nomo y <strong>Francisco Javier Imbroda<\/strong>, consejero de Educaci\u00f3n y Deporte de la Junta de Andaluc\u00eda.<\/p>\n<p>Tambi\u00e9n han participado periodistas como <strong>Montserrat Dom\u00ednguez<\/strong>, directora general de la cadena SER; <strong>Ignacio Escolar<\/strong>, director de eldiario.es; <strong>Francisco Rosell<\/strong>, director del diario El Mundo; <strong>Julio Montes<\/strong>, cofundador de Maldita.es; <strong>\u00c1ngeles Blanco<\/strong>, presentadora de los informativos de fin de semana de Telecinco; <strong>Esther Palomera<\/strong>, periodista de eldiario.es; <strong>Anabel D\u00edaz<\/strong>, periodista de El Pa\u00eds y presidenta de la Asociaci\u00f3n de Periodistas Parlamentarios; <strong>Almudena Ariza<\/strong>, corresponsal de TVE en Francia; <strong>Javier Guti\u00e9rrez<\/strong>, corresponsal de TVE en Israel; <strong>Juande Mellado<\/strong>, director general de la RTVA; <strong>Almudena Ariza,<\/strong> corresponsal de TVE en Francia o <strong>Jos\u00e9 Manuel P\u00e9rez Tornero<\/strong>, presidente de Radio Televisi\u00f3n Espa\u00f1ola.<\/p>\n<p>El cantaor flamenco <strong>Francisco Jos\u00e9 Arc\u00e1ngel<\/strong> tambi\u00e9n ha estado presente en los cursos de verano de Olavide en Carmona, as\u00ed como las cantaoras <strong>Remedios Amaya y Roc\u00edo M\u00e1rquez<\/strong>; el compositor y director de orquesta <strong>Mauricio Sotelo<\/strong>, la soprano <strong>Juana Castillo<\/strong> o la actriz <strong>Paz Sayago<\/strong>.<\/p>\n<p>Asimismo, tambi\u00e9n se ha contado con la participaci\u00f3n del general de la Guardia Civil <strong>Manuel Navarrete<\/strong>, director del Centro de Inteligencia contra el Terrorismo y el Crimen Organizado; del coronel del Ej\u00e9rcito de Tierra <strong>Jes\u00fas D\u00edaz Alcalde<\/strong>, del Departamento de Seguridad Nacional; del teniente coronel <strong>Fernando Carbonell Bartolom\u00e9<\/strong>, del Mando de Operaciones Especiales del Ej\u00e9rcito de Tierra o de <strong>Carlos Igualada<\/strong>, director del Observatorio Internacional de Estudios sobre el Terrorismo.<\/p>\n<p>Adem\u00e1s, hay que se\u00f1alar la participaci\u00f3n de <strong>Enrique Santiago<\/strong>, secretario general del Partido Comunista de Espa\u00f1a; <strong>Unai Sordo<\/strong>, secretario general de la CS de CCOO; <strong>Nuria L\u00f3pez<\/strong>, secretaria general de la CS de CCOO de Andaluc\u00eda y <strong>Carlos Aristu<\/strong>, secretario general de CCOO de Sevilla. Tambi\u00e9n profesionales del mundo judicial como <strong>Pilar Sep\u00falveda<\/strong>, vocal del Consejo General del Poder Judicial o <strong>Amparo D\u00edaz<\/strong>, abogada y coordinadora del Turno de Trata del Colegio de Abogados de Sevilla.<\/p>\n<p>Por otra parte, tambi\u00e9n han pasado por los cursos de verano figuras relevantes en el \u00e1mbito deportivo como <strong>Javier Tebas Medrano<\/strong>, presidente de La Liga de F\u00fatbol; <strong>Jos\u00e9 Castro Carmona<\/strong>, presidente del Sevilla FC; <strong>Jos\u00e9 Mar\u00eda Cruz de Andr\u00e9s<\/strong>, director general del Sevilla FC o <strong>Jon Berasategui Zabala<\/strong>, director general del Athletic Club, entre otras personalidades.<\/p>\n<h3><strong>Tem\u00e1tica cursos de verano<\/strong><\/h3>\n<p>El programa 2021 ha tenido un marcado car\u00e1cter interdisciplinar, abordando tem\u00e1ticas muy diversas, novedosas, de inter\u00e9s y de m\u00e1xima actualidad.\u00a0 En los cursos de verano se han abordado diversos temas, como el terrorismo yihadista; la intervenci\u00f3n social con personas en riesgo de exclusi\u00f3n; el periodismo antes, durante y despu\u00e9s del Covid-19; la educaci\u00f3n para la igualdad; mujer, empleabilidad y emprendimiento; la actualizaci\u00f3n en los trastornos del espectro del autismo; la innovaci\u00f3n en energ\u00eda solar fotovoltaica; los cambios en el mundo del trabajo; los trastornos de conducta en el aula; pandemia y alternativas democr\u00e1ticas; la despoblaci\u00f3n como crisis del territorio; la excelencia deportiva; la situaci\u00f3n de la v\u00edctima de trata en tiempos del Covid-19, entre otros, en los que han participado diferentes especialistas nacionales e internacionales.<\/p>\n<p>Temas y materias que van desde lo pol\u00edtico a lo cultural, desde lo econ\u00f3mico a lo social y que se han complementado con otros temas y disciplinas como son: el flamenco, el cine, el coaching t\u00e9cnico vocal de alto rendimiento, la espeleoarqueolog\u00eda aplicada y las pr\u00e1cticas arqueol\u00f3gicas en excavaciones abiertas. Con respecto a este \u00faltimo seminario, nos encontramos ante un \u00e1rea de trabajo en el que los estudiantes participantes han podido conocer todos los entresijos, proceso y gesti\u00f3n de una excavaci\u00f3n en una ciudad como Carmona, que por su propia historia y valor patrimonial posibilita este tipo de actividad. En esta edici\u00f3n los estudiantes han tenido la posibilidad \u00fanica de excavar en el complejo de la Necr\u00f3polis de Carmona.<\/p>\n<p>Esta decimonovena edici\u00f3n de los Cursos de Verano de la Universidad Pablo de Olavide ha contado con la colaboraci\u00f3n de <strong>99 entidades p\u00fablicas y privadas.<\/strong><\/p>\n<p>&nbsp;<\/p>\n","protected":false},"excerpt":{"rendered":"<p>Los cursos de verano 2021 de la Universidad Pablo de Olavide en Carmona celebrados en la sede universitaria de Carmona han sido calificados un a\u00f1o m\u00e1s por los estudiantes de sobresaliente, con una nota general de 4,59 sobre 5, la mayor puntuaci\u00f3n conseguida hasta ahora en total de las ediciones celebradas y evaluadas. Dichos seminarios contaron con la participaci\u00f3n de un total de 1129 estudiantes en una edici\u00f3n extraordinaria a causa de la persistencia de la pandemia. Extraordinarios tambi\u00e9n, en la presente edici\u00f3n, los resultados derivados de las encuestas al ser la primera vez que se incorporaba la modalidad online a los seminarios, junto a la presencial.<\/p>\n","protected":false},"author":6,"featured_media":30869437,"comment_status":"closed","ping_status":"open","sticky":false,"template":"","format":"standard","meta":{"_monsterinsights_skip_tracking":false,"_monsterinsights_sitenote_active":false,"_monsterinsights_sitenote_note":"","_monsterinsights_sitenote_category":0,"footnotes":""},"categories":[6],"tags":[5325,1608,22,5057,2474,519,1996],"class_list":["post-30869435","post","type-post","status-publish","format-standard","has-post-thumbnail","hentry","category-institucional","tag-ayuntamiento-de-carmona","tag-casa-palacio-de-los-briones","tag-cursos-de-verano","tag-formacion-continua","tag-fundacion-universidad-pablo-de-olavide","tag-olavide-en-carmona","tag-seminarios"],"_links":{"self":[{"href":"https:\/\/www.upo.es\/diario\/wp-json\/wp\/v2\/posts\/30869435","targetHints":{"allow":["GET"]}}],"collection":[{"href":"https:\/\/www.upo.es\/diario\/wp-json\/wp\/v2\/posts"}],"about":[{"href":"https:\/\/www.upo.es\/diario\/wp-json\/wp\/v2\/types\/post"}],"author":[{"embeddable":true,"href":"https:\/\/www.upo.es\/diario\/wp-json\/wp\/v2\/users\/6"}],"replies":[{"embeddable":true,"href":"https:\/\/www.upo.es\/diario\/wp-json\/wp\/v2\/comments?post=30869435"}],"version-history":[{"count":2,"href":"https:\/\/www.upo.es\/diario\/wp-json\/wp\/v2\/posts\/30869435\/revisions"}],"predecessor-version":[{"id":30869438,"href":"https:\/\/www.upo.es\/diario\/wp-json\/wp\/v2\/posts\/30869435\/revisions\/30869438"}],"wp:featuredmedia":[{"embeddable":true,"href":"https:\/\/www.upo.es\/diario\/wp-json\/wp\/v2\/media\/30869437"}],"wp:attachment":[{"href":"https:\/\/www.upo.es\/diario\/wp-json\/wp\/v2\/media?parent=30869435"}],"wp:term":[{"taxonomy":"category","embeddable":true,"href":"https:\/\/www.upo.es\/diario\/wp-json\/wp\/v2\/categories?post=30869435"},{"taxonomy":"post_tag","embeddable":true,"href":"https:\/\/www.upo.es\/diario\/wp-json\/wp\/v2\/tags?post=30869435"}],"curies":[{"name":"wp","href":"https:\/\/api.w.org\/{rel}","templated":true}]}}