{"id":30869554,"date":"2021-11-17T12:00:00","date_gmt":"2021-11-17T11:00:00","guid":{"rendered":"https:\/\/www.upo.es\/diario\/?p=30869554"},"modified":"2021-11-19T16:45:46","modified_gmt":"2021-11-19T15:45:46","slug":"la-facultad-de-humanidades-de-la-upo-celebra-el-dia-mundial-de-la-filosofia","status":"publish","type":"post","link":"https:\/\/www.upo.es\/diario\/comunidad\/2021\/11\/la-facultad-de-humanidades-de-la-upo-celebra-el-dia-mundial-de-la-filosofia\/","title":{"rendered":"La Facultad de Humanidades de la UPO celebra el D\u00eda Mundial de la Filosof\u00eda"},"content":{"rendered":"<figure id=\"attachment_30869573\" aria-describedby=\"caption-attachment-30869573\" style=\"width: 750px\" class=\"wp-caption aligncenter\"><a href=\"https:\/\/www.upo.es\/diario\/wp-content\/uploads\/2021\/11\/DiaFilosofia4.jpg\"><img loading=\"lazy\" decoding=\"async\" class=\"wp-image-30869573 size-large\" src=\"https:\/\/www.upo.es\/diario\/wp-content\/uploads\/2021\/11\/DiaFilosofia4-750x524.jpg\" alt=\"\" width=\"750\" height=\"524\" srcset=\"https:\/\/www.upo.es\/diario\/wp-content\/uploads\/2021\/11\/DiaFilosofia4-750x524.jpg 750w, https:\/\/www.upo.es\/diario\/wp-content\/uploads\/2021\/11\/DiaFilosofia4-360x251.jpg 360w, https:\/\/www.upo.es\/diario\/wp-content\/uploads\/2021\/11\/DiaFilosofia4-768x536.jpg 768w, https:\/\/www.upo.es\/diario\/wp-content\/uploads\/2021\/11\/DiaFilosofia4-1536x1072.jpg 1536w, https:\/\/www.upo.es\/diario\/wp-content\/uploads\/2021\/11\/DiaFilosofia4-2048x1430.jpg 2048w, https:\/\/www.upo.es\/diario\/wp-content\/uploads\/2021\/11\/DiaFilosofia4-1320x921.jpg 1320w\" sizes=\"auto, (max-width: 750px) 100vw, 750px\" \/><\/a><figcaption id=\"caption-attachment-30869573\" class=\"wp-caption-text\">El alumnado de la asignatura \u2018G\u00e9nero y cr\u00edtica de las ideolog\u00edas\u2019\u00a0 junto con la decana Rosario Moreno, la profesora\u00a0 Marian P\u00e9rez e Inmaculada Murcia<\/figcaption><\/figure>\n<p>La <strong>Facultad de Humanidades de la Universidad Pablo de Olavide<\/strong> celebra hoy jueves <strong>18 de noviembre<\/strong> el <strong>D\u00eda Mundial de la Filosof\u00eda<\/strong>, efem\u00e9ride promovido por la UNESCO para conmemorar la importancia de la reflexi\u00f3n filos\u00f3fica y animar a las personas de todo el mundo a compartir sus herencias filos\u00f3ficas.<\/p>\n<p>Con este motivo, se ha impartido la <strong>conferencia \u2018Mar\u00eda Zambrano y los dos modos del pensar filos\u00f3fico\u2019<\/strong> por la profesora de la Facultad de Filosof\u00eda de la Universidad de Sevilla, Inmaculada Murcia Serrano. Asimismo, el alumnado de la asignatura de <strong>\u2018G\u00e9nero y cr\u00edtica de las ideolog\u00edas\u2019<\/strong> de la Facultad de Humanidades ha realizado un total de <strong>46<\/strong> <strong>carteles y 44 v\u00eddeos con la lectura de fragmentos de obras de fil\u00f3sofas actuales<\/strong> como Sara Ahmed, Celia Amor\u00f3s, \u00c1ngela Davis entre otras. Los carteles se pueden ver en una exposici\u00f3n virtual divulgativa a trav\u00e9s de la <a href=\"https:\/\/www.upo.es\/biblioteca\/servicios\/inst_equip\/area_expo\/expovirtuales\/diafilosofia\/diafilosofia\/index.html\">web de la Biblioteca de la UPO<\/a> y los v\u00eddeos en las redes sociales de este centro y en el <a href=\"https:\/\/upotv.upo.es\/series\/6188ccaaabe3c6a85d8b4569?page=1\">canal UPOtv<\/a>.<\/p>\n<figure id=\"attachment_30869572\" aria-describedby=\"caption-attachment-30869572\" style=\"width: 240px\" class=\"wp-caption alignright\"><a href=\"https:\/\/www.upo.es\/diario\/wp-content\/uploads\/2021\/11\/DFilosofia_Espinosa_Yuderkis.png\"><img loading=\"lazy\" decoding=\"async\" class=\"wp-image-30869572 size-medium\" src=\"https:\/\/www.upo.es\/diario\/wp-content\/uploads\/2021\/11\/DFilosofia_Espinosa_Yuderkis-240x360.png\" alt=\"\" width=\"240\" height=\"360\" srcset=\"https:\/\/www.upo.es\/diario\/wp-content\/uploads\/2021\/11\/DFilosofia_Espinosa_Yuderkis-240x360.png 240w, https:\/\/www.upo.es\/diario\/wp-content\/uploads\/2021\/11\/DFilosofia_Espinosa_Yuderkis-500x750.png 500w, https:\/\/www.upo.es\/diario\/wp-content\/uploads\/2021\/11\/DFilosofia_Espinosa_Yuderkis-768x1153.png 768w, https:\/\/www.upo.es\/diario\/wp-content\/uploads\/2021\/11\/DFilosofia_Espinosa_Yuderkis.png 998w\" sizes=\"auto, (max-width: 240px) 100vw, 240px\" \/><\/a><figcaption id=\"caption-attachment-30869572\" class=\"wp-caption-text\">Cartel ganador de Salom\u00e9 Lim\u00f3n<\/figcaption><\/figure>\n<p>En este sentido, los materiales elaborados han formado parte de <strong>un concurso para elegir el mejor cartel y video divulgativo de fil\u00f3sofas contempor\u00e1neas<\/strong>. Los estudiantes ganadores han sido <strong>Salom\u00e9 Lim\u00f3n Fern\u00e1ndez<\/strong> por su cartel sobre la fil\u00f3sofa Yuderkys Espinosa y <strong>Javier Bull\u00f3n<\/strong> <strong>Torralba<\/strong> por su v\u00eddeo sobre Donna Haraway, que han recibido vale de 100 euros para invertir en libros.<\/p>\n<p>La asignatura \u2018G\u00e9nero y Cr\u00edtica de las ideolog\u00edas\u2019 se imparte en el Grado en Humanidades y en el Doble Grado en Humanidades y Traducci\u00f3n e Interpretaci\u00f3n por Marian P\u00e9rez Bernal profesora del Departamento de Geograf\u00eda, Historia y Filosof\u00eda.<\/p>\n<p>Videos en redes sociales de la Facultad de Humanidades:<\/p>\n<p>Twitter: <a href=\"https:\/\/twitter.com\/f_humanidades\">https:\/\/twitter.com\/f_humanidades<\/a><\/p>\n<p>Facebook: <a href=\"https:\/\/www.facebook.com\/fhumupo\">https:\/\/www.facebook.com\/fhumupo<\/a><\/p>\n<p>Instagram: <a href=\"https:\/\/www.instagram.com\/facultadhumanidadesupo\/\">https:\/\/www.instagram.com\/facultadhumanidadesupo\/<\/a><\/p>\n<p><strong>V\u00eddeo ganador de Javier Bull\u00f3n<\/strong><\/p>\n<p><iframe loading=\"lazy\" id=\"pumukitiframe\" src=\"https:\/\/upotv.upo.es\/iframe\/6188cec8abe3c6225e8b45a7\" width=\"560\" height=\"315\" frameborder=\"0\" allowfullscreen=\"allowfullscreen\"><\/iframe><\/p>\n","protected":false},"excerpt":{"rendered":"<p>La Facultad de Humanidades de la Universidad Pablo de Olavide celebra el D\u00eda Mundial de la Filosof\u00eda, efem\u00e9ride promovido por la UNESCO para conmemorar la importancia de la reflexi\u00f3n filos\u00f3fica y animar a las personas de todo el mundo a compartir sus herencias filos\u00f3ficas.<\/p>\n","protected":false},"author":4,"featured_media":30869573,"comment_status":"closed","ping_status":"open","sticky":false,"template":"","format":"standard","meta":{"_monsterinsights_skip_tracking":false,"_monsterinsights_sitenote_active":false,"_monsterinsights_sitenote_note":"","_monsterinsights_sitenote_category":0,"footnotes":""},"categories":[5842],"tags":[7652,970,21,96,3004,2751],"class_list":["post-30869554","post","type-post","status-publish","format-standard","has-post-thumbnail","hentry","category-comunidad","tag-dia-de-la-filosofia","tag-divulgacion","tag-estudiantes","tag-facultad-de-humanidades","tag-filosofia","tag-videos"],"_links":{"self":[{"href":"https:\/\/www.upo.es\/diario\/wp-json\/wp\/v2\/posts\/30869554","targetHints":{"allow":["GET"]}}],"collection":[{"href":"https:\/\/www.upo.es\/diario\/wp-json\/wp\/v2\/posts"}],"about":[{"href":"https:\/\/www.upo.es\/diario\/wp-json\/wp\/v2\/types\/post"}],"author":[{"embeddable":true,"href":"https:\/\/www.upo.es\/diario\/wp-json\/wp\/v2\/users\/4"}],"replies":[{"embeddable":true,"href":"https:\/\/www.upo.es\/diario\/wp-json\/wp\/v2\/comments?post=30869554"}],"version-history":[{"count":11,"href":"https:\/\/www.upo.es\/diario\/wp-json\/wp\/v2\/posts\/30869554\/revisions"}],"predecessor-version":[{"id":30869601,"href":"https:\/\/www.upo.es\/diario\/wp-json\/wp\/v2\/posts\/30869554\/revisions\/30869601"}],"wp:featuredmedia":[{"embeddable":true,"href":"https:\/\/www.upo.es\/diario\/wp-json\/wp\/v2\/media\/30869573"}],"wp:attachment":[{"href":"https:\/\/www.upo.es\/diario\/wp-json\/wp\/v2\/media?parent=30869554"}],"wp:term":[{"taxonomy":"category","embeddable":true,"href":"https:\/\/www.upo.es\/diario\/wp-json\/wp\/v2\/categories?post=30869554"},{"taxonomy":"post_tag","embeddable":true,"href":"https:\/\/www.upo.es\/diario\/wp-json\/wp\/v2\/tags?post=30869554"}],"curies":[{"name":"wp","href":"https:\/\/api.w.org\/{rel}","templated":true}]}}