{"id":30869560,"date":"2021-11-17T15:17:20","date_gmt":"2021-11-17T14:17:20","guid":{"rendered":"https:\/\/www.upo.es\/diario\/?p=30869560"},"modified":"2021-11-19T16:45:44","modified_gmt":"2021-11-19T15:45:44","slug":"la-upo-pone-en-marcha-un-titulo-sobre-audiodescripcion-en-eventos-deportivos","status":"publish","type":"post","link":"https:\/\/www.upo.es\/diario\/institucional\/2021\/11\/la-upo-pone-en-marcha-un-titulo-sobre-audiodescripcion-en-eventos-deportivos\/","title":{"rendered":"La UPO pone en marcha un t\u00edtulo sobre audiodescripci\u00f3n en eventos deportivos"},"content":{"rendered":"<p><a href=\"https:\/\/www.upo.es\/diario\/wp-content\/uploads\/2021\/11\/Convenio-Sevlla-BetisCocemfe-UPO-scaled.jpg\"><img loading=\"lazy\" decoding=\"async\" class=\"aligncenter wp-image-30869562 size-large\" src=\"https:\/\/www.upo.es\/diario\/wp-content\/uploads\/2021\/11\/Convenio-Sevlla-BetisCocemfe-UPO-750x500.jpg\" alt=\"\" width=\"750\" height=\"500\" srcset=\"https:\/\/www.upo.es\/diario\/wp-content\/uploads\/2021\/11\/Convenio-Sevlla-BetisCocemfe-UPO-750x500.jpg 750w, https:\/\/www.upo.es\/diario\/wp-content\/uploads\/2021\/11\/Convenio-Sevlla-BetisCocemfe-UPO-360x240.jpg 360w, https:\/\/www.upo.es\/diario\/wp-content\/uploads\/2021\/11\/Convenio-Sevlla-BetisCocemfe-UPO-768x512.jpg 768w, https:\/\/www.upo.es\/diario\/wp-content\/uploads\/2021\/11\/Convenio-Sevlla-BetisCocemfe-UPO-1536x1024.jpg 1536w, https:\/\/www.upo.es\/diario\/wp-content\/uploads\/2021\/11\/Convenio-Sevlla-BetisCocemfe-UPO-2048x1365.jpg 2048w\" sizes=\"auto, (max-width: 750px) 100vw, 750px\" \/><\/a>El rectorado de la <strong>Universidad Pablo de Olavide<\/strong> ha acogido hoy la firma del convenio de colaboraci\u00f3n entre la Universidad, <strong>COCEMFE Sevilla<\/strong> (Federaci\u00f3n Provincial de Asociaciones de Personas con discapacidad F\u00edsica y Org\u00e1nica de Sevilla), la <strong>Fundaci\u00f3n Real Betis Balompi\u00e9<\/strong> y la <strong>Fundaci\u00f3n Sevilla F.C<\/strong> para la impartici\u00f3n del <strong>t\u00edtulo propio \u2018Audiodescripci\u00f3n en eventos deportivos. I Edici\u00f3n\u2019<\/strong>.<\/p>\n<p>Se trata de un t\u00edtulo propio de la UPO, gestionado a trav\u00e9s de su Fundaci\u00f3n, que<strong> se impartir\u00e1 del 30 de noviembre al 28 de abril de manera <em>online<\/em><\/strong> y con el que sus estudiantes podr\u00e1n adquirir los conocimientos necesarios para llevar a cabo una labor social como es el hacer accesibles los entornos deportivos a las personas con alg\u00fan tipo de discapacidad visual.<\/p>\n<p>Al acto han acudido por parte de la Universidad, la vicerrectora de Relaciones Institucionales y Fundaciones, <strong>Laura L\u00f3pez<\/strong>; la directora acad\u00e9mica de Integraci\u00f3n y Diversidad Fundacional, <strong>Mar\u00eda Jos\u00e9 Parejo<\/strong>; y la decana de la Facultad de Humanidades, <strong>Rosario Moreno<\/strong>. As\u00ed como, por parte de la comisi\u00f3n acad\u00e9mica del t\u00edtulo, las directoras <strong>Ana Medina y Nuria Ponce<\/strong>; la responsable de calidad del mismo, Patricia Balaguer; y el director ejecutivo y presidente de COCEMFE Sevilla, <strong>Juan Jos\u00e9 Lara<\/strong>.<\/p>\n<p>Por parte de las entidades deportivas, de la Fundaci\u00f3n del Real Betis han estado presentes en la firma de este convenio el presidente, <strong>Rafael Gordillo y Pilar Castillo<\/strong>; y por parte de la Fundaci\u00f3n del Sevilla F.C, <strong>Luis Castro y Antonio \u00c1lvarez<\/strong>.<\/p>\n<p>Durante el acto, COCEMFE Sevilla, en palabras de su presidente, ha destacado \u201cel apoyo de ambos clubes y su uni\u00f3n para impulsar este proyecto y ponerse en favor de la lucha por la igualdad entre personas con discapacidad al impulsar la audiodescripci\u00f3n en el deporte para muchas personas que lo necesitan\u201d.<\/p>\n<p>Por parte de la Fundaci\u00f3n del Sevilla F.C ha intervenido Luis Castro poniendo de manifiesto que \u201cen los \u00faltimos a\u00f1os se ha trabajado mucho para reducir las barreras arquitect\u00f3nicas para poder acceder al deporte, pero a\u00fan hay personas que se quedan fuera. Por eso hay que trabajar para que todas las personas con discapacidad, incluidas aquellas con deficiencia visual, puedan disfrutar de sus equipos\u201d. A su vez, ha agradecido el soporte acad\u00e9mico que da la universidad para hacer realidad este proyecto que supone el primer paso de un proyecto a\u00fan m\u00e1s grande.<\/p>\n<p>Desde la Fundaci\u00f3n del Real Betis Balompi\u00e9 se ha destacado que es una iniciativa en la que la entidad verdiblanca lleva trabajando mucho tiempo. \u201cEstamos muy contentos de que se haya hecho realidad. Este proyecto significa un paso muy importante en la accesibilidad e inclusi\u00f3n de nuestros aficionados. El f\u00fatbol es uno de los deportes con m\u00e1s seguidores del mundo y con este servicio nuestro p\u00fablico con discapacidad visual podr\u00e1 seguir el partido igual que el resto de aficionados y disfrutarlo coment\u00e1ndolo con sus acompa\u00f1antes\u201d, ha asegurado Rafael Gordillo, presidente de la Fundaci\u00f3n del club helipolitano.<\/p>\n<p>Por parte de la Universidad, la vicerrectora de Relaciones Institucionales y Fundaciones, Laura L\u00f3pez ha agradecido a la Facultad de Humanidades y en especial a la directora del t\u00edtulo, Nuria Ponce, la puesta en marcha de un proyecto como este que responde a una necesidad acad\u00e9mica y laboral real, ya que los clubes han recibido directrices y recomendaciones de organismos deportivos como la Eurocopa, la UEFA o la FIFA, para incluir la audiodescripci\u00f3n dentro de los propios estadios.<\/p>\n<p><strong>La cooperaci\u00f3n entre estas cuatro entidades crea una sinergia perfecta para la puesta en marcha de una iniciativa formativa \u00fanica con la que se crear\u00e1 una bolsa de profesionales con gran proyecci\u00f3n de futuro<\/strong> respondiendo, adem\u00e1s, a una demanda social por parte de los colectivos de personas con discapacidad ejerciendo acciones concretas de accesibilidad e inclusi\u00f3n.<\/p>\n<p><strong>El alumnado inscrito podr\u00e1 beneficiarse de una reducci\u00f3n significativa del coste de la matr\u00edcula gracias a las becas aportadas por los clubes de f\u00fatbol<\/strong>. El t\u00edtulo cuenta tambi\u00e9n con un periodo de pr\u00e1cticas formativas externas que est\u00e1n dise\u00f1adas con el objetivo de que el alumnado vaya adquiriendo de forma progresiva unas destrezas que culminar\u00e1n en una formaci\u00f3n profesional espec\u00edfica en el \u00e1mbito de la audiodescripci\u00f3n.<\/p>\n<p>Podr\u00e1n acceder a este t\u00edtulo personas con grados acad\u00e9micos o licenciaturas de corte ling\u00fc\u00edstico como filolog\u00edas, traducci\u00f3n e interpretaci\u00f3n o comunicaci\u00f3n, que obtendr\u00e1n al finalizarlo el t\u00edtulo de <strong>Certificado Universitario en Audiodescripci\u00f3n en eventos deportivos<\/strong>; o personas con experiencia profesional en la tem\u00e1tica sin estar en posesi\u00f3n de t\u00edtulo acad\u00e9mico, obteniendo al finalizar el mismo el t\u00edtulo de Certificado de Extensi\u00f3n Universitaria.<\/p>\n<p>El programa formativo cuenta con cinco m\u00f3dulos: Accesibilidad e inclusi\u00f3n, Audiodescripci\u00f3n, Aproximaci\u00f3n documental al \u00e1mbito deportivo. El mundo del f\u00fatbol, La audiodescripci\u00f3n dentro del mundo deportivo. El mundo del f\u00fatbol y Pr\u00e1cticas. \u00a0Este curso pretende ser el germen de t\u00edtulos de mayor entidad, duraci\u00f3n y carga crediticia, en los que se abarque la audiodescripci\u00f3n en todo tipo de deportes, as\u00ed como en otro tipo de eventos.<\/p>\n<p>M\u00e1s informaci\u00f3n: <a href=\"https:\/\/www.upo.es\/postgrado\/Certificado-Universitario-en-Audiodescripcion-en-eventos-deportivos\/#datos-generales\">Audiodescripci\u00f3n en eventos deportivos, I Edici\u00f3n<\/a><\/p>\n<p>&nbsp;<\/p>\n","protected":false},"excerpt":{"rendered":"<p>El rectorado de la Universidad Pablo de Olavide ha acogido hoy la firma del convenio de colaboraci\u00f3n entre la Universidad, COCEMFE Sevilla (Federaci\u00f3n Provincial de Asociaciones de Personas con discapacidad F\u00edsica y Org\u00e1nica de Sevilla), la Fundaci\u00f3n Real Betis Balompi\u00e9 y la Fundaci\u00f3n Sevilla F.C para la impartici\u00f3n del t\u00edtulo propio \u2018Audiodescripci\u00f3n en eventos deportivos. I Edici\u00f3n\u2019.<\/p>\n","protected":false},"author":6,"featured_media":30869562,"comment_status":"closed","ping_status":"open","sticky":false,"template":"","format":"standard","meta":{"_monsterinsights_skip_tracking":false,"_monsterinsights_sitenote_active":false,"_monsterinsights_sitenote_note":"","_monsterinsights_sitenote_category":0,"footnotes":""},"categories":[6],"tags":[448,231,1210,2355,609,503,2474,82,5477,6123,1320],"class_list":["post-30869560","post","type-post","status-publish","format-standard","has-post-thumbnail","hentry","category-institucional","tag-accesibilidad","tag-deportes-2","tag-discapacidad","tag-diversidad-funcional","tag-especializacion","tag-fundacion","tag-fundacion-universidad-pablo-de-olavide","tag-postgrado","tag-real-betis-balompie","tag-sevilla-fc","tag-titulos-propios"],"_links":{"self":[{"href":"https:\/\/www.upo.es\/diario\/wp-json\/wp\/v2\/posts\/30869560","targetHints":{"allow":["GET"]}}],"collection":[{"href":"https:\/\/www.upo.es\/diario\/wp-json\/wp\/v2\/posts"}],"about":[{"href":"https:\/\/www.upo.es\/diario\/wp-json\/wp\/v2\/types\/post"}],"author":[{"embeddable":true,"href":"https:\/\/www.upo.es\/diario\/wp-json\/wp\/v2\/users\/6"}],"replies":[{"embeddable":true,"href":"https:\/\/www.upo.es\/diario\/wp-json\/wp\/v2\/comments?post=30869560"}],"version-history":[{"count":2,"href":"https:\/\/www.upo.es\/diario\/wp-json\/wp\/v2\/posts\/30869560\/revisions"}],"predecessor-version":[{"id":30869563,"href":"https:\/\/www.upo.es\/diario\/wp-json\/wp\/v2\/posts\/30869560\/revisions\/30869563"}],"wp:featuredmedia":[{"embeddable":true,"href":"https:\/\/www.upo.es\/diario\/wp-json\/wp\/v2\/media\/30869562"}],"wp:attachment":[{"href":"https:\/\/www.upo.es\/diario\/wp-json\/wp\/v2\/media?parent=30869560"}],"wp:term":[{"taxonomy":"category","embeddable":true,"href":"https:\/\/www.upo.es\/diario\/wp-json\/wp\/v2\/categories?post=30869560"},{"taxonomy":"post_tag","embeddable":true,"href":"https:\/\/www.upo.es\/diario\/wp-json\/wp\/v2\/tags?post=30869560"}],"curies":[{"name":"wp","href":"https:\/\/api.w.org\/{rel}","templated":true}]}}