{"id":30869578,"date":"2021-11-18T15:14:31","date_gmt":"2021-11-18T14:14:31","guid":{"rendered":"https:\/\/www.upo.es\/diario\/?p=30869578"},"modified":"2021-11-22T17:31:21","modified_gmt":"2021-11-22T16:31:21","slug":"mas-de-un-centenar-de-profesores-y-profesoras-de-universidades-de-toda-espana-acompanan-al-profesor-ramon-valle-en-su-ultima-lectio","status":"publish","type":"post","link":"https:\/\/www.upo.es\/diario\/comunidad\/2021\/11\/mas-de-un-centenar-de-profesores-y-profesoras-de-universidades-de-toda-espana-acompanan-al-profesor-ramon-valle-en-su-ultima-lectio\/","title":{"rendered":"M\u00e1s de un centenar de profesores y profesoras de universidades de toda Espa\u00f1a acompa\u00f1an al profesor Ram\u00f3n Valle en su ultima lectio"},"content":{"rendered":"<p><a title=\"Ultima lectio del profesor Ram\u00f3n Valle\" href=\"https:\/\/www.flickr.com\/photos\/pablodeolavide\/albums\/72157720207124280\" data-flickr-embed=\"true\"><img loading=\"lazy\" decoding=\"async\" src=\"https:\/\/live.staticflickr.com\/65535\/51689494835_a3341aff96_z.jpg\" alt=\"Ultima lectio del profesor Ram\u00f3n Valle\" width=\"640\" height=\"480\" \/><\/a><script async src=\"\/\/embedr.flickr.com\/assets\/client-code.js\" charset=\"utf-8\"><\/script><\/p>\n<p>El catedr\u00e1tico de Organizaci\u00f3n de Empresas de la Universidad Pablo de Olavide <strong>Ram\u00f3n Valle Cabrera<\/strong> ha pronunciado en la ma\u00f1ana de hoy jueves su <strong><em>ultima lectio<\/em><\/strong> en un emotivo acto en el que ha estado acompa\u00f1ado por m\u00e1s de un centenar de profesores y profesoras procedentes de universidades de toda Espa\u00f1a, compa\u00f1eros y compa\u00f1eras, estudiantes y familiares.<\/p>\n<p>Referente en la comunidad cient\u00edfica, el profesor Valle Cabrera termina as\u00ed su etapa docente con la ponencia <strong>\u2018Caminando con los recursos humanos\u2019<\/strong> en un acto promovido desde la <strong>Facultad de Ciencias Empresariales<\/strong> y el <strong>Departamento de Organizaci\u00f3n de Empresas y Marketing<\/strong>, que ha sido presidido por el <strong>rector de la UPO Francisco Oliva Bl\u00e1zquez<\/strong>.<\/p>\n<p><a href=\"https:\/\/www.upo.es\/diario\/wp-content\/uploads\/2021\/11\/UltimaLectio-RamonValle-3-scaled.jpg\"><img loading=\"lazy\" decoding=\"async\" class=\"alignright size-medium wp-image-30869583\" src=\"https:\/\/www.upo.es\/diario\/wp-content\/uploads\/2021\/11\/UltimaLectio-RamonValle-3-360x240.jpg\" alt=\"\" width=\"360\" height=\"240\" srcset=\"https:\/\/www.upo.es\/diario\/wp-content\/uploads\/2021\/11\/UltimaLectio-RamonValle-3-360x240.jpg 360w, https:\/\/www.upo.es\/diario\/wp-content\/uploads\/2021\/11\/UltimaLectio-RamonValle-3-750x500.jpg 750w, https:\/\/www.upo.es\/diario\/wp-content\/uploads\/2021\/11\/UltimaLectio-RamonValle-3-768x512.jpg 768w, https:\/\/www.upo.es\/diario\/wp-content\/uploads\/2021\/11\/UltimaLectio-RamonValle-3-1536x1024.jpg 1536w, https:\/\/www.upo.es\/diario\/wp-content\/uploads\/2021\/11\/UltimaLectio-RamonValle-3-2048x1365.jpg 2048w\" sizes=\"auto, (max-width: 360px) 100vw, 360px\" \/><\/a>\u201cEs una inmensa alegr\u00eda ver esta sala llena de personas que han acompa\u00f1ado al profesor Valle a lo largo de su vida\u201d, ha declarado <strong>el rector<\/strong> en su intervenci\u00f3n, quien ha manifestado que \u201choy es un d\u00eda para mostrar satisfacci\u00f3n y orgullo por la carrera del profesor Valle\u201d. El rector ha destacado c\u00f3mo Ram\u00f3n Valle es referente en la Universidad principalmente en tres \u00e1mbitos: acad\u00e9mico, \u201cprincipalmente al dejar su legado a sus disc\u00edpulos, a los que les ha transmitido conocimiento e inspiraci\u00f3n para tener una carrera profesional y construir una sociedad mejor\u201d; en su propio departamento, \u201ccon el deseo de siempre ofrecer su ayuda a sus compa\u00f1eros y compa\u00f1eras\u201d; y en la construcci\u00f3n de esta universidad, \u201cpor y para la que ha trabajado desde sus comienzos\u201d.<\/p>\n<p>\u201cAnte todo, una Universidad la hacen las personas que la componen y, cuando son personas de la talla intelectual, profesional y personal de Ram\u00f3n Valle, \u00e9sta es una Universidad de excelencia\u201d, ha asegurado Francisco Oliva, quien ha terminado su intervenci\u00f3n dedicando unas palabras de agradecimiento al homenajeado. \u201cGracias por tu trabajo, tu trayectoria acad\u00e9mica, por haber sido una gu\u00eda y referencia muy importante en esta instituci\u00f3n y por dedicar tantas horas a esta noble profesi\u00f3n de ense\u00f1ar, de investigar y, en definitiva, de mejorar nuestra sociedad. Gracias por tu entrega a esta Universidad, por todo lo que has aportado a lo largo de estos a\u00f1os y por todo lo que estoy seguro seguir\u00e1s aportando\u201d.<\/p>\n<p><a href=\"https:\/\/www.upo.es\/diario\/wp-content\/uploads\/2021\/11\/UltimaLectio-RamonValle-1-scaled.jpg\"><img loading=\"lazy\" decoding=\"async\" class=\"alignleft size-medium wp-image-30869581\" src=\"https:\/\/www.upo.es\/diario\/wp-content\/uploads\/2021\/11\/UltimaLectio-RamonValle-1-360x203.jpg\" alt=\"\" width=\"360\" height=\"203\" srcset=\"https:\/\/www.upo.es\/diario\/wp-content\/uploads\/2021\/11\/UltimaLectio-RamonValle-1-360x203.jpg 360w, https:\/\/www.upo.es\/diario\/wp-content\/uploads\/2021\/11\/UltimaLectio-RamonValle-1-750x422.jpg 750w, https:\/\/www.upo.es\/diario\/wp-content\/uploads\/2021\/11\/UltimaLectio-RamonValle-1-768x432.jpg 768w, https:\/\/www.upo.es\/diario\/wp-content\/uploads\/2021\/11\/UltimaLectio-RamonValle-1-1536x864.jpg 1536w, https:\/\/www.upo.es\/diario\/wp-content\/uploads\/2021\/11\/UltimaLectio-RamonValle-1-2048x1152.jpg 2048w\" sizes=\"auto, (max-width: 360px) 100vw, 360px\" \/><\/a>Por su parte, la directora del Departamento de Organizaci\u00f3n de Empresas y Marketing<strong> Carmen Cabello Medina <\/strong>ha resaltado c\u00f3mo la trayectoria del profesor Valle en la universidad \u201cha estado dominada por la firme creencia en que, como investigadores, como Departamento y como Universidad pod\u00edamos y deb\u00edamos hacer m\u00e1s y pod\u00edamos y deb\u00edamos hacerlo mejor. Trabajar con \u00e9l ha sido una excelente vacuna contra la mediocridad, la autocomplacencia y el acomodamiento\u00bb.<\/p>\n<p><strong>\u00c1lvaro L\u00f3pez Cabrales<\/strong>, catedr\u00e1tico del \u00c1rea de Organizaci\u00f3n de Empresas y vicedecano de Estudiantes, Estrategia y Calidad de la Facultad de Empresariales, ha resaltado la disponibilidad de Ram\u00f3n Valle para resolver dudas, compartir inquietudes o escuchar las propuestas de estudiantes y compa\u00f1eros. \u201cTodos los que hemos sido sus doctorandos, as\u00ed como el profesorado del departamento, hemos encontrado las puertas del despacho del profesor Valle siempre abiertas\u201d, afirma el profesor L\u00f3pez Cabrales, quien ha destacado el gran n\u00famero de profesores y profesoras que han querido acompa\u00f1ar al homenajeado en su <em>ultima lectio<\/em> \u201cpara agradecerle su generosidad con nosotros y su entrega\u201d.<\/p>\n<p>Por otro lado, el decano de la Facultad de Ciencias Empresariales<strong> Jes\u00fas J. Cambra Fierro<\/strong>, ha resaltado el gran compromiso del profesor Valle \u00abno solo hacia nuestra Facultad, sino a la UPO en general, apostando de manera inequ\u00edvoca por una docencia de calidad, adaptada a los retos y necesidades de nuestro tejido empresarial y de la sociedad en general. Ha sido, y sigue siendo, un claro referente para muchos de los docentes que conformamos la actual Facultad de Ciencias Empresariales\u00bb.<\/p>\n<blockquote><p>\u00abNo he recorrido mi camino en solitario, sois muchos los que me hab\u00e9is acompa\u00f1ado\u00bb<\/p><\/blockquote>\n<h5>Ram\u00f3n Valle<\/h5>\n<p>&nbsp;<\/p>\n<p>En su intervenci\u00f3n, <strong>Ram\u00f3n Valle<\/strong> ha dedicado unas palabras de afecto y agradecimiento a todas las personas que han compartido su vida, tanto personal como profesional, destacando a su mujer, hijos y nietos. Y en su <em>ultima lectio<\/em>, el profesor Valle ha relatado un camino trazado de la mano de los trabajos de investigaci\u00f3n vinculados a los recursos humanos, que ha entrelazado con su trayectoria acad\u00e9mica e investigadora, desde sus inicios en la Universidad de Sevilla, su estancia en la Universidad de C\u00e1diz y su etapa en la Universidad Pablo de Olavide, haciendo menci\u00f3n a numerosos compa\u00f1eros y compa\u00f1eras: \u201cno he recorrido mi camino en solitario, sois muchos los que me hab\u00e9is acompa\u00f1ado\u201d. As\u00ed, ha puesto de manifiesto el rigor conceptual de estos trabajos y la importancia de su enfoque estrat\u00e9gico para explicar el comportamiento de las organizaciones ante los restos a los que deben hacer frente: las situaciones de crisis vs. crecimiento, los cambios tecnol\u00f3gicos (digitalizaci\u00f3n e inteligencia artificial) y la sostenibilidad.<\/p>\n<h3><strong>Vida ligada a la universidad<\/strong><\/h3>\n<p>En el trascurso del acto, la profesora Carmen Cabello ha realizado una semblanza del homenajeado, destacando c\u00f3mo su trayectoria acad\u00e9mica, durante m\u00e1s de 40 a\u00f1os tanto en la Universidad de Sevilla, Universidad de C\u00e1diz y en la Universidad Pablo de Olavide, \u201cha estado marcada por una fuerte creencia en la investigaci\u00f3n y la internacionalizaci\u00f3n como palancas que ayudan a hacer una universidad mejor, de ah\u00ed su actividad constante en el liderazgo de proyectos, la formaci\u00f3n de nuevos investigadores, el establecimiento de redes con universidades extranjeras y el impulso a la movilidad del profesorado\u201d.<\/p>\n<p>En la UPO, donde se incorpor\u00f3 en 1998, ha contribuido a la configuraci\u00f3n de los planes de estudio de licenciatura, Grado, Postgrado y Programa de Doctorado en el \u00e1mbito de Empresa, coordin\u00f3 la creaci\u00f3n del primer Departamento de Empresa y ha sido responsable de la consolidaci\u00f3n del Departamento de Organizaci\u00f3n de Empresas y Marketing, ha participado en diversos \u00f3rganos de gesti\u00f3n y gobierno de la Universidad, y ha contribuido notablemente a la proyecci\u00f3n exterior de la UPO, mediante su activa participaci\u00f3n en asociaciones cient\u00edficas y la organizaci\u00f3n de conferencias de \u00e1mbito nacional e internacional.<\/p>\n<p>Natural de M\u00e1laga, Ram\u00f3n Valle Cabrera naci\u00f3 en el a\u00f1o 1951. Catedr\u00e1tico de Organizaci\u00f3n de Empresas, se doctor\u00f3 en la Universidad de Sevilla con la menci\u00f3n de Premio Extraordinario en su promoci\u00f3n. Ha sido profesor y director de departamento en las Universidades de Sevilla, la Universidad de C\u00e1diz y la Universidad Pablo de Olavide, Decano de la Facultad de Ciencias Econ\u00f3micas y Empresariales de la Universidad de C\u00e1diz y director de la Oficina del Plan Estrat\u00e9gico de la Universidad Pablo de Olavide, ha realizado estancias en universidades extranjeras como <em>Institut d\u2019Administration des Entreprises<\/em> (Universidad Pante\u00f3n-Sorbone, Francia) o <em>Arizona State University<\/em> (EEUU).<\/p>\n<p>A lo largo de su carrera, ha publicado m\u00e1s de un centenar de art\u00edculos, libros y cap\u00edtulos de libros, ha dirigido m\u00e1s de 20 tesis doctorales y ha liderado una gran cantidad de proyectos de investigaci\u00f3n y contratos.<\/p>\n","protected":false},"excerpt":{"rendered":"<p>El catedr\u00e1tico de Organizaci\u00f3n de Empresas de la Universidad Pablo de Olavide Ram\u00f3n Valle Cabrera ha pronunciado en la ma\u00f1ana de hoy jueves su ultima lectio en un emotivo acto en el que ha estado acompa\u00f1ado por m\u00e1s de un centenar de profesores y profesoras procedentes de universidades de toda Espa\u00f1a, compa\u00f1eros y compa\u00f1eras, estudiantes y familiares.<\/p>\n","protected":false},"author":2,"featured_media":30869582,"comment_status":"closed","ping_status":"open","sticky":false,"template":"","format":"standard","meta":{"_monsterinsights_skip_tracking":false,"_monsterinsights_sitenote_active":false,"_monsterinsights_sitenote_note":"","_monsterinsights_sitenote_category":0,"footnotes":""},"categories":[5842],"tags":[2584,360,308,3323,7653,1279,6222],"class_list":["post-30869578","post","type-post","status-publish","format-standard","has-post-thumbnail","hentry","category-comunidad","tag-departamento-de-organizacion-de-empresas-y-marketing","tag-facultad-de-ciencias-empresariales","tag-homenaje","tag-jubilacion","tag-ramon-valle","tag-recursos-humanos","tag-ultima-lectio"],"_links":{"self":[{"href":"https:\/\/www.upo.es\/diario\/wp-json\/wp\/v2\/posts\/30869578","targetHints":{"allow":["GET"]}}],"collection":[{"href":"https:\/\/www.upo.es\/diario\/wp-json\/wp\/v2\/posts"}],"about":[{"href":"https:\/\/www.upo.es\/diario\/wp-json\/wp\/v2\/types\/post"}],"author":[{"embeddable":true,"href":"https:\/\/www.upo.es\/diario\/wp-json\/wp\/v2\/users\/2"}],"replies":[{"embeddable":true,"href":"https:\/\/www.upo.es\/diario\/wp-json\/wp\/v2\/comments?post=30869578"}],"version-history":[{"count":7,"href":"https:\/\/www.upo.es\/diario\/wp-json\/wp\/v2\/posts\/30869578\/revisions"}],"predecessor-version":[{"id":30869598,"href":"https:\/\/www.upo.es\/diario\/wp-json\/wp\/v2\/posts\/30869578\/revisions\/30869598"}],"wp:featuredmedia":[{"embeddable":true,"href":"https:\/\/www.upo.es\/diario\/wp-json\/wp\/v2\/media\/30869582"}],"wp:attachment":[{"href":"https:\/\/www.upo.es\/diario\/wp-json\/wp\/v2\/media?parent=30869578"}],"wp:term":[{"taxonomy":"category","embeddable":true,"href":"https:\/\/www.upo.es\/diario\/wp-json\/wp\/v2\/categories?post=30869578"},{"taxonomy":"post_tag","embeddable":true,"href":"https:\/\/www.upo.es\/diario\/wp-json\/wp\/v2\/tags?post=30869578"}],"curies":[{"name":"wp","href":"https:\/\/api.w.org\/{rel}","templated":true}]}}