{"id":30869645,"date":"2021-11-19T08:21:46","date_gmt":"2021-11-19T07:21:46","guid":{"rendered":"https:\/\/www.upo.es\/diario\/?p=30869645"},"modified":"2021-11-19T14:23:05","modified_gmt":"2021-11-19T13:23:05","slug":"olas-de-contagios-y-tercera-dosis-hay-alguna-relacion-logica","status":"publish","type":"post","link":"https:\/\/www.upo.es\/diario\/theconversation\/2021\/11\/olas-de-contagios-y-tercera-dosis-hay-alguna-relacion-logica\/","title":{"rendered":"Olas de contagios y tercera dosis: \u00bfhay alguna relaci\u00f3n\u00a0l\u00f3gica?"},"content":{"rendered":"<p><a href=\"https:\/\/www.upo.es\/diario\/wp-content\/uploads\/2021\/11\/the-conversation_20211119.jpg\"><img loading=\"lazy\" decoding=\"async\" class=\"aligncenter size-large wp-image-30869647\" src=\"https:\/\/www.upo.es\/diario\/wp-content\/uploads\/2021\/11\/the-conversation_20211119-750x498.jpg\" alt=\"hombre mayor tras recibir una vacuna\" width=\"750\" height=\"498\" srcset=\"https:\/\/www.upo.es\/diario\/wp-content\/uploads\/2021\/11\/the-conversation_20211119-750x498.jpg 750w, https:\/\/www.upo.es\/diario\/wp-content\/uploads\/2021\/11\/the-conversation_20211119-360x239.jpg 360w, https:\/\/www.upo.es\/diario\/wp-content\/uploads\/2021\/11\/the-conversation_20211119-165x109.jpg 165w, https:\/\/www.upo.es\/diario\/wp-content\/uploads\/2021\/11\/the-conversation_20211119.jpg 754w\" sizes=\"auto, (max-width: 750px) 100vw, 750px\" \/><\/a><a href=\"https:\/\/theconversation.com\/profiles\/guillermo-lopez-lluch-1122562\">Guillermo L\u00f3pez Lluch<\/a>, <em><a href=\"https:\/\/theconversation.com\/institutions\/universidad-pablo-de-olavide-1362\">Universidad Pablo de Olavide<\/a><\/em><\/p>\n<p>La edad a la que se est\u00e1 inyectando la tercera dosis de vacuna va bajando. El presidente del Gobierno de Espa\u00f1a <a href=\"https:\/\/www.lamoncloa.gob.es\/presidente\/intervenciones\/Paginas\/2021\/prsp17112021.aspx\">acaba de anunciar que las personas de entre 60 y 69 a\u00f1os y el personal sanitario recibir\u00e1n la tercera dosis de vacuna<\/a> para frenar la pr\u00f3xima ola y siguientes.<\/p>\n<p>\u00bfEs esta decisi\u00f3n una precauci\u00f3n basada en la evidencia cient\u00edfica o en una percepci\u00f3n err\u00f3nea de c\u00f3mo funciona el sistema inmunitario? Opino m\u00e1s bien lo segundo.<\/p>\n<h3>Anticuerpos y tercera dosis<\/h3>\n<p>Cuando una persona reciba la tercera dosis, ver\u00e1 aumentados sus niveles de anticuerpos. Eso es lo esperable para aquellos que respondieron bien a la segunda dosis y cuyo sistema inmunitario se activ\u00f3 a partir de las c\u00e9lulas memoria creadas por la primera dosis.<\/p>\n<p>La segunda dosis origin\u00f3 m\u00e1s linfocitos B memoria (los que producen anticuerpos) y m\u00e1s linfocitos T ayudantes (Th) memoria (los que coordinan toda la respuesta inmunitaria incluida la producci\u00f3n de anticuerpos). Pero tambi\u00e9n, y eso es lo m\u00e1s importante, se generaron m\u00e1s linfocitos T citot\u00f3xicos (Tc) memoria, que son los que aniquilan a las c\u00e9lulas infectadas por el virus.<\/p>\n<p>Obviamente, una tercera dosis de vacuna despertar\u00e1 a todos los linfocitos memoria que reconozcan los ant\u00edgenos generados por la vacuna. En consecuencia, volver\u00e1n a proliferar y a producir c\u00e9lulas efectoras que producir\u00e1n anticuerpos, sustancias reguladoras y linfocitos Tc activados que detectar\u00e1n y eliminar\u00e1n a las c\u00e9lulas infectadas. O al menos es lo previsible en personas que responden bien a las vacunas, que son la mayor\u00eda.<\/p>\n<p>La duda es lo que ocurre en quienes no han respondido bien ni en la primera ni en la segunda dosis. El sistema inmunitario no es como un clavo que se va hundiendo m\u00e1s y m\u00e1s a cada golpe: si no responde a la primera o segunda dosis, lo m\u00e1s seguro es que no responda ni a la tercera ni a la cuarta.<\/p>\n<h3>Eficacia basada en contagios pero no en enfermedad<\/h3>\n<p>Un estudio reciente del <a href=\"http:\/\/www.navarra.es\/home_es\/Gobierno+de+Navarra\/Organigrama\/Los+departamentos\/Salud\/Organigrama\/Estructura+Organica\/Instituto+Navarro+de+Salud+Publica\/Publicaciones\/Publicaciones+profesionales\/Epidemiologia\/InformesVigilanciaEpidemiologia2021.htm\">Instituto de Salud P\u00fablica y Laboral de Navarra<\/a> ha sido esgrimido para demostrar que las vacunas est\u00e1n perdiendo efectividad. Sin embargo, el estudio indica: \u201c<em>La efectividad promedio de la vacunaci\u00f3n completa del COVID-19 en Navarra es del 69% para prevenir casos sintom\u00e1ticos, y del 91% para prevenir ingresos hospitalarios por COVID-19. La efectividad de las vacunas para prevenir todas las infecciones, incluidas las asintom\u00e1ticas, es algo inferior, del 66% con pauta completa<\/em>\u201d.<\/p>\n<p>Deber\u00edamos quedarnos con que <a href=\"https:\/\/theconversation.com\/por-que-se-contagian-las-personas-ya-vacunadas-contra-el-sars-cov-2-160120\">las vacunas previenen de sufrir la enfermedad en su versi\u00f3n grave pero no tanto de los contagios<\/a>.<\/p>\n<p>El mismo organismo ya public\u00f3 <a href=\"https:\/\/www.eurosurveillance.org\/content\/10.2807\/1560-7917.ES.2021.26.21.2100438\">otro estudio en mayo de 2021<\/a>, a los pocos meses de iniciar la vacunaci\u00f3n, en el que ya indicaba que haber sido vacunado con las dos dosis reduc\u00eda la posibilidad de infecci\u00f3n, m\u00e1s la de tener s\u00edntomas y mucho m\u00e1s la de necesitar hospitalizaci\u00f3n. El panorama no ha cambiado pr\u00e1cticamente nada.<\/p>\n<p>Ambos estudios demuestran que la doble pauta sigue siendo efectiva en la prevenci\u00f3n de la enfermedad y los datos de ingresos hospitalarios y de defunciones de la quinta ola recientemente pasada as\u00ed lo corroboran. Por ello, ahora la presi\u00f3n hospitalaria deber\u00eda pasar a ser lo m\u00e1s relevante y no tanto los casos positivos.<\/p>\n<h3>Memoria inmunol\u00f3gica, la clave para protegerse de la infecci\u00f3n<\/h3>\n<p>La defensa inmunol\u00f3gica frente a los virus respiratorios es compleja. Estos virus atacan desde el aire que respiramos. Y su efecto, si lo hay, son los s\u00edntomas que asociamos con un catarro.<\/p>\n<p>Esos s\u00edntomas leves no son m\u00e1s que la respuesta del sistema inmunitario intentando frenar al virus y por eso producimos m\u00e1s mucosidad, sufrimos tos y cierta irritaci\u00f3n o inflamaci\u00f3n local.<\/p>\n<p>En una persona inmunizada por las vacunas la respuesta inmunitaria se produce de igual forma si se enfrenta al virus o a la vacuna. Sin embargo, enfrentarse al virus dar\u00e1 lugar a una respuesta m\u00e1s general y eficaz. Los linfocitos memoria contra los ant\u00edgenos de la vacuna despertar\u00e1n igualmente. Sin embargo, tambi\u00e9n se formar\u00e1n linfocitos memoria contra ant\u00edgenos del virus que no se encuentran en la vacuna, dando lugar a una respuesta inmunitaria m\u00e1s completa y m\u00e1s eficaz.<\/p>\n<p>Un reciente art\u00edculo publicado en <em>Nature<\/em> ha mostrado que <a href=\"https:\/\/www.nature.com\/articles\/s41586-021-04186-8\">la memoria inmunol\u00f3gica de eventos pasados con otros coronavirus ha producido que personas que han estado expuestas al virus no hayan sufrido la enfermedad<\/a>. Ni tan siquiera han presentado carga viral detectable por PCR. Estas personas ten\u00edan linfocitos T memoria contra ant\u00edgenos de prote\u00ednas internas de los coronavirus humanos que son muy similares en todos los virus de este tipo.<\/p>\n<p>Otro estudio ya demostr\u00f3 en 2021 <a href=\"https:\/\/www.thelancet.com\/journals\/ebiom\/article\/PIIS2352-3964(21)00403-5\/fulltext\">la protecci\u00f3n por linfocitos Tc memoria en personas no vacunadas<\/a>. Es decir, estos linfocitos T han hecho que estas personas hayan mantenido a los virus tan a raya que su capacidad de infecci\u00f3n ha sido nula o casi nula pese a no haberse vacunado espec\u00edficamente contra el SARS-CoV-2.<\/p>\n<p>Adem\u00e1s, en una una persona inmunizada, la respuesta contra el virus activa otras respuestas como la liberaci\u00f3n de IgA a la mucosa. De hecho, <a href=\"https:\/\/www.nature.com\/articles\/s41467-021-26507-1\">las vacunas ya generan cierta respuesta en este sentido<\/a>. Esto hace que el virus no se pueda anclar a las c\u00e9lulas de manera eficiente.<\/p>\n<p>De igual forma, los linfocitos Th y Tc generan interfer\u00f3n, que bloquea la proliferaci\u00f3n del virus. Es decir, la suma de la memoria inmunol\u00f3gica y la generaci\u00f3n de c\u00e9lulas especializadas contra todo el virus hace que la inmunidad sea mucho m\u00e1s contundente. Pero aun as\u00ed puede haber contagio y s\u00edntomas leves.<\/p>\n<p>Inyectar e inyectar dosis de vacuna simplemente porque aumentan los casos de contagio sin atender ahora a los s\u00edntomas y a su gravedad es un gran error. Lo efectivo ser\u00eda controlar los casos sintom\u00e1ticos reforzando la atenci\u00f3n primaria. Sobretodo si tenemos en cuenta que nos encontramos en los meses de invierno en los que no solo el SARS-CoV-2 va a dar lugar a enfermedades respiratorias.<\/p>\n<p><a href=\"https:\/\/theconversation.com\/profiles\/guillermo-lopez-lluch-1122562\">Guillermo L\u00f3pez Lluch<\/a>, Catedr\u00e1tico del \u00e1rea de Biolog\u00eda Celular. Investigador asociado del Centro Andaluz de Biolog\u00eda del Desarrollo. Investigador en metabolismo, envejecimiento y sistemas inmunol\u00f3gicos y antioxidantes., <em><a href=\"https:\/\/theconversation.com\/institutions\/universidad-pablo-de-olavide-1362\">Universidad Pablo de Olavide<\/a><\/em><\/p>\n<p>Este art\u00edculo fue publicado originalmente en <a href=\"https:\/\/theconversation.com\">The Conversation<\/a>. Lea el <a href=\"https:\/\/theconversation.com\/olas-de-contagios-y-tercera-dosis-hay-alguna-relacion-logica-172171\">original<\/a>.<\/p>\n<p><img loading=\"lazy\" decoding=\"async\" style=\"border: none !important; box-shadow: none !important; margin: 0 !important; max-height: 1px !important; max-width: 1px !important; min-height: 1px !important; min-width: 1px !important; opacity: 0 !important; outline: none !important; padding: 0 !important; text-shadow: none !important;\" src=\"https:\/\/counter.theconversation.com\/content\/172171\/count.gif?distributor=republish-lightbox-advanced\" alt=\"The Conversation\" width=\"1\" height=\"1\" \/><\/p>\n","protected":false},"excerpt":{"rendered":"<p>La edad a la que se est\u00e1 inyectando la tercera dosis de vacuna va bajando. El presidente del Gobierno de Espa\u00f1a acaba de anunciar que las personas de entre 60 y 69 a\u00f1os y el personal sanitario recibir\u00e1n la tercera dosis de vacuna para frenar la pr\u00f3xima ola y siguientes.<\/p>\n","protected":false},"author":6,"featured_media":30869647,"comment_status":"closed","ping_status":"open","sticky":false,"template":"","format":"standard","meta":{"_monsterinsights_skip_tracking":false,"_monsterinsights_sitenote_active":false,"_monsterinsights_sitenote_note":"","_monsterinsights_sitenote_category":0,"footnotes":""},"categories":[5390],"tags":[6601,7041,218,7364],"class_list":["post-30869645","post","type-post","status-publish","format-standard","has-post-thumbnail","hentry","category-theconversation","tag-covid-19","tag-pandemia","tag-salud","tag-vacunas"],"_links":{"self":[{"href":"https:\/\/www.upo.es\/diario\/wp-json\/wp\/v2\/posts\/30869645","targetHints":{"allow":["GET"]}}],"collection":[{"href":"https:\/\/www.upo.es\/diario\/wp-json\/wp\/v2\/posts"}],"about":[{"href":"https:\/\/www.upo.es\/diario\/wp-json\/wp\/v2\/types\/post"}],"author":[{"embeddable":true,"href":"https:\/\/www.upo.es\/diario\/wp-json\/wp\/v2\/users\/6"}],"replies":[{"embeddable":true,"href":"https:\/\/www.upo.es\/diario\/wp-json\/wp\/v2\/comments?post=30869645"}],"version-history":[{"count":2,"href":"https:\/\/www.upo.es\/diario\/wp-json\/wp\/v2\/posts\/30869645\/revisions"}],"predecessor-version":[{"id":30869648,"href":"https:\/\/www.upo.es\/diario\/wp-json\/wp\/v2\/posts\/30869645\/revisions\/30869648"}],"wp:featuredmedia":[{"embeddable":true,"href":"https:\/\/www.upo.es\/diario\/wp-json\/wp\/v2\/media\/30869647"}],"wp:attachment":[{"href":"https:\/\/www.upo.es\/diario\/wp-json\/wp\/v2\/media?parent=30869645"}],"wp:term":[{"taxonomy":"category","embeddable":true,"href":"https:\/\/www.upo.es\/diario\/wp-json\/wp\/v2\/categories?post=30869645"},{"taxonomy":"post_tag","embeddable":true,"href":"https:\/\/www.upo.es\/diario\/wp-json\/wp\/v2\/tags?post=30869645"}],"curies":[{"name":"wp","href":"https:\/\/api.w.org\/{rel}","templated":true}]}}