{"id":30869655,"date":"2021-11-22T11:14:43","date_gmt":"2021-11-22T10:14:43","guid":{"rendered":"https:\/\/www.upo.es\/diario\/?p=30869655"},"modified":"2021-12-01T15:51:41","modified_gmt":"2021-12-01T14:51:41","slug":"presentacion-del-espacio-internacional-de-innovacion-social-cultural-y-tecnologica-flora-tristan","status":"publish","type":"post","link":"https:\/\/www.upo.es\/diario\/cultura-social\/2021\/11\/presentacion-del-espacio-internacional-de-innovacion-social-cultural-y-tecnologica-flora-tristan\/","title":{"rendered":"Presentaci\u00f3n del Espacio Internacional de Innovaci\u00f3n Social, Cultural y Tecnol\u00f3gica Flora Trist\u00e1n"},"content":{"rendered":"<figure id=\"attachment_30869656\" aria-describedby=\"caption-attachment-30869656\" style=\"width: 750px\" class=\"wp-caption aligncenter\"><a href=\"https:\/\/www.upo.es\/diario\/wp-content\/uploads\/2021\/11\/espacio_innovacion_flora02.jpg\"><img loading=\"lazy\" decoding=\"async\" class=\"size-large wp-image-30869656\" src=\"https:\/\/www.upo.es\/diario\/wp-content\/uploads\/2021\/11\/espacio_innovacion_flora02-750x500.jpg\" alt=\"\" width=\"750\" height=\"500\" srcset=\"https:\/\/www.upo.es\/diario\/wp-content\/uploads\/2021\/11\/espacio_innovacion_flora02-750x500.jpg 750w, https:\/\/www.upo.es\/diario\/wp-content\/uploads\/2021\/11\/espacio_innovacion_flora02-360x240.jpg 360w, https:\/\/www.upo.es\/diario\/wp-content\/uploads\/2021\/11\/espacio_innovacion_flora02-768x512.jpg 768w, https:\/\/www.upo.es\/diario\/wp-content\/uploads\/2021\/11\/espacio_innovacion_flora02-1536x1024.jpg 1536w, https:\/\/www.upo.es\/diario\/wp-content\/uploads\/2021\/11\/espacio_innovacion_flora02-2048x1366.jpg 2048w, https:\/\/www.upo.es\/diario\/wp-content\/uploads\/2021\/11\/espacio_innovacion_flora02-165x109.jpg 165w, https:\/\/www.upo.es\/diario\/wp-content\/uploads\/2021\/11\/espacio_innovacion_flora02-1320x880.jpg 1320w\" sizes=\"auto, (max-width: 750px) 100vw, 750px\" \/><\/a><figcaption id=\"caption-attachment-30869656\" class=\"wp-caption-text\">De izquierda a derecha, Juan Manuel Flores Cordero, David Cobos Sanchiz y Mar\u00eda Luisa G\u00f3mez Casta\u00f1o.<\/figcaption><\/figure>\n<p>&nbsp;<\/p>\n<p>Fruto de la colaboraci\u00f3n entre la Universidad Pablo de Olavide y el Ayuntamiento de Sevilla nace el <strong>Espacio Internacional de Innovaci\u00f3n Social, Cultural y Tecnol\u00f3gica Flora Trist\u00e1n<\/strong>, una iniciativa presentada en la ma\u00f1ana de hoy en el marco de la jornada <strong>\u2018Una nueva mirada al desarrollo local y la innovaci\u00f3n social\u2019<\/strong>.<\/p>\n<p>El acto ha sido inaugurado por <strong>David Cobos Sanchiz<\/strong>, vicerrector de Cultura y Pol\u00edticas Sociales de la UPO; <strong>Juan Manuel Flores Cordero<\/strong>, teniente de alcalde delegado del \u00c1rea de Bienestar Social, Empleo y Planes Integrales de Transformaci\u00f3n Social del Ayuntamiento de Sevilla; y <strong>Mar\u00eda Luisa G\u00f3mez Casta\u00f1o<\/strong>, delegada de Educaci\u00f3n y presidenta de la Junta Municipal del Distrito Sur, \u00c1rea de Igualdad, Educaci\u00f3n, Participaci\u00f3n Ciudadana y Coordinaci\u00f3n de Distritos, del Ayuntamiento de Sevilla.<\/p>\n<p><img loading=\"lazy\" decoding=\"async\" class=\"alignright size-medium wp-image-30869662\" src=\"https:\/\/www.upo.es\/diario\/wp-content\/uploads\/2021\/11\/Esp_InnovacionSocial-360x272.jpg\" alt=\"\" width=\"360\" height=\"272\" srcset=\"https:\/\/www.upo.es\/diario\/wp-content\/uploads\/2021\/11\/Esp_InnovacionSocial-360x272.jpg 360w, https:\/\/www.upo.es\/diario\/wp-content\/uploads\/2021\/11\/Esp_InnovacionSocial-750x566.jpg 750w, https:\/\/www.upo.es\/diario\/wp-content\/uploads\/2021\/11\/Esp_InnovacionSocial-768x579.jpg 768w, https:\/\/www.upo.es\/diario\/wp-content\/uploads\/2021\/11\/Esp_InnovacionSocial-1536x1159.jpg 1536w, https:\/\/www.upo.es\/diario\/wp-content\/uploads\/2021\/11\/Esp_InnovacionSocial-2048x1545.jpg 2048w, https:\/\/www.upo.es\/diario\/wp-content\/uploads\/2021\/11\/Esp_InnovacionSocial-1320x996.jpg 1320w\" sizes=\"auto, (max-width: 360px) 100vw, 360px\" \/>A la misma han asistido tambi\u00e9n <strong>Jos\u00e9 Luis Sarasola<\/strong>, director general de Innovaci\u00f3n Social de la UPO, y <strong>David Pino<\/strong>, director de Innovaci\u00f3n y Econom\u00eda Social del Ayuntamiento de Sevilla, quienes han iniciado los debates con la ponencia \u2018Un viaje por el territorio de la Innovaci\u00f3n Social: \u00e1mbitos y potencialidades\u2019.<\/p>\n<p>Desde el <strong>Vicerrectorado de Cultura y Pol\u00edticas Sociales<\/strong> culmina as\u00ed la primera fase de unos trabajos, emprendidos hace ya casi un a\u00f1o, conducentes a la creaci\u00f3n de este <a href=\"https:\/\/www.upo.es\/diario\/cultura-social\/2021\/01\/la-upo-y-el-ayuntamiento-de-sevilla-refuerzan-sinergias-de-intervencion-en-barrios-con-necesidad-de-transformacion-social\/\">espacio de innovaci\u00f3n en materia social, cultural y tecnol\u00f3gica en compa\u00f1\u00eda del Ayuntamiento de Sevilla<\/a> y de entidades sociales, para lograr una co-gobernanza en distintas \u00e1reas y proyectos futuros, as\u00ed como en otros que ya est\u00e1n en marcha.<\/p>\n<p>Esta iniciativa\u00a0 posibilita as\u00ed un espacio en el Pol\u00edgono Sur de Sevilla y desde la Residencia Flora Trist\u00e1n para consolidar mayores cotas de bienestar social a trav\u00e9s de\u00a0\u00a0 trabajos que permitir\u00e1n la aportaci\u00f3n de voluntarios, ONG y empresas que quieran colaborar en actividades que se programar\u00e1n entre todos y todas, y que fomentar\u00e1n la formaci\u00f3n, el empleo, la econom\u00eda colaborativa, la suficiencia energ\u00e9tica la recuperaci\u00f3n de espacios degradados, junto a una intervenci\u00f3n comunitaria, socioeducativa, docente e investigadora.<\/p>\n<p>La jornada \u2018Una nueva mirada al desarrollo local y la innovaci\u00f3n social\u2019 re\u00fane a lo largo del d\u00eda de hoy a representantes de la administraci\u00f3n y entidades locales y de fomento del emprendimiento, de econom\u00eda social y empresa, docentes de universidades, centros de investigaci\u00f3n, y sindicatos.<\/p>\n","protected":false},"excerpt":{"rendered":"<p>Fruto de la colaboraci\u00f3n entre la Universidad Pablo de Olavide y el Ayuntamiento de Sevilla nace el Espacio Internacional de Innovaci\u00f3n Social, Cultural y Tecnol\u00f3gica Flora Trist\u00e1n, una iniciativa presentada en la ma\u00f1ana de hoy en el marco de la jornada \u2018Una nueva mirada al desarrollo local y la innovaci\u00f3n social\u2019.<\/p>\n","protected":false},"author":2,"featured_media":30869656,"comment_status":"closed","ping_status":"open","sticky":false,"template":"","format":"standard","meta":{"_monsterinsights_skip_tracking":false,"_monsterinsights_sitenote_active":false,"_monsterinsights_sitenote_note":"","_monsterinsights_sitenote_category":0,"footnotes":""},"categories":[5843],"tags":[621,872,7660,5150,2924,7659,3935,357,1064,161,2493,7194],"class_list":["post-30869655","post","type-post","status-publish","format-standard","has-post-thumbnail","hentry","category-cultura-social","tag-ayuntamiento-de-sevilla","tag-bienestar-social","tag-cultural-y-tecnologica-flora-tristan","tag-david-cobos-sanchiz","tag-desarrollo-local","tag-espacio-internacional-de-innovacion-social","tag-jose-luis-sarasola","tag-poligono-sur","tag-residencia-flora-tristan","tag-sevilla","tag-transformacion-social","tag-vicerrectorado-de-cultura-y-politicas-sociales"],"_links":{"self":[{"href":"https:\/\/www.upo.es\/diario\/wp-json\/wp\/v2\/posts\/30869655","targetHints":{"allow":["GET"]}}],"collection":[{"href":"https:\/\/www.upo.es\/diario\/wp-json\/wp\/v2\/posts"}],"about":[{"href":"https:\/\/www.upo.es\/diario\/wp-json\/wp\/v2\/types\/post"}],"author":[{"embeddable":true,"href":"https:\/\/www.upo.es\/diario\/wp-json\/wp\/v2\/users\/2"}],"replies":[{"embeddable":true,"href":"https:\/\/www.upo.es\/diario\/wp-json\/wp\/v2\/comments?post=30869655"}],"version-history":[{"count":3,"href":"https:\/\/www.upo.es\/diario\/wp-json\/wp\/v2\/posts\/30869655\/revisions"}],"predecessor-version":[{"id":30869664,"href":"https:\/\/www.upo.es\/diario\/wp-json\/wp\/v2\/posts\/30869655\/revisions\/30869664"}],"wp:featuredmedia":[{"embeddable":true,"href":"https:\/\/www.upo.es\/diario\/wp-json\/wp\/v2\/media\/30869656"}],"wp:attachment":[{"href":"https:\/\/www.upo.es\/diario\/wp-json\/wp\/v2\/media?parent=30869655"}],"wp:term":[{"taxonomy":"category","embeddable":true,"href":"https:\/\/www.upo.es\/diario\/wp-json\/wp\/v2\/categories?post=30869655"},{"taxonomy":"post_tag","embeddable":true,"href":"https:\/\/www.upo.es\/diario\/wp-json\/wp\/v2\/tags?post=30869655"}],"curies":[{"name":"wp","href":"https:\/\/api.w.org\/{rel}","templated":true}]}}