{"id":30869671,"date":"2021-11-22T14:24:19","date_gmt":"2021-11-22T13:24:19","guid":{"rendered":"https:\/\/www.upo.es\/diario\/?p=30869671"},"modified":"2021-11-25T20:11:03","modified_gmt":"2021-11-25T19:11:03","slug":"arranca-en-la-upo-la-campana-25n-centrada-en-la-prevencion-e-intervencion-frente-al-acoso-sexual-y-por-razon-de-sexo","status":"publish","type":"post","link":"https:\/\/www.upo.es\/diario\/cultura-social\/2021\/11\/arranca-en-la-upo-la-campana-25n-centrada-en-la-prevencion-e-intervencion-frente-al-acoso-sexual-y-por-razon-de-sexo\/","title":{"rendered":"Arranca en la UPO la Campa\u00f1a 25N centrada en la prevenci\u00f3n e intervenci\u00f3n frente al acoso sexual y por raz\u00f3n de sexo"},"content":{"rendered":"<p><a href=\"https:\/\/www.upo.es\/diario\/wp-content\/uploads\/2021\/11\/Cartel_campana25N_2021.jpeg\"><img loading=\"lazy\" decoding=\"async\" class=\"alignright size-medium wp-image-30869672\" src=\"https:\/\/www.upo.es\/diario\/wp-content\/uploads\/2021\/11\/Cartel_campana25N_2021-254x360.jpeg\" alt=\"\" width=\"254\" height=\"360\" srcset=\"https:\/\/www.upo.es\/diario\/wp-content\/uploads\/2021\/11\/Cartel_campana25N_2021-254x360.jpeg 254w, https:\/\/www.upo.es\/diario\/wp-content\/uploads\/2021\/11\/Cartel_campana25N_2021-530x750.jpeg 530w, https:\/\/www.upo.es\/diario\/wp-content\/uploads\/2021\/11\/Cartel_campana25N_2021-768x1086.jpeg 768w, https:\/\/www.upo.es\/diario\/wp-content\/uploads\/2021\/11\/Cartel_campana25N_2021-1086x1536.jpeg 1086w, https:\/\/www.upo.es\/diario\/wp-content\/uploads\/2021\/11\/Cartel_campana25N_2021.jpeg 1131w\" sizes=\"auto, (max-width: 254px) 100vw, 254px\" \/><\/a>Bajo el lema <strong>\u2018La UPO contra el acoso\u2019<\/strong>, y en v\u00edsperas de la conmemoraci\u00f3n del 25 de noviembre, <strong>D\u00eda Internacional para la Eliminaci\u00f3n de las Violencias contra las Mujeres<\/strong>, arranca en la Universidad Pablo de Olavide la <strong>XI Campa\u00f1a 25N<\/strong>.<\/p>\n<p>La <strong>Delegaci\u00f3n del Rector para la Igualdad de G\u00e9nero<\/strong> de la UPO, a trav\u00e9s de la <strong>Oficina para la Igualdad<\/strong>, pone en marcha desde hoy lunes 22 de noviembre una serie de acciones para la prevenci\u00f3n, detecci\u00f3n e intervenci\u00f3n frente al acoso sexual y por raz\u00f3n de sexo, contribuyendo a erradicar esta realidad, rompiendo el silencio y haci\u00e9ndola p\u00fablica.<\/p>\n<p>\u201cLas situaciones de acoso por raz\u00f3n de sexo\/g\u00e9nero en nuestra sociedad son, lamentablemente, una constante, y estamos a\u00fan muy lejos de acabar con esta lacra social que nos impide identificarnos con una sociedad plenamente democr\u00e1tica\u201d, afirma <strong>M\u00f3nica Dom\u00ednguez Serrano, <\/strong>delegada del rector para la Igualdad de G\u00e9nero.<\/p>\n<p>As\u00ed, el programa 25-N comienza <u>hoy lunes<\/u>, a las 15:30 horas, con el <strong>curso \u2018Prevenci\u00f3n e intervenci\u00f3n frente al acoso sexual y por raz\u00f3n de sexo en el \u00e1mbito universitario\u2019<\/strong>, dirigido a la reci\u00e9n renovada y nombrada <strong><a href=\"https:\/\/www.upo.es\/cms1\/export\/sites\/upo\/upsc\/igualdad\/documentos\/pf-RR-Nombramiento-CEIA-12_11_21.pdf\">Comisi\u00f3n para la evaluaci\u00f3n e intervenci\u00f3n contra el acoso sexual y por raz\u00f3n de sexo de la UPO<\/a><\/strong>, como formaci\u00f3n esencial para la labor que deben desempe\u00f1ar. Este curso ser\u00e1 impartido por la abogada y especialista en violencia de g\u00e9nero y acoso sexual, Amparo D\u00edaz Ramos.<\/p>\n<p><u>Ma\u00f1ana martes 23 de noviembre<\/u>, a las 16:30 horas en la Residencia Universitaria Flora Trist\u00e1n, tendr\u00e1 lugar el <strong>taller \u2018Detecci\u00f3n e intervenci\u00f3n contra el acoso sexual y por raz\u00f3n de sexo en el \u00e1mbito universitario\u2019<\/strong>, impartida por la Profesora Doctora Candelaria Terce\u00f1o Solozano, del Departamento de Trabajo Social y Servicios Sociales de la Facultad de Ciencias Sociales de la UPO y coordinadora t\u00e9cnica de la Oficina para la Igualdad.<\/p>\n<p>Adem\u00e1s, <u>el viernes 26 de noviembre<\/u>, a las 11.00 horas, tendr\u00e1 lugar la jornada <strong>\u2018Prevenci\u00f3n del acoso en la universidad\u2019<\/strong>, impartida por Vanessa Casado Caballero, abogada especializada en violencia de g\u00e9nero. Esta jornada, dirigida al Consejo de Estudiantes (CEUPO) y a estudiantado de la comunidad universitaria, tiene como objetivos fundamentales formar y sensibilizar en materia de prevenci\u00f3n de acoso en el \u00e1mbito universitario al mayor n\u00famero de estudiantes; facilitar informaci\u00f3n de c\u00f3mo actuar frente alguna situaci\u00f3n de acoso en el campus universitario; e implicar a toda la comunidad estudiantil en la lucha contra cualquier tipo de violencia contra las mujeres. Asimismo, esta jornada se centrar\u00e1 en el <strong><a href=\"https:\/\/www.upo.es\/cms1\/export\/sites\/upo\/upsc\/igualdad\/documentos\/Protocolo-acoso-sexual-UPO.pdf\">Protocolo para la prevenci\u00f3n e intervenci\u00f3n contra el acoso sexual y por raz\u00f3n de sexo de la UPO<\/a><\/strong>.<\/p>\n<p>Tambi\u00e9n est\u00e1n previstos, en el segundo semestre del curso acad\u00e9mico 2021\/2022, <strong>cursos formativos dirigidos al personal docente e investigador y al personal de administraci\u00f3n y servicios<\/strong>, para facilitar informaci\u00f3n sobre c\u00f3mo detectar y actuar contra cualquier situaci\u00f3n de acoso sexual y sexista en el campus universitario, sensibilizando y formando de esta manera a toda la comunidad universitaria.<\/p>\n<p>Adem\u00e1s de las actividades antes expuestas, a lo largo del mes de noviembre se llevar\u00e1n a cabo acciones diversas con la organizaci\u00f3n, colaboraci\u00f3n y participaci\u00f3n de las <strong>Facultades de Ciencias Sociales<\/strong>, <strong>Humanidades<\/strong>, <strong>Experimentales<\/strong>, <strong>Ciencias del Deporte<\/strong>, <strong>CEUPO<\/strong>, <strong>Residencia Universitaria Flora Trist\u00e1n<\/strong>, <strong>Red Universitaria contra la Violencia de G\u00e9nero de la UPO<\/strong>, <strong>Oficina para la Igualdad <\/strong>y distintas entidades, entre ellas la <strong>Fundaci\u00f3n AnaBella<\/strong> o <strong>Cruz Roja<\/strong>.<\/p>\n<p>&nbsp;<\/p>\n<p><strong><u>M\u00e1s informaci\u00f3n:<\/u><\/strong><\/p>\n<p><a href=\"https:\/\/www.upo.es\/upsc\/igualdad\/25n-para-la-erradicacion-de-las-violencias\/\">Programaci\u00f3n completa de la campa\u00f1a del 25-N de la Universidad Pablo de Olavide<\/a><\/p>\n","protected":false},"excerpt":{"rendered":"<p>Bajo el lema \u2018La UPO contra el acoso\u2019, y en v\u00edsperas de la conmemoraci\u00f3n del 25 de noviembre, D\u00eda Internacional para la Eliminaci\u00f3n de las Violencias contra las Mujeres, arranca en la Universidad Pablo de Olavide la XI Campa\u00f1a 25N.<\/p>\n","protected":false},"author":2,"featured_media":30869672,"comment_status":"closed","ping_status":"open","sticky":false,"template":"","format":"standard","meta":{"_monsterinsights_skip_tracking":false,"_monsterinsights_sitenote_active":false,"_monsterinsights_sitenote_note":"","_monsterinsights_sitenote_category":0,"footnotes":""},"categories":[5843],"tags":[4545,7662,419,7256,2209,347,2441],"class_list":["post-30869671","post","type-post","status-publish","format-standard","has-post-thumbnail","hentry","category-cultura-social","tag-25n","tag-acoso","tag-campana","tag-delegada-del-rector-para-la-igualdad-de-genero","tag-oficina-para-la-igualdad","tag-prevencion","tag-violencia-de-genero"],"_links":{"self":[{"href":"https:\/\/www.upo.es\/diario\/wp-json\/wp\/v2\/posts\/30869671","targetHints":{"allow":["GET"]}}],"collection":[{"href":"https:\/\/www.upo.es\/diario\/wp-json\/wp\/v2\/posts"}],"about":[{"href":"https:\/\/www.upo.es\/diario\/wp-json\/wp\/v2\/types\/post"}],"author":[{"embeddable":true,"href":"https:\/\/www.upo.es\/diario\/wp-json\/wp\/v2\/users\/2"}],"replies":[{"embeddable":true,"href":"https:\/\/www.upo.es\/diario\/wp-json\/wp\/v2\/comments?post=30869671"}],"version-history":[{"count":2,"href":"https:\/\/www.upo.es\/diario\/wp-json\/wp\/v2\/posts\/30869671\/revisions"}],"predecessor-version":[{"id":30869675,"href":"https:\/\/www.upo.es\/diario\/wp-json\/wp\/v2\/posts\/30869671\/revisions\/30869675"}],"wp:featuredmedia":[{"embeddable":true,"href":"https:\/\/www.upo.es\/diario\/wp-json\/wp\/v2\/media\/30869672"}],"wp:attachment":[{"href":"https:\/\/www.upo.es\/diario\/wp-json\/wp\/v2\/media?parent=30869671"}],"wp:term":[{"taxonomy":"category","embeddable":true,"href":"https:\/\/www.upo.es\/diario\/wp-json\/wp\/v2\/categories?post=30869671"},{"taxonomy":"post_tag","embeddable":true,"href":"https:\/\/www.upo.es\/diario\/wp-json\/wp\/v2\/tags?post=30869671"}],"curies":[{"name":"wp","href":"https:\/\/api.w.org\/{rel}","templated":true}]}}