{"id":30869702,"date":"2021-11-23T13:44:14","date_gmt":"2021-11-23T12:44:14","guid":{"rendered":"https:\/\/www.upo.es\/diario\/?p=30869702"},"modified":"2021-11-23T13:44:14","modified_gmt":"2021-11-23T12:44:14","slug":"concierto-las-musicas-de-olavide-con-motivo-del-250-aniversario-del-primer-plano-de-sevilla-este-miercoles-en-la-sala-turina","status":"publish","type":"post","link":"https:\/\/www.upo.es\/diario\/cultura\/2021\/11\/concierto-las-musicas-de-olavide-con-motivo-del-250-aniversario-del-primer-plano-de-sevilla-este-miercoles-en-la-sala-turina\/","title":{"rendered":"Concierto \u2018Las M\u00fasicas de Olavide\u2019 con motivo del 250 aniversario del primer plano de Sevilla, este mi\u00e9rcoles en la sala Turina"},"content":{"rendered":"<p><a href=\"https:\/\/www.upo.es\/diario\/wp-content\/uploads\/2021\/11\/Cartel-Musica-Olavide_20211124.jpg\"><img loading=\"lazy\" decoding=\"async\" class=\"alignright size-medium wp-image-30869703\" src=\"https:\/\/www.upo.es\/diario\/wp-content\/uploads\/2021\/11\/Cartel-Musica-Olavide_20211124-257x360.jpg\" alt=\"Concierto M\u00fasicas de Olavide\" width=\"257\" height=\"360\" srcset=\"https:\/\/www.upo.es\/diario\/wp-content\/uploads\/2021\/11\/Cartel-Musica-Olavide_20211124-257x360.jpg 257w, https:\/\/www.upo.es\/diario\/wp-content\/uploads\/2021\/11\/Cartel-Musica-Olavide_20211124-536x750.jpg 536w, https:\/\/www.upo.es\/diario\/wp-content\/uploads\/2021\/11\/Cartel-Musica-Olavide_20211124-768x1075.jpg 768w, https:\/\/www.upo.es\/diario\/wp-content\/uploads\/2021\/11\/Cartel-Musica-Olavide_20211124-1097x1536.jpg 1097w, https:\/\/www.upo.es\/diario\/wp-content\/uploads\/2021\/11\/Cartel-Musica-Olavide_20211124.jpg 1240w\" sizes=\"auto, (max-width: 257px) 100vw, 257px\" \/><\/a>Enmarcado en la <strong>programaci\u00f3n \u2018250 a\u00f1os del Plano de Olavide\u2019, organizada por la Universidad Pablo de Olavide y el Ayuntamiento de Sevilla<\/strong>, este <u>mi\u00e9rcoles 24 de noviembre, a las 20 horas en el Espacio Turina<\/u> (C\/ Lara\u00f1a, 4) el Coro y Ensemble Instrumental de la UPO ofrecer\u00e1 el concierto \u2018Las M\u00fasicas de Olavide\u2019. La entrada es libre y gratuita hasta completar el aforo.<\/p>\n<p>El Coro de la Universidad Pablo de Olavide interpretar\u00e1 una colecci\u00f3n de piezas con la intenci\u00f3n de realizar un <strong>recorrido musical por la trayectoria vital de Pablo de Olavide, desde su nacimiento en Lima, pasando por sus estancias en Madrid y Par\u00eds, adem\u00e1s de su periodo en Sevilla y en Baeza<\/strong>, ciudad en la que falleci\u00f3 en 1803. Al pensar en ofrecer desde la m\u00fasica una propuesta que contuviera de alg\u00fan modo su experiencia vital, los directores art\u00edstico y musical del Coro de la UPO, Miguel R. Rodr\u00edguez y Jorge R. Morata, pensaron en un \u201ctrazado por su vida, par\u00e1ndonos en las cinco ciudades que m\u00e1s nos muestran y condicionan su legado vital y toda su extensa obra, pol\u00edtica, literaria y cultural. Para ello hemos elegido piezas que nos recrear\u00e1n, con una interpretaci\u00f3n historicista e instrumentos de \u00e9poca, un mapa vital sobre la vida de este sabio\u201d.<\/p>\n<p>Contin\u00faa de este modo el ciclo sobre Pablo de Olavide y la historia del <a href=\"https:\/\/bvpb.mcu.es\/es\/consulta\/registro.do?id=423028\">primer plano de la ciudad de Sevilla realizado en 1771<\/a>; un programa de actos conmemorativos que se desarrollar\u00e1 hasta enero del a\u00f1o que viene y que cuenta con la colaboraci\u00f3n del Ateneo de Sevilla, la Real Academia de Buenas Letras y la Fundaci\u00f3n de Municipios Pablo de Olavide. A partir del 1 de diciembre podr\u00e1 verse en la Alameda de H\u00e9rcules una exposici\u00f3n compuesta por paneles informativos urbanos con motivo del 250 aniversario del primer plano de la ciudad.<\/p>\n<p><strong><u>Concierto \u2018Las M\u00fasicas de Olavide\u2019, Coro y Ensemble Instrumental de la UPO<br \/>\n<\/u><\/strong>24 de noviembre de 2021 \u2013 20 horas. Sala Turina, ICAS (C\/ Lara\u00f1a, 4)<br \/>\nEntrada libre y gratuita hasta completar el aforo<\/p>\n<p><u>Programa<\/u>:<\/p>\n<p><strong>Lima, nacimiento y primeros a\u00f1os.<\/strong><\/p>\n<ul>\n<li><em>Hanacpachap Cussicuinin<\/em>. Catedral de Lima. Compilado por Juan P\u00e9rez Bocanegra (Virreinato de Per\u00fa 1560-1645)<\/li>\n<li><em>Convidado est\u00e1 la noche<\/em>. Juan Garc\u00eda de Z\u00e9spedes, Catedral de Puebla (Heroica, Puebla de Zaragoza 1619-1678)<\/li>\n<li><em>Dennos Lecencia Se\u00f1ores<\/em>. C\u00f3dice de Trujillo del Per\u00fa (1782-1785)<\/li>\n<\/ul>\n<p><strong>Madrid, para darse a conocer.<\/strong><\/p>\n<ul>\n<li>\u201c<em>Fandango<\/em>\u201d y \u201c<em>Stabat Mater, a<\/em> 10\u201d (Fragmento) Domenico Scarlatti, (N\u00e1poles 1685-Madrid 1757)<\/li>\n<li>\u201c<em>Fandango<\/em>\u201d y <em>Sinfon\u00eda n\u00ba 6 \u201cLa casa del Diablo\u201d<\/em> (fragmento). Luigi Boccherini (Luca, Toscana 1743-Madrid 1805)<\/li>\n<\/ul>\n<p><strong>Sevilla, El Mapa. Desplegando su sabidur\u00eda.<\/strong><\/p>\n<ul>\n<li>\u201c<em>Sonata n\u00ba 1, do m<\/em>\u201d Manuel Blasco de Nebra, (Sevilla 1750-Sevilla 1784)<\/li>\n<li>\u201c<em>Maria Magdalene<\/em>\u201d Francisco Guerrero (Sevilla 1528-1599)<\/li>\n<li>\u201c<em>Todo el mundo en General<\/em>\u201d Francisco Correa de Araujo (Sevilla 1584-Segovia 1654)<\/li>\n<\/ul>\n<p><strong>Par\u00eds, plena Ilustraci\u00f3n.<\/strong><\/p>\n<ul>\n<li>\u201c<em>Hymne \u00e0 la Nuit<\/em>\u201d Jean-Philippe Rameau (Dijon 1683-1764)<\/li>\n<li>\u201c<em>Las barides Mist\u00e9rieuses<\/em>\u201d Francois Couperin (Par\u00eds 1668-Par\u00eds 1733)<\/li>\n<li>\u201c<em>Poderoso caballero es don dinero<\/em>\u201d. Manuel del Populo Vicente Garc\u00eda (Sevilla 1775-Par\u00eds 1832).<\/li>\n<\/ul>\n<p><strong>Baeza, regreso a Andaluc\u00eda.<\/strong><\/p>\n<ul>\n<li>\u201c<em>O quam suavis<\/em>\u201d Juan Franc\u00e9s de Iribarren (Sang\u00fcesa 1699-M\u00e1laga 1767)<\/li>\n<li>\u201c<em>Circundederunt me Gemitus Mortis<\/em>\u201d Crist\u00f3bal de Morales (Sevilla 1500-Marchena 1553)<\/li>\n<\/ul>\n<p>&nbsp;<\/p>\n","protected":false},"excerpt":{"rendered":"<p>Enmarcado en la programaci\u00f3n \u2018250 a\u00f1os del Plano de Olavide\u2019, organizada por la Universidad Pablo de Olavide y el Ayuntamiento de Sevilla, este mi\u00e9rcoles 24 de noviembre, a las 20 horas en el Espacio Turina (C\/ Lara\u00f1a, 4) el Coro y Ensemble Instrumental de la UPO ofrecer\u00e1 el concierto \u2018Las M\u00fasicas de Olavide\u2019. La entrada es libre y gratuita hasta completar el aforo.<\/p>\n","protected":false},"author":6,"featured_media":30869703,"comment_status":"closed","ping_status":"open","sticky":false,"template":"","format":"standard","meta":{"_monsterinsights_skip_tracking":false,"_monsterinsights_sitenote_active":false,"_monsterinsights_sitenote_note":"","_monsterinsights_sitenote_category":0,"footnotes":""},"categories":[5843,7],"tags":[568,621,403,2118,2805,1655,161],"class_list":["post-30869702","post","type-post","status-publish","format-standard","has-post-thumbnail","hentry","category-cultura-social","category-cultura","tag-aniversario","tag-ayuntamiento-de-sevilla","tag-concierto","tag-coro-de-la-universidad-pablo-de-olavide","tag-ilustracion","tag-pablo-de-olavide","tag-sevilla"],"_links":{"self":[{"href":"https:\/\/www.upo.es\/diario\/wp-json\/wp\/v2\/posts\/30869702","targetHints":{"allow":["GET"]}}],"collection":[{"href":"https:\/\/www.upo.es\/diario\/wp-json\/wp\/v2\/posts"}],"about":[{"href":"https:\/\/www.upo.es\/diario\/wp-json\/wp\/v2\/types\/post"}],"author":[{"embeddable":true,"href":"https:\/\/www.upo.es\/diario\/wp-json\/wp\/v2\/users\/6"}],"replies":[{"embeddable":true,"href":"https:\/\/www.upo.es\/diario\/wp-json\/wp\/v2\/comments?post=30869702"}],"version-history":[{"count":1,"href":"https:\/\/www.upo.es\/diario\/wp-json\/wp\/v2\/posts\/30869702\/revisions"}],"predecessor-version":[{"id":30869704,"href":"https:\/\/www.upo.es\/diario\/wp-json\/wp\/v2\/posts\/30869702\/revisions\/30869704"}],"wp:featuredmedia":[{"embeddable":true,"href":"https:\/\/www.upo.es\/diario\/wp-json\/wp\/v2\/media\/30869703"}],"wp:attachment":[{"href":"https:\/\/www.upo.es\/diario\/wp-json\/wp\/v2\/media?parent=30869702"}],"wp:term":[{"taxonomy":"category","embeddable":true,"href":"https:\/\/www.upo.es\/diario\/wp-json\/wp\/v2\/categories?post=30869702"},{"taxonomy":"post_tag","embeddable":true,"href":"https:\/\/www.upo.es\/diario\/wp-json\/wp\/v2\/tags?post=30869702"}],"curies":[{"name":"wp","href":"https:\/\/api.w.org\/{rel}","templated":true}]}}