{"id":30869756,"date":"2021-11-24T11:40:00","date_gmt":"2021-11-24T10:40:00","guid":{"rendered":"https:\/\/www.upo.es\/diario\/?p=30869756"},"modified":"2021-12-01T15:51:32","modified_gmt":"2021-12-01T14:51:32","slug":"crece-el-voluntariado-internacional-en-la-upo-con-incorporaciones-al-cuerpo-europeo-de-solidaridad","status":"publish","type":"post","link":"https:\/\/www.upo.es\/diario\/comunidad\/2021\/11\/crece-el-voluntariado-internacional-en-la-upo-con-incorporaciones-al-cuerpo-europeo-de-solidaridad\/","title":{"rendered":"Crece el voluntariado internacional en la UPO con incorporaciones al Cuerpo Europeo de Solidaridad"},"content":{"rendered":"<figure id=\"attachment_30869757\" aria-describedby=\"caption-attachment-30869757\" style=\"width: 750px\" class=\"wp-caption aligncenter\"><img loading=\"lazy\" decoding=\"async\" class=\"size-large wp-image-30869757\" src=\"https:\/\/www.upo.es\/diario\/wp-content\/uploads\/2021\/11\/Collage-voluntariado-europeo-1100-x-600-px-750x409.png\" alt=\"\" width=\"750\" height=\"409\" srcset=\"https:\/\/www.upo.es\/diario\/wp-content\/uploads\/2021\/11\/Collage-voluntariado-europeo-1100-x-600-px-750x409.png 750w, https:\/\/www.upo.es\/diario\/wp-content\/uploads\/2021\/11\/Collage-voluntariado-europeo-1100-x-600-px-360x196.png 360w, https:\/\/www.upo.es\/diario\/wp-content\/uploads\/2021\/11\/Collage-voluntariado-europeo-1100-x-600-px-768x419.png 768w, https:\/\/www.upo.es\/diario\/wp-content\/uploads\/2021\/11\/Collage-voluntariado-europeo-1100-x-600-px.png 1100w\" sizes=\"auto, (max-width: 750px) 100vw, 750px\" \/><figcaption id=\"caption-attachment-30869757\" class=\"wp-caption-text\">Desde la izquierda: Laura Pulido, Laura Cerv\u00e1n, Emilio del R\u00edo y Mario Micea.<\/figcaption><\/figure>\n<p>La Universidad Pablo de Olavide ha incorporado cuatro personas voluntarias al <strong>programa de voluntariado del Cuerpo Europeo de Solidaridad<\/strong>, una iniciativa de la Comisi\u00f3n Europea dirigida a j\u00f3venes de entre 18 y 30 a\u00f1os que tienen la oportunidad de participar en proyectos comunitarios. En concreto, los voluntarios de la UPO participan durante los meses que dura la estancia en actividades de integraci\u00f3n social y deportivas en Francia e Italia.<\/p>\n<p>De las cuatro personas que se han incorporado al programa, Mario Micea, esgresado del Grado en Biotecnolog\u00eda, y Emilio del R\u00edo, egresado del Grado en Magisterio por la US, est\u00e1n haciendo su voluntariado en Par\u00eds en la organizaci\u00f3n Planet Citizens en un proyecto de actividades deportivas con menores. Por su parte, Laura Pulido, egresada del Grado en Trabajo Social, lo lleva a cabo en Ludoth\u00e8que de Castres realizando actividades de ocio y apoyo a menores; y Laura Cerv\u00e1n, del Doble Grado en Trabajo Social y Educaci\u00f3n Social, en Sardinia en la organizaci\u00f3n Casa Emmaus Societ\u00e0 Cooperativa en el proyecto Get Up Stand de j\u00f3venes con adicciones, ambas en Italia.<\/p>\n<p>Estos cuatro graduados realizan un programa de voluntariado de larga estancia, que, en este caso, oscila entre diez meses y un a\u00f1o. Durante este tiempo las personas que realizan un voluntariado tienen cubiertos todos los gastos derivados del programa: viajes, alojamiento, manutenci\u00f3n, formaci\u00f3n y seguro m\u00e9dico, as\u00ed como una asignaci\u00f3n mensual para gastos de bolsillo.<\/p>\n<p>Los proyectos del Cuerpo Europeo de Solidaridad ofrecen una experiencia enriquecedora a la vez que brindan la posibilidad de lograr cambios al tiempo que se desarrollan nuevas capacidades y competencias. Proporcionan, adem\u00e1s, la oportunidad de contribuir a la labor diaria de organizaciones en actividades que repercuten en la mejora de las comunidades donde se llevan a cabo.<\/p>\n<p>La Oficina de Voluntariado y Compromiso Social, bajo las directrices del Vicerrectorado de Cultura y Pol\u00edticas Sociales, lleva desde el a\u00f1o 2009 acogiendo y enviando personas voluntarias que participan en diferentes proyectos solidarios como el cuidado del medioambiente, la mitigaci\u00f3n del cambio clim\u00e1tico y la inclusi\u00f3n social.<\/p>\n","protected":false},"excerpt":{"rendered":"<p>La Universidad Pablo de Olavide ha incorporado cuatro personas voluntarias al programa de voluntariado del Cuerpo Europeo de Solidaridad, una iniciativa de la Comisi\u00f3n Europea dirigida a j\u00f3venes de entre 18 y 30 a\u00f1os que tienen la oportunidad de participar en proyectos comunitarios. En concreto, los voluntarios de la UPO participan durante los meses que dura la estancia en actividades de integraci\u00f3n social y deportivas en Francia e Italia.<\/p>\n","protected":false},"author":4,"featured_media":30869759,"comment_status":"closed","ping_status":"open","sticky":false,"template":"","format":"standard","meta":{"_monsterinsights_skip_tracking":false,"_monsterinsights_sitenote_active":false,"_monsterinsights_sitenote_note":"","_monsterinsights_sitenote_category":0,"footnotes":""},"categories":[5842],"tags":[6925,21,454,1168,86],"class_list":["post-30869756","post","type-post","status-publish","format-standard","has-post-thumbnail","hentry","category-comunidad","tag-cuerpo-europeo-de-solidaridad","tag-estudiantes","tag-europa","tag-oficina-de-voluntariado-y-solidaridad","tag-voluntariado"],"_links":{"self":[{"href":"https:\/\/www.upo.es\/diario\/wp-json\/wp\/v2\/posts\/30869756","targetHints":{"allow":["GET"]}}],"collection":[{"href":"https:\/\/www.upo.es\/diario\/wp-json\/wp\/v2\/posts"}],"about":[{"href":"https:\/\/www.upo.es\/diario\/wp-json\/wp\/v2\/types\/post"}],"author":[{"embeddable":true,"href":"https:\/\/www.upo.es\/diario\/wp-json\/wp\/v2\/users\/4"}],"replies":[{"embeddable":true,"href":"https:\/\/www.upo.es\/diario\/wp-json\/wp\/v2\/comments?post=30869756"}],"version-history":[{"count":1,"href":"https:\/\/www.upo.es\/diario\/wp-json\/wp\/v2\/posts\/30869756\/revisions"}],"predecessor-version":[{"id":30869758,"href":"https:\/\/www.upo.es\/diario\/wp-json\/wp\/v2\/posts\/30869756\/revisions\/30869758"}],"wp:featuredmedia":[{"embeddable":true,"href":"https:\/\/www.upo.es\/diario\/wp-json\/wp\/v2\/media\/30869759"}],"wp:attachment":[{"href":"https:\/\/www.upo.es\/diario\/wp-json\/wp\/v2\/media?parent=30869756"}],"wp:term":[{"taxonomy":"category","embeddable":true,"href":"https:\/\/www.upo.es\/diario\/wp-json\/wp\/v2\/categories?post=30869756"},{"taxonomy":"post_tag","embeddable":true,"href":"https:\/\/www.upo.es\/diario\/wp-json\/wp\/v2\/tags?post=30869756"}],"curies":[{"name":"wp","href":"https:\/\/api.w.org\/{rel}","templated":true}]}}