{"id":30869767,"date":"2021-11-25T12:23:36","date_gmt":"2021-11-25T11:23:36","guid":{"rendered":"https:\/\/www.upo.es\/diario\/?p=30869767"},"modified":"2021-11-30T15:15:36","modified_gmt":"2021-11-30T14:15:36","slug":"la-universidad-pablo-de-olavide-y-enerhi-impulsaran-acciones-conjuntas-de-investigacion-y-formacion","status":"publish","type":"post","link":"https:\/\/www.upo.es\/diario\/institucional\/2021\/11\/la-universidad-pablo-de-olavide-y-enerhi-impulsaran-acciones-conjuntas-de-investigacion-y-formacion\/","title":{"rendered":"La Universidad Pablo de Olavide y EnerHi impulsar\u00e1n acciones conjuntas de investigaci\u00f3n y formaci\u00f3n"},"content":{"rendered":"<figure id=\"attachment_30869768\" aria-describedby=\"caption-attachment-30869768\" style=\"width: 750px\" class=\"wp-caption aligncenter\"><a href=\"https:\/\/www.upo.es\/diario\/wp-content\/uploads\/2021\/11\/protocolo_enerHi01.jpg\"><img loading=\"lazy\" decoding=\"async\" class=\"size-large wp-image-30869768\" src=\"https:\/\/www.upo.es\/diario\/wp-content\/uploads\/2021\/11\/protocolo_enerHi01-750x500.jpg\" alt=\"\" width=\"750\" height=\"500\" srcset=\"https:\/\/www.upo.es\/diario\/wp-content\/uploads\/2021\/11\/protocolo_enerHi01-750x500.jpg 750w, https:\/\/www.upo.es\/diario\/wp-content\/uploads\/2021\/11\/protocolo_enerHi01-360x240.jpg 360w, https:\/\/www.upo.es\/diario\/wp-content\/uploads\/2021\/11\/protocolo_enerHi01-768x512.jpg 768w, https:\/\/www.upo.es\/diario\/wp-content\/uploads\/2021\/11\/protocolo_enerHi01-1536x1024.jpg 1536w, https:\/\/www.upo.es\/diario\/wp-content\/uploads\/2021\/11\/protocolo_enerHi01-2048x1366.jpg 2048w, https:\/\/www.upo.es\/diario\/wp-content\/uploads\/2021\/11\/protocolo_enerHi01-165x109.jpg 165w, https:\/\/www.upo.es\/diario\/wp-content\/uploads\/2021\/11\/protocolo_enerHi01-1320x880.jpg 1320w\" sizes=\"auto, (max-width: 750px) 100vw, 750px\" \/><\/a><figcaption id=\"caption-attachment-30869768\" class=\"wp-caption-text\">El rector de la UPO, Francisco Oliva Bl\u00e1zquez, y el consejero delegado de EnerHi, Antoni Llorens.<\/figcaption><\/figure>\n<p>La Universidad Pablo de Olavide, de Sevilla, y la compa\u00f1\u00eda sevillana de energ\u00edas renovables EnerHi colaborar\u00e1n y desarrollar\u00e1n actividades conjuntas en el \u00e1rea formativa y de investigaci\u00f3n, as\u00ed como en pr\u00e1cticas dirigidas a estudiantes universitarios.<\/p>\n<p>Mediante un protocolo suscrito hoy entre el rector de la UPO, <strong>Francisco Oliva Bl\u00e1zquez<\/strong>, y el consejero delegado de EnerHi, <strong>Antoni Llorens<\/strong>, ambas entidades se comprometen a intercambiar las informaciones necesarias \u201cpara determinar las \u00e1reas concretas de trabajo en las que exista inter\u00e9s por ambas partes en desarrollar proyectos conjuntos\u201d.<\/p>\n<p>El rector y el presidente de la firma de energ\u00edas renovables han estado acompa\u00f1ados por <strong>Antonio Gallardo Correa<\/strong>, delegado del Rector para el Campus Sostenible, y <strong>Beltr\u00e1n P\u00e9rez Garc\u00eda<\/strong>, miembro del Consejo de Administraci\u00f3n de EnerHi, ambos integrantes de la Comisi\u00f3n de Seguimiento de dicho acuerdo.<\/p>\n<figure id=\"attachment_30869769\" aria-describedby=\"caption-attachment-30869769\" style=\"width: 360px\" class=\"wp-caption alignright\"><a href=\"https:\/\/www.upo.es\/diario\/wp-content\/uploads\/2021\/11\/protocolo_enerHi02.jpg\"><img loading=\"lazy\" decoding=\"async\" class=\"size-medium wp-image-30869769\" src=\"https:\/\/www.upo.es\/diario\/wp-content\/uploads\/2021\/11\/protocolo_enerHi02-360x240.jpg\" alt=\"\" width=\"360\" height=\"240\" srcset=\"https:\/\/www.upo.es\/diario\/wp-content\/uploads\/2021\/11\/protocolo_enerHi02-360x240.jpg 360w, https:\/\/www.upo.es\/diario\/wp-content\/uploads\/2021\/11\/protocolo_enerHi02-750x500.jpg 750w, https:\/\/www.upo.es\/diario\/wp-content\/uploads\/2021\/11\/protocolo_enerHi02-768x512.jpg 768w, https:\/\/www.upo.es\/diario\/wp-content\/uploads\/2021\/11\/protocolo_enerHi02-1536x1024.jpg 1536w, https:\/\/www.upo.es\/diario\/wp-content\/uploads\/2021\/11\/protocolo_enerHi02-2048x1366.jpg 2048w, https:\/\/www.upo.es\/diario\/wp-content\/uploads\/2021\/11\/protocolo_enerHi02-165x109.jpg 165w, https:\/\/www.upo.es\/diario\/wp-content\/uploads\/2021\/11\/protocolo_enerHi02-1320x880.jpg 1320w\" sizes=\"auto, (max-width: 360px) 100vw, 360px\" \/><\/a><figcaption id=\"caption-attachment-30869769\" class=\"wp-caption-text\">De izquierda a derecha, Antonio Gallardo, Francisco Oliva, Antoni Llorens y Beltr\u00e1n P\u00e9rez.<\/figcaption><\/figure>\n<p>En el documento aprobado por universidad y empresa, cuya firma ha tenido lugar en el Rectorado de la UPO, se pone de manifiesto as\u00ed mismo que la selecci\u00f3n de las actividades conjuntas \u201cse realizar\u00e1 sobre la base de criterios de reciprocidad y complementariedad de esfuerzos\u201d.<\/p>\n<p>El rector Francisco Oliva ha se\u00f1alado tras la firma del acuerdo la importancia de tejer relaciones con el \u00e1mbito empresarial, y en concreto con una compa\u00f1\u00eda como EnerHi, que cuenta oficinas en Dos Hermanas, pues \u201cen nuestra vocaci\u00f3n de construir una sociedad m\u00e1s preparada y con m\u00e1s posibilidades de futuro, tenemos que hacer todo lo posible para fomentar esa colaboraci\u00f3n p\u00fablico-privada que para nuestra pol\u00edtica como Universidad es esencial\u201d.<\/p>\n<p>Francisco Oliva tambi\u00e9n ha resaltado la apuesta de la Universidad Pablo de Olavide por la sostenibilidad y su papel en la lucha contra el cambio clim\u00e1tico. \u201cDesde la Universidad nos hemos preocupado mucho por la reflexi\u00f3n y construcci\u00f3n cient\u00edfica y acad\u00e9mica en torno al cambio clim\u00e1tico y sus consecuencias desde un punto de vista cient\u00edfico, sociol\u00f3gico, jur\u00eddico, empresarial. Pero ya es hora de que prediquemos con hechos, por ello tenemos varios proyectos en marcha y muchos a los que estamos dando forma y que pronto ser\u00e1n una realidad\u201d.<\/p>\n<p>Finalmente, el rector ha manifestado su deseo de concretar futuras colaboraciones con EnerHi a trav\u00e9s de la firma de convenios espec\u00edficos. \u201cCreo que son muchos los \u00e1mbitos donde podemos crear sinergias de trabajo, como por ejemplo realizaci\u00f3n de pr\u00e1cticas de estudiantes de la UPO, puesta en marcha de cursos de formaci\u00f3n espec\u00edficos, que podr\u00edan enmarcarse en los Cursos de Invierno, y, por \u00faltimo, en investigaci\u00f3n, donde nuestra Universidad tiene mucho que aportar\u201d.<\/p>\n<p>En esta l\u00ednea, Antoni Llorens ha subrayado que EnerHi apuesta por la colaboraci\u00f3n p\u00fablico-privada \u00abcomo uno de los pilares fundamentales en los que se tiene que basar el futuro socioecon\u00f3mico de Sevilla, de Andaluc\u00eda y de Espa\u00f1a, m\u00e1s todav\u00eda si, como en este caso, el sector p\u00fablico est\u00e1 representando por la universidad, que es donde se forman los l\u00edderes de las generaciones venideras, y el privado por el sector con m\u00e1s recorrido y futuro para las pr\u00f3ximas d\u00e9cadas, que son las energ\u00edas renovables\u00bb.<\/p>\n<p>Llorens destac\u00f3 que EnerHi, fundada en 2018, con oficinas en Dos Hermanas (Sevilla), Madrid y Valencia, y que a d\u00eda de hoy desarrolla proyectos fotovoltaicos y e\u00f3licos en 25 provincias de Espa\u00f1a, adem\u00e1s de contar con equipos punteros de hidr\u00f3geno verde, autoconsumo y eficiencia energ\u00e9tica, \u201cse precia de seguir una filosof\u00eda de apego al territorio y de valoraci\u00f3n del factor humano por encima de cualesquiera otras consideraciones\u201d.<\/p>\n<p>El consejero delegado subray\u00f3 especialmente el estrecho v\u00ednculo de EnerHi con la localidad de Dos Hermanas, en cuya Ciudad del Conocimiento cuenta con espacio propio para el trabajo diario de sus equipos t\u00e9cnicos y de gesti\u00f3n.<\/p>\n","protected":false},"excerpt":{"rendered":"<p>La Universidad Pablo de Olavide, de Sevilla, y la compa\u00f1\u00eda sevillana de energ\u00edas renovables EnerHi colaborar\u00e1n y desarrollar\u00e1n actividades conjuntas en el \u00e1rea formativa y de investigaci\u00f3n, as\u00ed como en pr\u00e1cticas dirigidas a estudiantes universitarios.<\/p>\n","protected":false},"author":2,"featured_media":30869768,"comment_status":"closed","ping_status":"open","sticky":false,"template":"","format":"standard","meta":{"_monsterinsights_skip_tracking":false,"_monsterinsights_sitenote_active":false,"_monsterinsights_sitenote_note":"","_monsterinsights_sitenote_category":0,"footnotes":""},"categories":[6],"tags":[700,7351,235,7674,1987,38,832],"class_list":["post-30869767","post","type-post","status-publish","format-standard","has-post-thumbnail","hentry","category-institucional","tag-acuerdo","tag-delegacion-del-rector-para-campus-sostenible","tag-energia-renovable","tag-enerhi","tag-protocolo-de-colaboracion","tag-rector","tag-sostenibilidad"],"_links":{"self":[{"href":"https:\/\/www.upo.es\/diario\/wp-json\/wp\/v2\/posts\/30869767","targetHints":{"allow":["GET"]}}],"collection":[{"href":"https:\/\/www.upo.es\/diario\/wp-json\/wp\/v2\/posts"}],"about":[{"href":"https:\/\/www.upo.es\/diario\/wp-json\/wp\/v2\/types\/post"}],"author":[{"embeddable":true,"href":"https:\/\/www.upo.es\/diario\/wp-json\/wp\/v2\/users\/2"}],"replies":[{"embeddable":true,"href":"https:\/\/www.upo.es\/diario\/wp-json\/wp\/v2\/comments?post=30869767"}],"version-history":[{"count":1,"href":"https:\/\/www.upo.es\/diario\/wp-json\/wp\/v2\/posts\/30869767\/revisions"}],"predecessor-version":[{"id":30869770,"href":"https:\/\/www.upo.es\/diario\/wp-json\/wp\/v2\/posts\/30869767\/revisions\/30869770"}],"wp:featuredmedia":[{"embeddable":true,"href":"https:\/\/www.upo.es\/diario\/wp-json\/wp\/v2\/media\/30869768"}],"wp:attachment":[{"href":"https:\/\/www.upo.es\/diario\/wp-json\/wp\/v2\/media?parent=30869767"}],"wp:term":[{"taxonomy":"category","embeddable":true,"href":"https:\/\/www.upo.es\/diario\/wp-json\/wp\/v2\/categories?post=30869767"},{"taxonomy":"post_tag","embeddable":true,"href":"https:\/\/www.upo.es\/diario\/wp-json\/wp\/v2\/tags?post=30869767"}],"curies":[{"name":"wp","href":"https:\/\/api.w.org\/{rel}","templated":true}]}}