{"id":30869771,"date":"2021-11-25T13:00:48","date_gmt":"2021-11-25T12:00:48","guid":{"rendered":"https:\/\/www.upo.es\/diario\/?p=30869771"},"modified":"2021-11-30T12:14:28","modified_gmt":"2021-11-30T11:14:28","slug":"la-universidad-pablo-de-olavide-ratifica-su-compromiso-para-la-erradicacion-de-la-violencia-contra-las-mujeres","status":"publish","type":"post","link":"https:\/\/www.upo.es\/diario\/institucional\/2021\/11\/la-universidad-pablo-de-olavide-ratifica-su-compromiso-para-la-erradicacion-de-la-violencia-contra-las-mujeres\/","title":{"rendered":"La Universidad Pablo de Olavide ratifica su compromiso para la erradicaci\u00f3n de la violencia contra las mujeres"},"content":{"rendered":"<p><a href=\"https:\/\/www.upo.es\/diario\/wp-content\/uploads\/2021\/11\/25N_UPO5.jpg\"><img loading=\"lazy\" decoding=\"async\" class=\"size-medium wp-image-30869773 alignright\" src=\"https:\/\/www.upo.es\/diario\/wp-content\/uploads\/2021\/11\/25N_UPO5-360x240.jpg\" alt=\"\" width=\"360\" height=\"240\" srcset=\"https:\/\/www.upo.es\/diario\/wp-content\/uploads\/2021\/11\/25N_UPO5-360x240.jpg 360w, https:\/\/www.upo.es\/diario\/wp-content\/uploads\/2021\/11\/25N_UPO5-750x500.jpg 750w, https:\/\/www.upo.es\/diario\/wp-content\/uploads\/2021\/11\/25N_UPO5-768x512.jpg 768w, https:\/\/www.upo.es\/diario\/wp-content\/uploads\/2021\/11\/25N_UPO5-1536x1024.jpg 1536w, https:\/\/www.upo.es\/diario\/wp-content\/uploads\/2021\/11\/25N_UPO5-2048x1365.jpg 2048w, https:\/\/www.upo.es\/diario\/wp-content\/uploads\/2021\/11\/25N_UPO5-165x109.jpg 165w, https:\/\/www.upo.es\/diario\/wp-content\/uploads\/2021\/11\/25N_UPO5-1320x880.jpg 1320w\" sizes=\"auto, (max-width: 360px) 100vw, 360px\" \/><\/a>La Universidad Pablo de Olavide muestra su m\u00e1s firme rechazo a cualquier tipo de violencia contra las mujeres. As\u00ed, lo ha trasladado el rector de la UPO, <strong>Francisco Oliva Bl\u00e1zquez<\/strong>, a la comunidad universitaria, durante la <strong>lectura del Manifiesto de la CRUE con motivo del D\u00eda Internacional Por la Eliminaci\u00f3n de la Violencia contra las Mujeres<\/strong>, en un acto simb\u00f3lico en el que ha estado acompa\u00f1ado por la delegada del rector para la Igualdad de G\u00e9nero, <strong>M\u00f3nica Dom\u00ednguez Serrano,<\/strong> y por todos los miembros de su equipo de gobierno.<\/p>\n<p>\u201cLas universidades, como generadoras y transmisoras de conocimiento y valores, reiteramos nuestro compromiso con la lucha contra todo tipo de violencia sobre las mujeres. Por ello, manifestamos que constituye uno de nuestros objetivos prioritarios colaborar con los poderes p\u00fablicos y la sociedad en su conjunto en esta materia\u201d, ha subrayado el rector de la UPO. \u201cLa pol\u00edtica y cultura universitarias de tolerancia cero se desarrollan mediante los protocolos contra los diferentes tipos de acoso y violencias, los planes de igualdad, las campa\u00f1as de sensibilizaci\u00f3n y concienciaci\u00f3n, la formaci\u00f3n de todo el colectivo universitario, la b\u00fasqueda de nuevas acciones y medios que atiendan a las v\u00edctimas o la planificaci\u00f3n de programas para cooperar e impulsar nuevas iniciativas. Esta es nuestra manera de contribuir a la consecuci\u00f3n de la igualdad efectiva y a la erradicaci\u00f3n de las formas de violencia en nuestras universidades y en la sociedad a la que servimos\u201d, ha destacado.<\/p>\n<p>Por su parte, la delegada del rector para la Igualdad de G\u00e9nero de la UPO, ha recalcado que \u201clas situaciones de acoso por raz\u00f3n de sexo\/g\u00e9nero en nuestra sociedad son, lamentablemente, una constante y estamos a\u00fan muy lejos de acabar con esta lacra social que nos impide identificarnos con una sociedad plenamente democr\u00e1tica\u201d. M\u00f3nica Dom\u00ednguez Serrano ha puesto en valor el empe\u00f1o de la Universidad Pablo de Olavide en seguir apoyando las pol\u00edticas p\u00fablicas de prevenci\u00f3n, detecci\u00f3n, denuncia e intervenci\u00f3n de cualquier situaci\u00f3n de violencia. \u201cPorque las violencias constituyen unas de las mayores y m\u00e1s dolorosas expresiones de la desigualdad de g\u00e9nero, no podemos ser c\u00f3mplices\u201d, ha apostillado.<\/p>\n<p><a href=\"https:\/\/www.upo.es\/diario\/wp-content\/uploads\/2021\/11\/25N_UPO1.jpg\"><img loading=\"lazy\" decoding=\"async\" class=\"size-medium wp-image-30869772 alignright\" src=\"https:\/\/www.upo.es\/diario\/wp-content\/uploads\/2021\/11\/25N_UPO1-360x220.jpg\" alt=\"\" width=\"360\" height=\"220\" srcset=\"https:\/\/www.upo.es\/diario\/wp-content\/uploads\/2021\/11\/25N_UPO1-360x220.jpg 360w, https:\/\/www.upo.es\/diario\/wp-content\/uploads\/2021\/11\/25N_UPO1-750x458.jpg 750w, https:\/\/www.upo.es\/diario\/wp-content\/uploads\/2021\/11\/25N_UPO1-768x469.jpg 768w, https:\/\/www.upo.es\/diario\/wp-content\/uploads\/2021\/11\/25N_UPO1-1536x939.jpg 1536w, https:\/\/www.upo.es\/diario\/wp-content\/uploads\/2021\/11\/25N_UPO1-2048x1252.jpg 2048w, https:\/\/www.upo.es\/diario\/wp-content\/uploads\/2021\/11\/25N_UPO1-1320x807.jpg 1320w\" sizes=\"auto, (max-width: 360px) 100vw, 360px\" \/><\/a>En su compromiso con la erradicaci\u00f3n de cualquier tipo de violencia contra las mujeres, la Universidad Pablo de Olavide cuenta con un <em>Protocolo de actuaci\u00f3n para la prevenci\u00f3n e intervenci\u00f3n frente al acoso sexual y por raz\u00f3n de sexo en el \u00e1mbito de la Universidad Pablo de Olavide,\u00a0<\/em>y con la Red Universitaria contra la Violencia de G\u00e9nero UPO, en la que PDI, PAS o estudiantes, a t\u00edtulo personal, prestan su apoyo al resto de la comunidad en esta materia.<\/p>\n<p>Asimismo, durante estos d\u00edas la\u00a0<strong>Delegaci\u00f3n del Rector para la Igualdad de G\u00e9nero<\/strong>\u00a0de la UPO, a trav\u00e9s de la\u00a0<strong>Oficina para la Igualdad<\/strong>, ha puesto en marcha una serie de acciones bajo el lema <strong>\u2018La UPO contra el acoso\u2019<\/strong> para la prevenci\u00f3n, detecci\u00f3n e intervenci\u00f3n frente al acoso sexual y por raz\u00f3n de sexo, contribuyendo a erradicar esta realidad y haci\u00e9ndola p\u00fablica.<\/p>\n<p>Tambi\u00e9n est\u00e1n previstos, en el segundo semestre del curso acad\u00e9mico 2021\/2022,\u00a0<strong>cursos formativos dirigidos al personal docente e investigador y al personal de administraci\u00f3n y servicios<\/strong>, para facilitar informaci\u00f3n sobre c\u00f3mo detectar y actuar contra cualquier situaci\u00f3n de acoso sexual y sexista en el campus universitario, sensibilizando y formando de esta manera a toda la comunidad universitaria.<\/p>\n<p><strong>M\u00e1s informaci\u00f3n:<\/strong><\/p>\n<p><a href=\"https:\/\/www.upo.es\/upsc\/igualdad\/25n-para-la-erradicacion-de-las-violencias\/\">Programaci\u00f3n completa de la campa\u00f1a del 25-N de la Universidad Pablo de Olavide<\/a><\/p>\n<p>&nbsp;<\/p>\n","protected":false},"excerpt":{"rendered":"<p>La Universidad Pablo de Olavide muestra su m\u00e1s firme rechazo a cualquier tipo de violencia contra las mujeres. As\u00ed, lo ha trasladado el rector de la UPO, Francisco Oliva Bl\u00e1zquez, a la comunidad universitaria, durante la lectura del Manifiesto de la CRUE con motivo del D\u00eda Internacional Por la Eliminaci\u00f3n de la Violencia contra las Mujeres, en un acto simb\u00f3lico en el que ha estado acompa\u00f1ado por la delegada del rector para la Igualdad de G\u00e9nero, M\u00f3nica Dom\u00ednguez Serrano, y por todos los miembros de su equipo de gobierno.<\/p>\n","protected":false},"author":15,"featured_media":30869773,"comment_status":"closed","ping_status":"open","sticky":false,"template":"","format":"standard","meta":{"_monsterinsights_skip_tracking":false,"_monsterinsights_sitenote_active":false,"_monsterinsights_sitenote_note":"","_monsterinsights_sitenote_category":0,"footnotes":""},"categories":[6],"tags":[4751,7381,7677,7678,7676],"class_list":["post-30869771","post","type-post","status-publish","format-standard","has-post-thumbnail","hentry","category-institucional","tag-equipo-de-gobierno","tag-francisco-oliva","tag-lectura-manifiesto-crue","tag-monica-dominguez","tag-violencia-contra-las-mujeres"],"_links":{"self":[{"href":"https:\/\/www.upo.es\/diario\/wp-json\/wp\/v2\/posts\/30869771","targetHints":{"allow":["GET"]}}],"collection":[{"href":"https:\/\/www.upo.es\/diario\/wp-json\/wp\/v2\/posts"}],"about":[{"href":"https:\/\/www.upo.es\/diario\/wp-json\/wp\/v2\/types\/post"}],"author":[{"embeddable":true,"href":"https:\/\/www.upo.es\/diario\/wp-json\/wp\/v2\/users\/15"}],"replies":[{"embeddable":true,"href":"https:\/\/www.upo.es\/diario\/wp-json\/wp\/v2\/comments?post=30869771"}],"version-history":[{"count":2,"href":"https:\/\/www.upo.es\/diario\/wp-json\/wp\/v2\/posts\/30869771\/revisions"}],"predecessor-version":[{"id":30869775,"href":"https:\/\/www.upo.es\/diario\/wp-json\/wp\/v2\/posts\/30869771\/revisions\/30869775"}],"wp:featuredmedia":[{"embeddable":true,"href":"https:\/\/www.upo.es\/diario\/wp-json\/wp\/v2\/media\/30869773"}],"wp:attachment":[{"href":"https:\/\/www.upo.es\/diario\/wp-json\/wp\/v2\/media?parent=30869771"}],"wp:term":[{"taxonomy":"category","embeddable":true,"href":"https:\/\/www.upo.es\/diario\/wp-json\/wp\/v2\/categories?post=30869771"},{"taxonomy":"post_tag","embeddable":true,"href":"https:\/\/www.upo.es\/diario\/wp-json\/wp\/v2\/tags?post=30869771"}],"curies":[{"name":"wp","href":"https:\/\/api.w.org\/{rel}","templated":true}]}}