{"id":30869784,"date":"2021-11-26T13:00:09","date_gmt":"2021-11-26T12:00:09","guid":{"rendered":"https:\/\/www.upo.es\/diario\/?p=30869784"},"modified":"2021-12-17T12:13:18","modified_gmt":"2021-12-17T11:13:18","slug":"ceremonias-graduacion-grado-ciencias-actividad-fisica-y-del-deporte","status":"publish","type":"post","link":"https:\/\/www.upo.es\/diario\/comunidad\/2021\/11\/ceremonias-graduacion-grado-ciencias-actividad-fisica-y-del-deporte\/","title":{"rendered":"Ceremonias de graduaci\u00f3n del Grado en Ciencias de la Actividad F\u00edsica y del Deporte de la UPO"},"content":{"rendered":"<figure id=\"attachment_30869785\" aria-describedby=\"caption-attachment-30869785\" style=\"width: 750px\" class=\"wp-caption aligncenter\"><a href=\"https:\/\/www.upo.es\/diario\/comunidad\/2021\/11\/ceremonias-graduacion-grado-ciencias-actividad-fisica-y-del-deporte\/attachment\/egresados_deporte\/\"><img loading=\"lazy\" decoding=\"async\" class=\"wp-image-30869785 size-large\" src=\"https:\/\/www.upo.es\/diario\/wp-content\/uploads\/2021\/11\/egresados_deporte-750x290.jpg\" alt=\"\" width=\"750\" height=\"290\" srcset=\"https:\/\/www.upo.es\/diario\/wp-content\/uploads\/2021\/11\/egresados_deporte-750x290.jpg 750w, https:\/\/www.upo.es\/diario\/wp-content\/uploads\/2021\/11\/egresados_deporte-360x139.jpg 360w, https:\/\/www.upo.es\/diario\/wp-content\/uploads\/2021\/11\/egresados_deporte-768x297.jpg 768w, https:\/\/www.upo.es\/diario\/wp-content\/uploads\/2021\/11\/egresados_deporte-1536x594.jpg 1536w, https:\/\/www.upo.es\/diario\/wp-content\/uploads\/2021\/11\/egresados_deporte-2048x792.jpg 2048w, https:\/\/www.upo.es\/diario\/wp-content\/uploads\/2021\/11\/egresados_deporte-1320x511.jpg 1320w\" sizes=\"auto, (max-width: 750px) 100vw, 750px\" \/><\/a><figcaption id=\"caption-attachment-30869785\" class=\"wp-caption-text\">Promociones 2016\/20 y 2017\/21 del Grado en Ciencias de la Actividad F\u00edsica y del Deporte.\u00a0 \u00a0 \u00a0 \u00a0 \u00a0 \u00a0 \u00a0 \u00a0 \u00a0 \u00a0 Foto: <a id=\"LPNoLPOWALinkPreview\" href=\"http:\/\/www.fotoexito.es\"> www.fotoexito.es<\/a><\/figcaption><\/figure>\n<p>Las ceremonias de graduaci\u00f3n de las <strong>promociones 2016\/20 y 2017\/21 del Grado en Ciencias de la Actividad F\u00edsica y del Deporte de la Universidad Pablo de Olavide<\/strong> se celebraron ayer jueves 25 de noviembre en el Paraninfo. Los actos fueron presididos por el <strong>vicerrector de Campus Saludable y Deporte de la UPO, Antonio Fern\u00e1ndez Mart\u00ednez y el decano de la Facultad de Ciencias del Deporte, Javier G\u00e1lvez Gonz\u00e1lez.<\/strong><\/p>\n<p><a href=\"https:\/\/www.upo.es\/diario\/wp-content\/uploads\/2021\/11\/UPO211125_272-scaled.jpg\"><img loading=\"lazy\" decoding=\"async\" class=\"alignright wp-image-30869786 size-medium\" src=\"https:\/\/www.upo.es\/diario\/wp-content\/uploads\/2021\/11\/UPO211125_272-360x240.jpg\" alt=\"\" width=\"360\" height=\"240\" srcset=\"https:\/\/www.upo.es\/diario\/wp-content\/uploads\/2021\/11\/UPO211125_272-360x240.jpg 360w, https:\/\/www.upo.es\/diario\/wp-content\/uploads\/2021\/11\/UPO211125_272-750x501.jpg 750w, https:\/\/www.upo.es\/diario\/wp-content\/uploads\/2021\/11\/UPO211125_272-768x513.jpg 768w, https:\/\/www.upo.es\/diario\/wp-content\/uploads\/2021\/11\/UPO211125_272-1536x1025.jpg 1536w, https:\/\/www.upo.es\/diario\/wp-content\/uploads\/2021\/11\/UPO211125_272-2048x1367.jpg 2048w, https:\/\/www.upo.es\/diario\/wp-content\/uploads\/2021\/11\/UPO211125_272-165x109.jpg 165w, https:\/\/www.upo.es\/diario\/wp-content\/uploads\/2021\/11\/UPO211125_272-1320x881.jpg 1320w\" sizes=\"auto, (max-width: 360px) 100vw, 360px\" \/><\/a>Los padrinos han sido el <strong>atleta ol\u00edmpico Alberto Marco Contreras<\/strong> para la promoci\u00f3n del 2016\/20 y <strong>la regatista internacional Carmen Morgado Barroso<\/strong> para la promoci\u00f3n del 2017\/21. A las ceremonias tambi\u00e9n asistieron \u00c1frica Calvo Lluch, directora general de Deporte de la UPO y Javier Brazo Sayavera, vicedecano de Calidad e Innovaci\u00f3n Docente de la Facultad de Ciencias del Deporte.<\/p>\n<p>El estudiante <strong>Alexis Garc\u00eda Jim\u00e9nez<\/strong> pronunci\u00f3 el discurso en representaci\u00f3n del alumnado egresado de la promoci\u00f3n 2016\/20 y los estudiantes <strong>Ra\u00fal Tellado Garc\u00eda y Jes\u00fas Jim\u00e9nez Duarte<\/strong> pronunciaron el discurso de la promoci\u00f3n 2017\/2021. Un total de 147 egresados y egresadas han asistido a estos actos con el que la Universidad Pablo de Olavide recupera una antigua tradici\u00f3n de las universidades europeas.<\/p>\n","protected":false},"excerpt":{"rendered":"<p>Las ceremonias de graduaci\u00f3n de las promociones 2016\/20 y 2017\/21 del Grado en Ciencias de la Actividad F\u00edsica y del Deporte de la Universidad Pablo de Olavide se celebraron ayer jueves 25 de noviembre en el Paraninfo. Los actos fueron presididos por el vicerrector de Campus Saludable y Deporte de la UPO, Antonio Fern\u00e1ndez Mart\u00ednez y el decano de la Facultad de Ciencias del Deporte, Javier G\u00e1lvez Gonz\u00e1lez.<\/p>\n","protected":false},"author":4,"featured_media":30869787,"comment_status":"closed","ping_status":"open","sticky":false,"template":"","format":"standard","meta":{"_monsterinsights_skip_tracking":false,"_monsterinsights_sitenote_active":false,"_monsterinsights_sitenote_note":"","_monsterinsights_sitenote_category":0,"footnotes":""},"categories":[5842],"tags":[581,3342,1331],"class_list":["post-30869784","post","type-post","status-publish","format-standard","has-post-thumbnail","hentry","category-comunidad","tag-ceremonia-de-egresados","tag-facultad-de-ciencias-del-deporte","tag-grado-en-ciencias-de-la-actividad-fisica-y-del-deporte"],"_links":{"self":[{"href":"https:\/\/www.upo.es\/diario\/wp-json\/wp\/v2\/posts\/30869784","targetHints":{"allow":["GET"]}}],"collection":[{"href":"https:\/\/www.upo.es\/diario\/wp-json\/wp\/v2\/posts"}],"about":[{"href":"https:\/\/www.upo.es\/diario\/wp-json\/wp\/v2\/types\/post"}],"author":[{"embeddable":true,"href":"https:\/\/www.upo.es\/diario\/wp-json\/wp\/v2\/users\/4"}],"replies":[{"embeddable":true,"href":"https:\/\/www.upo.es\/diario\/wp-json\/wp\/v2\/comments?post=30869784"}],"version-history":[{"count":4,"href":"https:\/\/www.upo.es\/diario\/wp-json\/wp\/v2\/posts\/30869784\/revisions"}],"predecessor-version":[{"id":30870159,"href":"https:\/\/www.upo.es\/diario\/wp-json\/wp\/v2\/posts\/30869784\/revisions\/30870159"}],"wp:featuredmedia":[{"embeddable":true,"href":"https:\/\/www.upo.es\/diario\/wp-json\/wp\/v2\/media\/30869787"}],"wp:attachment":[{"href":"https:\/\/www.upo.es\/diario\/wp-json\/wp\/v2\/media?parent=30869784"}],"wp:term":[{"taxonomy":"category","embeddable":true,"href":"https:\/\/www.upo.es\/diario\/wp-json\/wp\/v2\/categories?post=30869784"},{"taxonomy":"post_tag","embeddable":true,"href":"https:\/\/www.upo.es\/diario\/wp-json\/wp\/v2\/tags?post=30869784"}],"curies":[{"name":"wp","href":"https:\/\/api.w.org\/{rel}","templated":true}]}}