{"id":30869796,"date":"2021-11-26T14:31:07","date_gmt":"2021-11-26T13:31:07","guid":{"rendered":"https:\/\/www.upo.es\/diario\/?p=30869796"},"modified":"2021-12-02T14:09:26","modified_gmt":"2021-12-02T13:09:26","slug":"el-rector-aborda-en-consejo-de-gobierno-los-temas-de-interes-para-la-universidad-durante-el-mes-de-noviembre","status":"publish","type":"post","link":"https:\/\/www.upo.es\/diario\/institucional\/2021\/11\/el-rector-aborda-en-consejo-de-gobierno-los-temas-de-interes-para-la-universidad-durante-el-mes-de-noviembre\/","title":{"rendered":"El rector aborda en Consejo de Gobierno los temas de inter\u00e9s para la Universidad durante el mes de noviembre"},"content":{"rendered":"<p><a href=\"https:\/\/www.upo.es\/diario\/wp-content\/uploads\/2021\/11\/CG_nov212.jpg\"><img loading=\"lazy\" decoding=\"async\" class=\"aligncenter wp-image-30869797 size-large\" src=\"https:\/\/www.upo.es\/diario\/wp-content\/uploads\/2021\/11\/CG_nov212-e1638450560927-750x373.jpg\" alt=\"\" width=\"750\" height=\"373\" srcset=\"https:\/\/www.upo.es\/diario\/wp-content\/uploads\/2021\/11\/CG_nov212-e1638450560927-750x373.jpg 750w, https:\/\/www.upo.es\/diario\/wp-content\/uploads\/2021\/11\/CG_nov212-e1638450560927-360x179.jpg 360w, https:\/\/www.upo.es\/diario\/wp-content\/uploads\/2021\/11\/CG_nov212-e1638450560927-768x382.jpg 768w, https:\/\/www.upo.es\/diario\/wp-content\/uploads\/2021\/11\/CG_nov212-e1638450560927-1536x763.jpg 1536w, https:\/\/www.upo.es\/diario\/wp-content\/uploads\/2021\/11\/CG_nov212-e1638450560927-2048x1017.jpg 2048w, https:\/\/www.upo.es\/diario\/wp-content\/uploads\/2021\/11\/CG_nov212-e1638450560927-1320x656.jpg 1320w\" sizes=\"auto, (max-width: 750px) 100vw, 750px\" \/><\/a>Durante la d\u00e9cimo segunda sesi\u00f3n de Consejo de Gobierno celebrada hoy 26 de noviembre, el rector de la Universidad Pablo de Olavide, Francisco Oliva Bl\u00e1zquez, ha comunicado a los asistentes a la reuni\u00f3n cu\u00e1les han sido los diferentes asuntos que han ocupado a la instituci\u00f3n durante el mes de noviembre.<\/p>\n<p>En primer lugar, el rector ha manifestado su preocupaci\u00f3n por la no aprobaci\u00f3n de los presupuestos de la Junta de Andaluc\u00eda que perjudica a todo el sistema andaluz de Universidades y, en especial, a la Universidad Pablo de Olavide, al estar incluido en tales presupuestos el nuevo modelo de financiaci\u00f3n.<\/p>\n<p>En lo que respecta a personal, el rector comunica la noticia de que <strong>ha quedado definitivamente autorizada la oferta p\u00fablica complementaria de plazas para el profesorado cedidas por otras Universidades<\/strong>, hecho que ha provocado la convocatoria de un Consejo de Gobierno extraordinario para su aprobaci\u00f3n, en el mismo d\u00eda de hoy, con el objetivo de acelerar los plazos. En concreto, se ofertan 20 plazas cedidas por la Universidad de M\u00e1laga y 5 plazas cedidas por la Universidad de Granada. El rector incide en el hecho de que hace un a\u00f1o hab\u00eda en torno a 150 personas en lista de espera, y la primera persona de la lista llevaba esperando siete a\u00f1os. En esta \u00faltima convocatoria el plazo de espera se ha limitado a dos a\u00f1os. Es decir, en un solo a\u00f1o de gesti\u00f3n se ha conseguido reducir la espera cinco a\u00f1os. Adem\u00e1s, el rector anuncia que ya han empezado las conversaciones con otras universidades para la cesi\u00f3n de la tasa de reposici\u00f3n del a\u00f1o que viene.<\/p>\n<p>Por otra parte, <strong>el rector ha presentado ante el Consejo de Gobierno el Plan UNIDIGITAL<\/strong>, enmarcado en el Plan de Recuperaci\u00f3n, Transformaci\u00f3n y Resiliencia del Ministerio de Universidades para la modernizaci\u00f3n en los sistemas de digitalizaci\u00f3n de las Universidades Publicas.<\/p>\n<p>La Universidad Pablo de Olavide va a recibir 812.140, 90 euros. Se trata de una aportaci\u00f3n finalista, condicionada a que se aumente el \u00edndice de digitalizaci\u00f3n de la Universidad al menos en un 10%, en un plazo de dos a\u00f1os. Los plazos de pagos son escalonados y se establecen varias fases. En concreto, coexisten dos tipos de proyectos: propios y colaborativos. Estos \u00faltimos son proyectos con otras universidades y a los que se debe dedicar el 50% de los fondos que recibir\u00e1 la Universidad. La UPO ha llegado a acuerdos con varias universidades en siete proyectos colaborativos en los siguientes \u00e1mbitos:\u00a0 administraci\u00f3n electr\u00f3nica, certificaci\u00f3n digital, hiperautomatizaci\u00f3n de procesos administrativos, competencias digitales del profesorado, competencias digitales generales, seguridad inform\u00e1tica y difusi\u00f3n de la investigaci\u00f3n. En cuanto a los proyectos propios, esta aportaci\u00f3n contribuir\u00e1 para culminar el Plan de digitalizaci\u00f3n de la Universidad, que se encuentra bastante avanzado. El rector destaca que este hecho representa una excelente oportunidad para la Universidad y felicita p\u00fablicamente al vicerrector de Transformaci\u00f3n Digital y Calidad y a su equipo del CIC por todo el trabajo realizado.<\/p>\n<p>En otro orden de cosas, el rector ha hecho referencia a la <strong>visita de la directora de la ANECA <\/strong>durante esta semana, en la que se han abordado diferentes cuestiones de inter\u00e9s para la Universidad:\u00a0 nuevos sellos que se van a implementar en la Universidad sobre igualdad, empleabilidad, sostenibilidad o la oportunidad de introducir elementos nuevos de calidad en la evaluaci\u00f3n del profesorado. De las conversaciones mantenidas se puede adelantar que el sexenio de transferencia no va a ser convocado este a\u00f1o. Respecto al sexenio de docencia, se indic\u00f3 que al menos se va a tardar dos a\u00f1os completos para que se implemente &#8211; lo que proporciona tiempo a la Universidad para culminar el proceso del seguimiento docente -, que adem\u00e1s estar\u00eda sujeto a la correspondiente autorizaci\u00f3n por el Ministerio de Hacienda y Funci\u00f3n P\u00fablica.<\/p>\n<p><a href=\"https:\/\/www.upo.es\/diario\/wp-content\/uploads\/2021\/11\/CG_nov211.jpg\"><img loading=\"lazy\" decoding=\"async\" class=\"size-medium wp-image-30869798 alignright\" src=\"https:\/\/www.upo.es\/diario\/wp-content\/uploads\/2021\/11\/CG_nov211-360x252.jpg\" alt=\"\" width=\"360\" height=\"252\" srcset=\"https:\/\/www.upo.es\/diario\/wp-content\/uploads\/2021\/11\/CG_nov211-360x252.jpg 360w, https:\/\/www.upo.es\/diario\/wp-content\/uploads\/2021\/11\/CG_nov211-750x526.jpg 750w, https:\/\/www.upo.es\/diario\/wp-content\/uploads\/2021\/11\/CG_nov211-768x538.jpg 768w, https:\/\/www.upo.es\/diario\/wp-content\/uploads\/2021\/11\/CG_nov211-1536x1076.jpg 1536w, https:\/\/www.upo.es\/diario\/wp-content\/uploads\/2021\/11\/CG_nov211-2048x1435.jpg 2048w, https:\/\/www.upo.es\/diario\/wp-content\/uploads\/2021\/11\/CG_nov211-1320x925.jpg 1320w\" sizes=\"auto, (max-width: 360px) 100vw, 360px\" \/><\/a>Asimismo, el rector ha informado sobre la reuni\u00f3n celebrada en la Universidad de Bayreuth (Alemania) entre los nueve rectores implicados en la <strong>Red de Universidades<\/strong>. Dos jornadas muy intensas de trabajo para presentar el proyecto con el que se concurrir\u00e1 a la convocatoria que, presumiblemente, ser\u00e1 en primavera. En esta reuni\u00f3n, se acord\u00f3 como primordial la inclusi\u00f3n de un punto de conexi\u00f3n con Latinoam\u00e9rica, propuesta de la UPO que fue muy bien acogida por el resto de rectores.<\/p>\n<p>Adem\u00e1s, en cuanto al <strong>abono de transporte joven<\/strong> que vienen reclamando los estudiantes desde hace unos meses, el rector ha explicado que finalmente se consigui\u00f3 por parte de la Junta de Andaluc\u00eda un descuento para los estudiantes del 50% sobre el precio, incluida en los presupuestos auton\u00f3micos con una asignaci\u00f3n presupuestaria de cinco millones de euros.<\/p>\n<p>Por \u00faltimo, el rector ha tenido unas palabras de recuerdo para <strong>Arsenio Moreno<\/strong>, tristemente fallecido en este mes y para <strong>Maximiano Jim\u00e9nez<\/strong>, conductor que ha prestado servicio a la Universidad Pablo de Olavide desde sus inicios, por su jubilaci\u00f3n.<\/p>\n<p>Adem\u00e1s, ha informado sobre un <strong>nuevo punto de vacunaci\u00f3n en la Plaza de Am\u00e9rica<\/strong> y ha animado a la vacunaci\u00f3n de las personas que todav\u00eda no tienen la pauta completa o que pueden ya solicitar la tercera dosis, como es el caso de las personas mayores de 65 a\u00f1os.<\/p>\n<h3><strong>Aprobada la reforma del Reglamento Electoral de la UPO para regular el sistema de voto electr\u00f3nico<\/strong><\/h3>\n<p>Entre los acuerdos adoptados, destaca la aprobaci\u00f3n de la reforma del Reglamento Electoral de la UPO para regular el sistema de voto electr\u00f3nico. De esta manera, se concreta un sistema de voto seguro y garantista que se aborde en t\u00e9rminos de legitimidad democr\u00e1tica, al facilitar la participaci\u00f3n en los procesos electorales.<\/p>\n<p>El rector ha insistido que se trata de la constituci\u00f3n del marco jur\u00eddico, no de la implementaci\u00f3n inmediata. Su regulaci\u00f3n no implica su uso obligatorio ni es sustitutivo del voto presencial pero s\u00ed ser\u00e1 muy \u00fatil en situaciones extraordinarias, como la vivida a consecuencia de la pandemia.<\/p>\n<p>La principal ventaja de este tipo de sistemas es la de facilitar una mayor participaci\u00f3n de la comunidad universitaria en los procesos electorales, con los beneficios que comporta desde el punto de vista de la legitimidad democr\u00e1tica en la toma de decisiones. A esta, hay que a\u00f1adir otras muchas ventajas desde la perspectiva de la eficacia y eficiencia: la eliminaci\u00f3n de costes asociados a la impresi\u00f3n de papeletas tradicionales, la reducci\u00f3n de la log\u00edstica de los procesos tradicionales, la mejora de la fiabilidad de los resultados, la minimizaci\u00f3n de errores, la disminuci\u00f3n en el tiempo de recuento de votos y consolidaci\u00f3n y difusi\u00f3n de resultados, las mejoras en seguridad y auditabilidad, as\u00ed como el mantenimiento del secreto del voto, al no existir registro de traza voto-votante.<\/p>\n<p>Asimismo, la modificaci\u00f3n, articula la posibilidad de que la votaci\u00f3n anticipada en los procesos electorales presenciales pueda llevarse a cabo por medio del sistema de votaci\u00f3n electr\u00f3nica.<\/p>\n<p>Este proyecto de reforma ha sido impulsado por la secretaria general de la UPO, Mar\u00eda Holgado, y por el vicesecretario general, Francisco Toscano y se enmarca en el proceso de transformaci\u00f3n digital que promueve la Universidad.<\/p>\n<p>Adem\u00e1s de la reforma del Reglamento Electoral, en la 12\u00aa sesi\u00f3n, se han aprobado, entre otros asuntos, la <strong>creaci\u00f3n del Instituto interuniversitario Europeo de Sostenibilidad en Gesti\u00f3n<\/strong> o la <strong>creaci\u00f3n de una red de universidades, organismos p\u00fablicos de investigaci\u00f3n y otras organizaciones cient\u00edficas y acad\u00e9micas (Red ANExx<\/strong><strong>I<\/strong><strong>) para la realizaci\u00f3n de los trabajos cient\u00edficos y t\u00e9cnicos que conduzcan a la elaboraci\u00f3n y publicaci\u00f3n del Atlas Nacional de Espa\u00f1a del siglo XXI.<\/strong> En el caso de la creaci\u00f3n del Instituto interuniversitario, se requiere la aprobaci\u00f3n definitiva por parte del Consejo de Gobierno de la Junta de Andaluc\u00eda, previo informe favorable del Consejo Social.<\/p>\n<p>M\u00e1s informaci\u00f3n: Todos los acuerdos que se han adoptado por el Consejo de Gobierno de la Universidad Pablo de Olavide pueden consultar los en el espacio \u2018Acuerdos\u2019 de la p\u00e1gina web de Secretar\u00eda General.<\/p>\n<p><a href=\"https:\/\/www.upo.es\/organos-colegiados\/consejo-de-gobierno\/informes-acuerdos-y-actas\/acuerdos\/2021\/\">https:\/\/www.upo.es\/organos-colegiados\/consejo-de-gobierno\/informes-acuerdos-y-actas\/acuerdos\/2021\/<\/a><\/p>\n<p>&nbsp;<\/p>\n","protected":false},"excerpt":{"rendered":"<p>Durante la d\u00e9cimo segunda sesi\u00f3n de Consejo de Gobierno celebrada hoy 26 de noviembre, el rector de la Universidad Pablo de Olavide, Francisco Oliva Bl\u00e1zquez, ha comunicado a los asistentes a la reuni\u00f3n cu\u00e1les han sido los diferentes asuntos que han ocupado a la instituci\u00f3n durante el mes de noviembre.<\/p>\n","protected":false},"author":15,"featured_media":30869797,"comment_status":"closed","ping_status":"open","sticky":false,"template":"","format":"standard","meta":{"_monsterinsights_skip_tracking":false,"_monsterinsights_sitenote_active":false,"_monsterinsights_sitenote_note":"","_monsterinsights_sitenote_category":0,"footnotes":""},"categories":[6],"tags":[7684,102,7681,7683,7685,7682,7625,1125],"class_list":["post-30869796","post","type-post","status-publish","format-standard","has-post-thumbnail","hentry","category-institucional","tag-abono-transporte-joven","tag-consejo-de-gobierno","tag-noviembre","tag-plan-unidigital","tag-red-anexxi","tag-reforma-reglamento-electoral","tag-tasa-de-reposicion","tag-voto-electronico"],"_links":{"self":[{"href":"https:\/\/www.upo.es\/diario\/wp-json\/wp\/v2\/posts\/30869796","targetHints":{"allow":["GET"]}}],"collection":[{"href":"https:\/\/www.upo.es\/diario\/wp-json\/wp\/v2\/posts"}],"about":[{"href":"https:\/\/www.upo.es\/diario\/wp-json\/wp\/v2\/types\/post"}],"author":[{"embeddable":true,"href":"https:\/\/www.upo.es\/diario\/wp-json\/wp\/v2\/users\/15"}],"replies":[{"embeddable":true,"href":"https:\/\/www.upo.es\/diario\/wp-json\/wp\/v2\/comments?post=30869796"}],"version-history":[{"count":2,"href":"https:\/\/www.upo.es\/diario\/wp-json\/wp\/v2\/posts\/30869796\/revisions"}],"predecessor-version":[{"id":30869869,"href":"https:\/\/www.upo.es\/diario\/wp-json\/wp\/v2\/posts\/30869796\/revisions\/30869869"}],"wp:featuredmedia":[{"embeddable":true,"href":"https:\/\/www.upo.es\/diario\/wp-json\/wp\/v2\/media\/30869797"}],"wp:attachment":[{"href":"https:\/\/www.upo.es\/diario\/wp-json\/wp\/v2\/media?parent=30869796"}],"wp:term":[{"taxonomy":"category","embeddable":true,"href":"https:\/\/www.upo.es\/diario\/wp-json\/wp\/v2\/categories?post=30869796"},{"taxonomy":"post_tag","embeddable":true,"href":"https:\/\/www.upo.es\/diario\/wp-json\/wp\/v2\/tags?post=30869796"}],"curies":[{"name":"wp","href":"https:\/\/api.w.org\/{rel}","templated":true}]}}