{"id":30869801,"date":"2021-11-29T13:28:47","date_gmt":"2021-11-29T12:28:47","guid":{"rendered":"https:\/\/www.upo.es\/diario\/?p=30869801"},"modified":"2021-12-01T15:51:29","modified_gmt":"2021-12-01T14:51:29","slug":"la-universidad-pablo-de-olavide-asesorara-al-ayuntamiento-de-la-rinconada-en-la-gestion-de-las-zonas-verdes-del-municipio","status":"publish","type":"post","link":"https:\/\/www.upo.es\/diario\/institucional\/2021\/11\/la-universidad-pablo-de-olavide-asesorara-al-ayuntamiento-de-la-rinconada-en-la-gestion-de-las-zonas-verdes-del-municipio\/","title":{"rendered":"La Universidad Pablo de Olavide asesorar\u00e1 al Ayuntamiento de La Rinconada en la gesti\u00f3n de las zonas verdes del municipio"},"content":{"rendered":"<figure id=\"attachment_30869802\" aria-describedby=\"caption-attachment-30869802\" style=\"width: 750px\" class=\"wp-caption aligncenter\"><a href=\"https:\/\/www.upo.es\/diario\/wp-content\/uploads\/2021\/11\/conve_LaRinconada01.jpg\"><img loading=\"lazy\" decoding=\"async\" class=\"size-large wp-image-30869802\" src=\"https:\/\/www.upo.es\/diario\/wp-content\/uploads\/2021\/11\/conve_LaRinconada01-750x500.jpg\" alt=\"\" width=\"750\" height=\"500\" srcset=\"https:\/\/www.upo.es\/diario\/wp-content\/uploads\/2021\/11\/conve_LaRinconada01-750x500.jpg 750w, https:\/\/www.upo.es\/diario\/wp-content\/uploads\/2021\/11\/conve_LaRinconada01-360x240.jpg 360w, https:\/\/www.upo.es\/diario\/wp-content\/uploads\/2021\/11\/conve_LaRinconada01-768x512.jpg 768w, https:\/\/www.upo.es\/diario\/wp-content\/uploads\/2021\/11\/conve_LaRinconada01-1536x1024.jpg 1536w, https:\/\/www.upo.es\/diario\/wp-content\/uploads\/2021\/11\/conve_LaRinconada01-2048x1366.jpg 2048w, https:\/\/www.upo.es\/diario\/wp-content\/uploads\/2021\/11\/conve_LaRinconada01-165x109.jpg 165w, https:\/\/www.upo.es\/diario\/wp-content\/uploads\/2021\/11\/conve_LaRinconada01-1320x880.jpg 1320w\" sizes=\"auto, (max-width: 750px) 100vw, 750px\" \/><\/a><figcaption id=\"caption-attachment-30869802\" class=\"wp-caption-text\">El rector Francisco Oliva Bl\u00e1zquez junto al alcalde del Ayuntamiento de La Rinconada, Francisco Javier Fern\u00e1ndez de los R\u00edos.<\/figcaption><\/figure>\n<p>El rector de la Universidad Pablo de Olavide, <strong>Francisco Oliva Bl\u00e1zquez<\/strong>, y el alcalde del Ayuntamiento de La Rinconada, <strong>Francisco Javier Fern\u00e1ndez de los R\u00edos<\/strong>, han firmado un acuerdo a trav\u00e9s del cual, investigadores del Departamento de Biolog\u00eda Molecular e Ingenier\u00eda Bioqu\u00edmica de la UPO llevar\u00e1n a cabo un <strong>servicio de asesoramiento t\u00e9cnico en la gesti\u00f3n de las zonas verdes del municipio<\/strong>.<\/p>\n<figure id=\"attachment_30869803\" aria-describedby=\"caption-attachment-30869803\" style=\"width: 360px\" class=\"wp-caption alignright\"><a href=\"https:\/\/www.upo.es\/diario\/wp-content\/uploads\/2021\/11\/conve_LaRinconada02.jpg\"><img loading=\"lazy\" decoding=\"async\" class=\"size-medium wp-image-30869803\" src=\"https:\/\/www.upo.es\/diario\/wp-content\/uploads\/2021\/11\/conve_LaRinconada02-360x230.jpg\" alt=\"\" width=\"360\" height=\"230\" srcset=\"https:\/\/www.upo.es\/diario\/wp-content\/uploads\/2021\/11\/conve_LaRinconada02-360x230.jpg 360w, https:\/\/www.upo.es\/diario\/wp-content\/uploads\/2021\/11\/conve_LaRinconada02-750x479.jpg 750w, https:\/\/www.upo.es\/diario\/wp-content\/uploads\/2021\/11\/conve_LaRinconada02-768x490.jpg 768w, https:\/\/www.upo.es\/diario\/wp-content\/uploads\/2021\/11\/conve_LaRinconada02-1536x981.jpg 1536w, https:\/\/www.upo.es\/diario\/wp-content\/uploads\/2021\/11\/conve_LaRinconada02-2048x1308.jpg 2048w, https:\/\/www.upo.es\/diario\/wp-content\/uploads\/2021\/11\/conve_LaRinconada02-1320x843.jpg 1320w\" sizes=\"auto, (max-width: 360px) 100vw, 360px\" \/><\/a><figcaption id=\"caption-attachment-30869803\" class=\"wp-caption-text\">De izquierda a derecha, Modesto Luce\u00f1o, el alcalde Francisco Javier Fern\u00e1ndez de los R\u00edos, el rector Francisco Oliva Bl\u00e1zquez, Jos\u00e9 Manuel Romero Campos y Rafael Reyes Soriano.<\/figcaption><\/figure>\n<p>As\u00ed, en el marco de un plan integral medioambiental impulsado por el <strong>Ayuntamiento de La Rinconada<\/strong>, con el objetivo de optimizar y mejorar el patrimonio verde del t\u00e9rmino municipal, el equipo liderado por el profesor del \u00c1rea de Bot\u00e1nica <strong>Modesto Luce\u00f1o Garc\u00e9s<\/strong>, realizar\u00e1 un estudio y un inventario completo de las especies arb\u00f3reas y arbustivas, as\u00ed como un diagn\u00f3stico de su estado de conservaci\u00f3n para, en una segunda fase del trabajo, realizar un informe con recomendaciones sobre acciones a emprender.<\/p>\n<p>El rector y el alcalde han estado acompa\u00f1ados por <strong>Jos\u00e9 Manuel Romero Campos<\/strong>, delegado de H\u00e1bitat Urbano, y por <strong>Rafael Reyes Soriano<\/strong>, delegado de Servicios Generales, Parques y Jardines e Infraestructura P\u00fablica, ambos del Ayuntamiento de La Rinconada, as\u00ed como el profesor Modesto Luce\u00f1o junto a integrantes de su equipo.<\/p>\n<p>Tras la firma del acuerdo, el rector ha mostrado su agradecimiento al Ayuntamiento de La Rinconada por contar con la UPO para realizar este proyecto, \u201cpues como universidad p\u00fablica estamos al servicio de la sociedad\u201d. Francisco Oliva tambi\u00e9n ha resaltado el car\u00e1cter local de la Universidad Pablo de Olavide, \u201cque siempre mira a las administraciones p\u00fablicas municipales para crear sinergias y ofrecer apoyo en la formaci\u00f3n, investigaci\u00f3n y en transferencia de conocimiento\u201d.<\/p>\n<p>Finalmente, el rector ha resaltado el objeto de este proyecto, centrado en la sostenibilidad medioambiental. \u201cSi algo ha puesto de manifiesto la pandemia es que no podemos seguir con el mismo modo de vida que hemos llevado hasta ahora, tenemos que volver a conectarnos con la naturaleza, con la energ\u00eda sostenible, y con un modo de vida saludable con el que nuestra universidad est\u00e1 comprometida\u201d, ha declarado el rector.<\/p>\n<p>Por su parte, el alcalde de La Rinconada ha mostrado su satisfacci\u00f3n y agradecimiento por la firma de este acuerdo y poder contar as\u00ed con el conocimiento generado desde la Universidad Pablo de Olavide, \u201cuna universidad abierta a todas las administraciones en general y al \u00e1mbito municipal en particular\u201d. Francisco Javier Fern\u00e1ndez tambi\u00e9n ha declarado c\u00f3mo desde el Ayuntamiento se lleva trabajando desde hace mucho tiempo en crear un municipio verde y habitable, \u201cpues somos una instituci\u00f3n comprometida con el medio ambiente y con la calidad de vida de nuestros vecinos y vecinas\u201d.<\/p>\n","protected":false},"excerpt":{"rendered":"<p>El rector de la Universidad Pablo de Olavide, Francisco Oliva Bl\u00e1zquez, y el alcalde del Ayuntamiento de La Rinconada, Francisco Javier Fern\u00e1ndez de los R\u00edos, han firmado un acuerdo a trav\u00e9s del cual, investigadores del Departamento de Biolog\u00eda Molecular e Ingenier\u00eda Bioqu\u00edmica de la UPO llevar\u00e1n a cabo un servicio de asesoramiento t\u00e9cnico en la gesti\u00f3n de las zonas verdes del municipio.<\/p>\n","protected":false},"author":2,"featured_media":30869802,"comment_status":"closed","ping_status":"open","sticky":false,"template":"","format":"standard","meta":{"_monsterinsights_skip_tracking":false,"_monsterinsights_sitenote_active":false,"_monsterinsights_sitenote_note":"","_monsterinsights_sitenote_category":0,"footnotes":""},"categories":[6],"tags":[700,7376,1146,498,4469,429,7686,38,832,5141],"class_list":["post-30869801","post","type-post","status-publish","format-standard","has-post-thumbnail","hentry","category-institucional","tag-acuerdo","tag-asesoramiento","tag-conservacion","tag-contrato","tag-la-rinconada","tag-medio-ambiente","tag-patrimonio-verde","tag-rector","tag-sostenibilidad","tag-zonas-verdes"],"_links":{"self":[{"href":"https:\/\/www.upo.es\/diario\/wp-json\/wp\/v2\/posts\/30869801","targetHints":{"allow":["GET"]}}],"collection":[{"href":"https:\/\/www.upo.es\/diario\/wp-json\/wp\/v2\/posts"}],"about":[{"href":"https:\/\/www.upo.es\/diario\/wp-json\/wp\/v2\/types\/post"}],"author":[{"embeddable":true,"href":"https:\/\/www.upo.es\/diario\/wp-json\/wp\/v2\/users\/2"}],"replies":[{"embeddable":true,"href":"https:\/\/www.upo.es\/diario\/wp-json\/wp\/v2\/comments?post=30869801"}],"version-history":[{"count":1,"href":"https:\/\/www.upo.es\/diario\/wp-json\/wp\/v2\/posts\/30869801\/revisions"}],"predecessor-version":[{"id":30869804,"href":"https:\/\/www.upo.es\/diario\/wp-json\/wp\/v2\/posts\/30869801\/revisions\/30869804"}],"wp:featuredmedia":[{"embeddable":true,"href":"https:\/\/www.upo.es\/diario\/wp-json\/wp\/v2\/media\/30869802"}],"wp:attachment":[{"href":"https:\/\/www.upo.es\/diario\/wp-json\/wp\/v2\/media?parent=30869801"}],"wp:term":[{"taxonomy":"category","embeddable":true,"href":"https:\/\/www.upo.es\/diario\/wp-json\/wp\/v2\/categories?post=30869801"},{"taxonomy":"post_tag","embeddable":true,"href":"https:\/\/www.upo.es\/diario\/wp-json\/wp\/v2\/tags?post=30869801"}],"curies":[{"name":"wp","href":"https:\/\/api.w.org\/{rel}","templated":true}]}}