{"id":30869806,"date":"2021-11-30T11:37:37","date_gmt":"2021-11-30T10:37:37","guid":{"rendered":"https:\/\/www.upo.es\/diario\/?p=30869806"},"modified":"2021-12-01T15:51:00","modified_gmt":"2021-12-01T14:51:00","slug":"el-cdp-san-juan-bosco-ganador-del-video-concurso-programar-en-igualdad-de-la-upo","status":"publish","type":"post","link":"https:\/\/www.upo.es\/diario\/docencia-formacion\/2021\/11\/el-cdp-san-juan-bosco-ganador-del-video-concurso-programar-en-igualdad-de-la-upo\/","title":{"rendered":"El CDP San Juan Bosco, ganador del V\u00eddeo-Concurso \u2018Programar en Igualdad\u2019 de la UPO"},"content":{"rendered":"<figure id=\"attachment_30869807\" aria-describedby=\"caption-attachment-30869807\" style=\"width: 750px\" class=\"wp-caption aligncenter\"><a href=\"https:\/\/www.upo.es\/diario\/wp-content\/uploads\/2021\/11\/ganador_programar_igualdad01.jpeg\"><img loading=\"lazy\" decoding=\"async\" class=\"size-large wp-image-30869807\" src=\"https:\/\/www.upo.es\/diario\/wp-content\/uploads\/2021\/11\/ganador_programar_igualdad01-750x563.jpeg\" alt=\"\" width=\"750\" height=\"563\" srcset=\"https:\/\/www.upo.es\/diario\/wp-content\/uploads\/2021\/11\/ganador_programar_igualdad01-750x563.jpeg 750w, https:\/\/www.upo.es\/diario\/wp-content\/uploads\/2021\/11\/ganador_programar_igualdad01-360x270.jpeg 360w, https:\/\/www.upo.es\/diario\/wp-content\/uploads\/2021\/11\/ganador_programar_igualdad01-768x576.jpeg 768w, https:\/\/www.upo.es\/diario\/wp-content\/uploads\/2021\/11\/ganador_programar_igualdad01.jpeg 1024w\" sizes=\"auto, (max-width: 750px) 100vw, 750px\" \/><\/a><figcaption id=\"caption-attachment-30869807\" class=\"wp-caption-text\">Las autoras del v\u00eddeo ganador.<\/figcaption><\/figure>\n<p>El alumnado del <strong>CDP San Juan Bosco <\/strong>de Mor\u00f3n de la Frontera ha resultado ganador de la <strong>IV edici\u00f3n del V\u00eddeo-Concurso \u2018Programar en Igualdad\u2019<\/strong> de la Universidad Pablo de Olavide, una iniciativa de la <strong>Escuela Polit\u00e9cnica Superior<\/strong> dirigida al alumnado de los Centros de Educaci\u00f3n Secundaria de la provincia de Sevilla que cursen cualquier nivel de la Educaci\u00f3n Secundaria Obligatoria, Bachillerato y Ciclos Formativos de Grado Medio y Superior de la familia profesional de la Inform\u00e1tica y Comunicaciones.<\/p>\n<figure id=\"attachment_30869808\" aria-describedby=\"caption-attachment-30869808\" style=\"width: 360px\" class=\"wp-caption alignright\"><a href=\"https:\/\/www.upo.es\/diario\/wp-content\/uploads\/2021\/11\/ganador_programar_igualdad02.jpeg\"><img loading=\"lazy\" decoding=\"async\" class=\"size-medium wp-image-30869808\" src=\"https:\/\/www.upo.es\/diario\/wp-content\/uploads\/2021\/11\/ganador_programar_igualdad02-360x240.jpeg\" alt=\"\" width=\"360\" height=\"240\" srcset=\"https:\/\/www.upo.es\/diario\/wp-content\/uploads\/2021\/11\/ganador_programar_igualdad02-360x240.jpeg 360w, https:\/\/www.upo.es\/diario\/wp-content\/uploads\/2021\/11\/ganador_programar_igualdad02-750x500.jpeg 750w, https:\/\/www.upo.es\/diario\/wp-content\/uploads\/2021\/11\/ganador_programar_igualdad02-768x512.jpeg 768w, https:\/\/www.upo.es\/diario\/wp-content\/uploads\/2021\/11\/ganador_programar_igualdad02-1536x1023.jpeg 1536w, https:\/\/www.upo.es\/diario\/wp-content\/uploads\/2021\/11\/ganador_programar_igualdad02-165x109.jpeg 165w, https:\/\/www.upo.es\/diario\/wp-content\/uploads\/2021\/11\/ganador_programar_igualdad02-1320x879.jpeg 1320w, https:\/\/www.upo.es\/diario\/wp-content\/uploads\/2021\/11\/ganador_programar_igualdad02.jpeg 1600w\" sizes=\"auto, (max-width: 360px) 100vw, 360px\" \/><\/a><figcaption id=\"caption-attachment-30869808\" class=\"wp-caption-text\">Algunas de las creadoras del v\u00eddeo junto a su profesor, Jes\u00fas S\u00e1nchez, y el profesor de la UPO Domingo Savio Rodr\u00edguez Baena.<\/figcaption><\/figure>\n<p>El equipo de este colegio, compuesto por 20 alumnas y su profesor, Jes\u00fas S\u00e1nchez Jim\u00e9nez, ha sido galardonado por su v\u00eddeo <strong>\u2018<a href=\"https:\/\/vm.tiktok.com\/ZMecjFWcb\/\">Programamos y lo que queramos<\/a>\u2019<\/strong>, y recibir\u00e1 como premio 700 euros y un cheque Amazon de 200 euros.<\/p>\n<p>El objetivo del concurso, que como novedad en esta edici\u00f3n se ha realizado a trav\u00e9s de la <strong>red social Tik Tok<\/strong>, es promocionar, dentro del \u00e1mbito educativo y con respecto al Grado de Ingenier\u00eda Inform\u00e1tica en Sistemas de Informaci\u00f3n, la igualdad entre hombres y mujeres, y erradicar los estereotipos de g\u00e9nero que existen en las carreras profesionales a trav\u00e9s del uso de las nuevas tecnolog\u00edas. Adem\u00e1s, se pretende visibilizar el papel de las mujeres en el desarrollo y avance de las nuevas tecnolog\u00edas.<\/p>\n<p>Los otros tres v\u00eddeos que han llegado a la final son \u2018La uni\u00f3n hace la ciencia\u2019 (Colegio Santa Ana, de Sevilla); \u2018Mujeres en la tecnolog\u00eda\u2019 (Colegio Santa Ana, de Sevilla); y \u2018\u00bfQuieres saber lo que pasa cuando una mujer no se rinde?\u2019 (IES Alvareda, Dos Hermanas).<\/p>\n<p>Organizado por la <strong>Escuela Polit\u00e9cnica Superior<\/strong> de la Universidad Pablo de Olavide, financiado por la <strong>Delegaci\u00f3n del Rector para la Igualdad de G\u00e9nero<\/strong> con la gesti\u00f3n de la <strong>Oficina para la Igualdad<\/strong>, a trav\u00e9s de las ayudas destinadas a fomentar la realizaci\u00f3n de acciones para favorecer la igualdad de g\u00e9nero en los Centros de la Universidad Pablo de Olavide. Esta actividad est\u00e1 enmarcada en la acci\u00f3n del <strong>II Plan de Igualdad de la UPO<\/strong>, donde se especifica la realizaci\u00f3n de actividades precisas de sensibilizaci\u00f3n dirigidas a estudiantes con el fin de erradicar los estereotipos de g\u00e9nero que existen en las carreras profesionales.<\/p>\n<blockquote class=\"tiktok-embed\" style=\"max-width: 605px; min-width: 325px;\" cite=\"https:\/\/www.tiktok.com\/@salesianos.moron\/video\/6967227155994381574\" data-video-id=\"6967227155994381574\">\n<section><a title=\"@salesianos.moron\" href=\"https:\/\/www.tiktok.com\/@salesianos.moron\" target=\"_blank\" rel=\"noopener\">@salesianos.moron<\/a>\u00a1Programamos y lo que queramos! <a title=\"epsprogramarenigualdad2021\" href=\"https:\/\/www.tiktok.com\/tag\/epsprogramarenigualdad2021\" target=\"_blank\" rel=\"noopener\">#EPSprogramarenIgualdad2021<\/a><\/p>\n<p><a title=\"\u266c sonido original - salesianos.moron\" href=\"https:\/\/www.tiktok.com\/music\/sonido-original-6967226775281748741\" target=\"_blank\" rel=\"noopener\">\u266c sonido original &#8211; salesianos.moron<\/a><\/p>\n<\/section>\n<\/blockquote>\n<p><script async src=\"https:\/\/www.tiktok.com\/embed.js\"><\/script><\/p>\n","protected":false},"excerpt":{"rendered":"<p>El alumnado del CDP San Juan Bosco de Mor\u00f3n de la Frontera ha resultado ganador de la IV edici\u00f3n del V\u00eddeo-Concurso \u2018Programar en Igualdad\u2019 de la Universidad Pablo de Olavide, una iniciativa de la Escuela Polit\u00e9cnica Superior dirigida al alumnado de los Centros de Educaci\u00f3n Secundaria de la provincia de Sevilla que cursen cualquier nivel de la Educaci\u00f3n Secundaria Obligatoria, Bachillerato y Ciclos Formativos de Grado Medio y Superior de la familia profesional de la Inform\u00e1tica y Comunicaciones.<\/p>\n","protected":false},"author":2,"featured_media":30869807,"comment_status":"closed","ping_status":"open","sticky":false,"template":"","format":"standard","meta":{"_monsterinsights_skip_tracking":false,"_monsterinsights_sitenote_active":false,"_monsterinsights_sitenote_note":"","_monsterinsights_sitenote_category":0,"footnotes":""},"categories":[2779],"tags":[7687,59,7412,152,2479,517,2209,5555],"class_list":["post-30869806","post","type-post","status-publish","format-standard","has-post-thumbnail","hentry","category-docencia-formacion","tag-cdp-san-juan-bosco","tag-concurso","tag-delegacion-del-rector-para-la-igualdad-de-genero","tag-escuela-politecnica-superior","tag-grado-en-ingenieria-informatica-en-sistemas-de-informacion","tag-igualdad","tag-oficina-para-la-igualdad","tag-programar-en-igualdad"],"_links":{"self":[{"href":"https:\/\/www.upo.es\/diario\/wp-json\/wp\/v2\/posts\/30869806","targetHints":{"allow":["GET"]}}],"collection":[{"href":"https:\/\/www.upo.es\/diario\/wp-json\/wp\/v2\/posts"}],"about":[{"href":"https:\/\/www.upo.es\/diario\/wp-json\/wp\/v2\/types\/post"}],"author":[{"embeddable":true,"href":"https:\/\/www.upo.es\/diario\/wp-json\/wp\/v2\/users\/2"}],"replies":[{"embeddable":true,"href":"https:\/\/www.upo.es\/diario\/wp-json\/wp\/v2\/comments?post=30869806"}],"version-history":[{"count":1,"href":"https:\/\/www.upo.es\/diario\/wp-json\/wp\/v2\/posts\/30869806\/revisions"}],"predecessor-version":[{"id":30869809,"href":"https:\/\/www.upo.es\/diario\/wp-json\/wp\/v2\/posts\/30869806\/revisions\/30869809"}],"wp:featuredmedia":[{"embeddable":true,"href":"https:\/\/www.upo.es\/diario\/wp-json\/wp\/v2\/media\/30869807"}],"wp:attachment":[{"href":"https:\/\/www.upo.es\/diario\/wp-json\/wp\/v2\/media?parent=30869806"}],"wp:term":[{"taxonomy":"category","embeddable":true,"href":"https:\/\/www.upo.es\/diario\/wp-json\/wp\/v2\/categories?post=30869806"},{"taxonomy":"post_tag","embeddable":true,"href":"https:\/\/www.upo.es\/diario\/wp-json\/wp\/v2\/tags?post=30869806"}],"curies":[{"name":"wp","href":"https:\/\/api.w.org\/{rel}","templated":true}]}}