{"id":30869811,"date":"2021-11-30T12:30:46","date_gmt":"2021-11-30T11:30:46","guid":{"rendered":"https:\/\/www.upo.es\/diario\/?p=30869811"},"modified":"2021-11-30T11:40:37","modified_gmt":"2021-11-30T10:40:37","slug":"concluye-en-la-upo-el-congreso-de-politica-criminal-nuevas-tendencias-y-modernos-peligros","status":"publish","type":"post","link":"https:\/\/www.upo.es\/diario\/docencia-formacion\/2021\/11\/concluye-en-la-upo-el-congreso-de-politica-criminal-nuevas-tendencias-y-modernos-peligros\/","title":{"rendered":"Concluye en la UPO el Congreso de Pol\u00edtica Criminal \u2018Nuevas tendencias y modernos peligros\u2019"},"content":{"rendered":"<figure id=\"attachment_30869813\" aria-describedby=\"caption-attachment-30869813\" style=\"width: 750px\" class=\"wp-caption aligncenter\"><a href=\"https:\/\/www.upo.es\/diario\/wp-content\/uploads\/2021\/11\/Cong-Politica-Criminal_20211130-scaled.jpg\"><img loading=\"lazy\" decoding=\"async\" class=\"size-large wp-image-30869813\" src=\"https:\/\/www.upo.es\/diario\/wp-content\/uploads\/2021\/11\/Cong-Politica-Criminal_20211130-750x422.jpg\" alt=\" V\u00edctor M. Mac\u00edas, Viviana Caruso y Luis Greco\" width=\"750\" height=\"422\" srcset=\"https:\/\/www.upo.es\/diario\/wp-content\/uploads\/2021\/11\/Cong-Politica-Criminal_20211130-750x422.jpg 750w, https:\/\/www.upo.es\/diario\/wp-content\/uploads\/2021\/11\/Cong-Politica-Criminal_20211130-360x203.jpg 360w, https:\/\/www.upo.es\/diario\/wp-content\/uploads\/2021\/11\/Cong-Politica-Criminal_20211130-768x432.jpg 768w, https:\/\/www.upo.es\/diario\/wp-content\/uploads\/2021\/11\/Cong-Politica-Criminal_20211130-1536x864.jpg 1536w, https:\/\/www.upo.es\/diario\/wp-content\/uploads\/2021\/11\/Cong-Politica-Criminal_20211130-2048x1152.jpg 2048w\" sizes=\"auto, (max-width: 750px) 100vw, 750px\" \/><\/a><figcaption id=\"caption-attachment-30869813\" class=\"wp-caption-text\">V\u00edctor M. Mac\u00edas, Viviana Caruso y Luis Greco<\/figcaption><\/figure>\n<p>Organizado por el <a href=\"https:\/\/www.upo.es\/investiga\/cipec\/\">grupo de Investigaciones en Ciencias Penales y Criminol\u00f3gicas (CIPEC)<\/a> de la Universidad Pablo de Olavide, esta ma\u00f1ana ha finalizado en la Biblioteca\/CRAI el <a href=\"https:\/\/eventos.upo.es\/73030\/detail\/congreso-de-politica-criminal.html\">Congreso de Pol\u00edtica Criminal \u2018Nuevas tendencias y modernos peligros\u2019<\/a>; un simposio en el que han participado expertos en distintos \u00e1mbitos del Derecho penal y de la Criminolog\u00eda que han llamado la atenci\u00f3n sobre la deriva de las \u00faltimas decisiones legislativas en materia penal.<\/p>\n<p>Celebrado en torno a tres sesiones durante los d\u00edas 12, 19 y 30 de noviembre, y dirigido por los profesores de la UPO <strong>Viviana Caruso<\/strong> y <strong>V\u00edctor M. Mac\u00edas<\/strong>, el congreso ha dado a estudiantes y profesores la oportunidad de debatir sobre la <strong>incongruencia de exigir al Estado unos niveles m\u00e1ximos de seguridad sin que ello menoscabe los derechos y garant\u00edas individuales<\/strong>. Se trata de una contradicci\u00f3n en la que suele caer la sociedad y que se manifiesta en distintos \u00e1mbitos.<\/p>\n<p>En el Congreso se ha tratado, adem\u00e1s, la <strong>nueva tendencia de la pol\u00edtica criminal que se basa en la finalidad de procurar la satisfacci\u00f3n de la v\u00edctima<\/strong>. As\u00ed, al percatarse los partidos pol\u00edticos del atractivo electoralista que supone defender una posici\u00f3n en favor de las v\u00edctimas, \u00e9stas han cobrado todo el protagonismo en la nueva pol\u00edtica criminal, lo cual supone un constante reclamo de m\u00e1s y mayor castigo basado en la idea de que el Derecho penal es el instrumento id\u00f3neo para solucionar problemas sociales complejos. Precisamente el catedr\u00e1tico de Derecho penal de la Universidad Humboldt de Berl\u00edn, Luis Greco, ha intervenido en la \u00faltima sesi\u00f3n celebrada esta ma\u00f1ana con la ponencia \u2018Cr\u00edtica a la teor\u00eda de la pena orientada a las v\u00edctimas\u2019.<\/p>\n<p>El Congreso de Pol\u00edtica Criminal ha contado con el apoyo de la <strong>Facultad de Derecho<\/strong>, cuyos estudiantes han podido cuestionarse la oportunidad de las decisiones legislativas, as\u00ed como tomar conciencia de la necesidad de mantener una actitud cr\u00edtica.<\/p>\n<p>&nbsp;<\/p>\n<p>&nbsp;<\/p>\n","protected":false},"excerpt":{"rendered":"<p>El catedr\u00e1tico Luis Greco de la Universidad Humboldt de Berl\u00edn cierra un encuentro que ha analizado la direcci\u00f3n de los estados en pol\u00edtica criminal con la vista puesta en la satisfacci\u00f3n de las v\u00edctimas.<\/p>\n","protected":false},"author":6,"featured_media":30869813,"comment_status":"closed","ping_status":"open","sticky":false,"template":"","format":"standard","meta":{"_monsterinsights_skip_tracking":false,"_monsterinsights_sitenote_active":false,"_monsterinsights_sitenote_note":"","_monsterinsights_sitenote_category":0,"footnotes":""},"categories":[2779],"tags":[354,532,842,76,3264],"class_list":["post-30869811","post","type-post","status-publish","format-standard","has-post-thumbnail","hentry","category-docencia-formacion","tag-congreso","tag-criminologia","tag-derecho-penal","tag-politica","tag-victimas"],"_links":{"self":[{"href":"https:\/\/www.upo.es\/diario\/wp-json\/wp\/v2\/posts\/30869811","targetHints":{"allow":["GET"]}}],"collection":[{"href":"https:\/\/www.upo.es\/diario\/wp-json\/wp\/v2\/posts"}],"about":[{"href":"https:\/\/www.upo.es\/diario\/wp-json\/wp\/v2\/types\/post"}],"author":[{"embeddable":true,"href":"https:\/\/www.upo.es\/diario\/wp-json\/wp\/v2\/users\/6"}],"replies":[{"embeddable":true,"href":"https:\/\/www.upo.es\/diario\/wp-json\/wp\/v2\/comments?post=30869811"}],"version-history":[{"count":4,"href":"https:\/\/www.upo.es\/diario\/wp-json\/wp\/v2\/posts\/30869811\/revisions"}],"predecessor-version":[{"id":30869816,"href":"https:\/\/www.upo.es\/diario\/wp-json\/wp\/v2\/posts\/30869811\/revisions\/30869816"}],"wp:featuredmedia":[{"embeddable":true,"href":"https:\/\/www.upo.es\/diario\/wp-json\/wp\/v2\/media\/30869813"}],"wp:attachment":[{"href":"https:\/\/www.upo.es\/diario\/wp-json\/wp\/v2\/media?parent=30869811"}],"wp:term":[{"taxonomy":"category","embeddable":true,"href":"https:\/\/www.upo.es\/diario\/wp-json\/wp\/v2\/categories?post=30869811"},{"taxonomy":"post_tag","embeddable":true,"href":"https:\/\/www.upo.es\/diario\/wp-json\/wp\/v2\/tags?post=30869811"}],"curies":[{"name":"wp","href":"https:\/\/api.w.org\/{rel}","templated":true}]}}