{"id":30869817,"date":"2021-11-30T12:13:55","date_gmt":"2021-11-30T11:13:55","guid":{"rendered":"https:\/\/www.upo.es\/diario\/?p=30869817"},"modified":"2021-12-01T15:51:03","modified_gmt":"2021-12-01T14:51:03","slug":"primer-encuentro-empresas-sur-sevilla","status":"publish","type":"post","link":"https:\/\/www.upo.es\/diario\/institucional\/2021\/11\/primer-encuentro-empresas-sur-sevilla\/","title":{"rendered":"La Residencia Flora Trist\u00e1n acoge el Primer Encuentro de Empresas \u2018Al Sur de Sevilla\u2019"},"content":{"rendered":"<p><a href=\"https:\/\/www.upo.es\/diario\/wp-content\/uploads\/2021\/11\/Encuentro-empresas-poligono-sur-flora-tristan-scaled.jpg\"><img loading=\"lazy\" decoding=\"async\" class=\"aligncenter size-large wp-image-30869821\" src=\"https:\/\/www.upo.es\/diario\/wp-content\/uploads\/2021\/11\/Encuentro-empresas-poligono-sur-flora-tristan-750x500.jpg\" alt=\"\" width=\"750\" height=\"500\" srcset=\"https:\/\/www.upo.es\/diario\/wp-content\/uploads\/2021\/11\/Encuentro-empresas-poligono-sur-flora-tristan-750x500.jpg 750w, https:\/\/www.upo.es\/diario\/wp-content\/uploads\/2021\/11\/Encuentro-empresas-poligono-sur-flora-tristan-360x240.jpg 360w, https:\/\/www.upo.es\/diario\/wp-content\/uploads\/2021\/11\/Encuentro-empresas-poligono-sur-flora-tristan-768x512.jpg 768w, https:\/\/www.upo.es\/diario\/wp-content\/uploads\/2021\/11\/Encuentro-empresas-poligono-sur-flora-tristan-1536x1024.jpg 1536w\" sizes=\"auto, (max-width: 750px) 100vw, 750px\" \/><\/a>Hoy ha tenido lugar en la residencia universitaria Flora Trist\u00e1n, situada en el Pol\u00edgono Sur de Sevilla, el <strong>Primer Encuentro de Empresas \u2018Al Sur de Sevilla\u2019<\/strong>. Un evento en el que se han dado cita empresas y entidades para conocer la <strong>Red de Empleo del Pol\u00edgono Sur<\/strong> que trabaja para mejorar las condiciones de empleabilidad en zonas con especiales dificultades laborales como este distrito sevillano.<\/p>\n<p>El encuentro del tejido empresarial se ha celebrado con dos objetivos: por un lado, mostrar al tejido empresarial la Red de Empleo como recurso para dar respuestas a sus necesidades en los \u00e1mbitos de la formaci\u00f3n, pr\u00e1cticas y selecci\u00f3n de personal, as\u00ed como para la gesti\u00f3n de medidas e incentivos en torno a la Responsabilidad Social Corporativa. Por otra parte, las empresas que ya participan en esta Red contar\u00e1n a otras empresas sus experiencias con las personas que han contratado y el seguimiento personalizado que se lleva a trav\u00e9s de las entidades que trabajan en Pol\u00edgono Sur.<\/p>\n<p>La inauguraci\u00f3n ha estado a cargo del rector de la Universidad Pablo de Olavide, Francisco Oliva Bl\u00e1zquez; de la consejera de Empleo, Formaci\u00f3n y Trabajo Aut\u00f3nomo, Roc\u00edo Blanco Eguren; y del comisionado para el Pol\u00edgono Sur, Jaime Bret\u00f3n Besnier. La jornada ha contado con la colaboraci\u00f3n de la Universidad Pablo de Olavide y las empresas Abrecaminos, Supermercados El Jam\u00f3n, Calzados Benavente y LB Plan Eventos.<\/p>\n<blockquote><p>\u00abNo concebimos el progreso en solitario, no entendemos el avance si no es en comunidad, si no es con el objetivo de crecer juntos, integrando a todos y a todas en el impulso que necesita la sociedad\u00bb<\/p><\/blockquote>\n<h5>Francisco Oliva<\/h5>\n<p>El rector de la Universidad Pablo de Olavide, <strong>Francisco Oliva<\/strong> ha puesto en valor el empleo como herramienta clave para la verdadera inclusi\u00f3n y ha destacado la importancia del trabajo en red para la mejora social. \u201cEn nuestra instituci\u00f3n no concebimos el progreso en solitario, no entendemos el avance si no es en comunidad, si no es con el objetivo de crecer juntos, integrando a todos y a todas en el impulso que necesita la sociedad. As\u00ed lo trasladamos en la formaci\u00f3n a nuestros y nuestras j\u00f3venes y as\u00ed lo intentamos proyectar en cada una de las iniciativas que desarrollamos y ponemos en marcha desde nuestra instituci\u00f3n\u201d, ha se\u00f1alado. Oliva ha recordado la importancia de escuchar las propuestas de quienes conocen de cerca las realidades y de seguir aunando esfuerzos para dar impulso a un barrio con mucho que aportar.<\/p>\n<p>Por su parte, la consejera de Empleo, Formaci\u00f3n y Trabajo Aut\u00f3nomo, <strong>Roc\u00edo Blanco<\/strong>, ha advertido durante su intervenci\u00f3n que la pandemia ha provocado un riesgo a\u00f1adido para aquellas zonas urbanas que est\u00e1n en riesgo de exclusi\u00f3n, ya que se puede agravar la brecha que les separa y quedar fuera de la recuperaci\u00f3n. En este sentido, la consejera ha recordado que la Red Andaluza de la Lucha contra la Pobreza y la Exclusi\u00f3n Social ha se\u00f1alado que un 35,1% de la poblaci\u00f3n andaluza est\u00e1 en riesgo de pobreza y exclusi\u00f3n social, situaci\u00f3n que puede verse agravada con la subida de la cesta de la compra en un 15%y de la factura de la luz un 44%, que repercute sobre todo en las rentas m\u00e1s bajas. Ante este escenario, ha apostado por olvidar \u00abcolores pol\u00edticos\u00bb y respaldar desde todas las administraciones el plan Integral del Pol\u00edgono Sur, y ha a\u00f1adido que desde su Consejer\u00eda se seguir\u00e1 primando el desarrollo de pol\u00edticas activas de empleo en el barrio.<\/p>\n<p>Para concluir, el comisionado Jaime Bret\u00f3n ha agradecido a la consejera su implicaci\u00f3n con el Pol\u00edgono Sur,\u00a0 a trav\u00e9s\u00a0 de las pol\u00edticas de empleo que se han llevado a cabo en\u00a0 nuestros barrios, para nosotros es muy importante la implicaci\u00f3n y el binomio Administraci\u00f3n-Tercer Sector, nuestra Red de empleo es un verdadero ejemplo de trabajo entre administraciones y empresas, con una finalidad com\u00fan,\u00a0 emplear al mayor n\u00famero\u00a0 de personas usuarios de esta Red a trav\u00e9s de un acompa\u00f1amiento complementario de itinerarios laborales. La mejor pol\u00edtica social que podemos hacer es la creaci\u00f3n de empleo y para eso es fundamental ayudar al tercer sector que ha sufrido mucho en estos meses de pandemia. Sin duda tenemos que seguir trabajando en todo lo que cada uno pueda aportar para mejorar la Red de Empleo y la colaboraci\u00f3n para que en nuestros barrios la empleabilidad sea una realidad y no una excepcionalidad.<\/p>\n<h3><strong>Sobre la Red de Empleo del Pol\u00edgono Sur<\/strong><\/h3>\n<p>El Pol\u00edgono Sur es una de las zonas m\u00e1s desfavorecidas de Espa\u00f1a, con una poblaci\u00f3n cercana a los 35.000 habitantes fluctuantes, tiene unos par\u00e1metros muy significativos de fracaso escolar, m\u00e1s alto que la media de Andaluc\u00eda, de desempleo y de inserci\u00f3n laboral, muy complicada desde el punto de vista del mercado. De nuevo, el Pol\u00edgono Sur repite como barrio con menor renta neta media anual por habitante de toda Espa\u00f1a, con 5.112 euros por persona, seguido de Los Pajaritos y Amate con 5.516 euros por habitante.<\/p>\n<p>La\u00a0 Red de Empleo del Pol\u00edgono Sur formada por\u00a0 la Junta de Andaluc\u00eda, el Ayuntamiento de Sevilla, CEPER Pol\u00edgono Sur, Asociaci\u00f3n Entreamigos, Federaci\u00f3n Surge, Asociaci\u00f3n Realidades, Liga Espa\u00f1ola de la Educaci\u00f3n y la cultura popular, Asociaci\u00f3n Familiar La Oliva, Asociaci\u00f3n Aret\u00e9, Fundaci\u00f3n Atenea, Fundaci\u00f3n CEPAIM, C\u00e1ritas, Cruz Roja Espa\u00f1ola, Fundaci\u00f3n Don Bosco, Fundaci\u00f3n Tomillo, Banco de Alimentos de Sevilla, F. Secretariado gitano, Asociaci\u00f3n Cima, Radio ECCA ,Autismo Sevilla, Fakali-Almuradi, Akherdi i tromipen, C\u00e1mara de Comercio de Sevilla, Confederaci\u00f3n de empresarios de Sevilla, Residencia Universitaria Flora Trist\u00e1n.<\/p>\n<p>&nbsp;<\/p>\n","protected":false},"excerpt":{"rendered":"<p>El encuentro del tejido empresarial se ha celebrado con dos objetivos: por un lado, mostrar al tejido empresarial la Red de Empleo como recurso para dar respuestas a sus necesidades en los \u00e1mbitos de la formaci\u00f3n, pr\u00e1cticas y selecci\u00f3n de personal. Por otra parte, las empresas que ya participan en esta Red contar\u00e1n a otras empresas sus experiencias con las personas que han contratado.<\/p>\n","protected":false},"author":6,"featured_media":30869821,"comment_status":"closed","ping_status":"open","sticky":false,"template":"","format":"standard","meta":{"_monsterinsights_skip_tracking":false,"_monsterinsights_sitenote_active":false,"_monsterinsights_sitenote_note":"","_monsterinsights_sitenote_category":0,"footnotes":""},"categories":[6],"tags":[3473,438,1059,821,4021,203,357,38,1064],"class_list":["post-30869817","post","type-post","status-publish","format-standard","has-post-thumbnail","hentry","category-institucional","tag-ayuntamiento","tag-empleo","tag-empresas","tag-encuentro","tag-francisco-oliva-blazquez","tag-junta-de-andalucia","tag-poligono-sur","tag-rector","tag-residencia-flora-tristan"],"_links":{"self":[{"href":"https:\/\/www.upo.es\/diario\/wp-json\/wp\/v2\/posts\/30869817","targetHints":{"allow":["GET"]}}],"collection":[{"href":"https:\/\/www.upo.es\/diario\/wp-json\/wp\/v2\/posts"}],"about":[{"href":"https:\/\/www.upo.es\/diario\/wp-json\/wp\/v2\/types\/post"}],"author":[{"embeddable":true,"href":"https:\/\/www.upo.es\/diario\/wp-json\/wp\/v2\/users\/6"}],"replies":[{"embeddable":true,"href":"https:\/\/www.upo.es\/diario\/wp-json\/wp\/v2\/comments?post=30869817"}],"version-history":[{"count":4,"href":"https:\/\/www.upo.es\/diario\/wp-json\/wp\/v2\/posts\/30869817\/revisions"}],"predecessor-version":[{"id":30869823,"href":"https:\/\/www.upo.es\/diario\/wp-json\/wp\/v2\/posts\/30869817\/revisions\/30869823"}],"wp:featuredmedia":[{"embeddable":true,"href":"https:\/\/www.upo.es\/diario\/wp-json\/wp\/v2\/media\/30869821"}],"wp:attachment":[{"href":"https:\/\/www.upo.es\/diario\/wp-json\/wp\/v2\/media?parent=30869817"}],"wp:term":[{"taxonomy":"category","embeddable":true,"href":"https:\/\/www.upo.es\/diario\/wp-json\/wp\/v2\/categories?post=30869817"},{"taxonomy":"post_tag","embeddable":true,"href":"https:\/\/www.upo.es\/diario\/wp-json\/wp\/v2\/tags?post=30869817"}],"curies":[{"name":"wp","href":"https:\/\/api.w.org\/{rel}","templated":true}]}}